{"id":50514,"date":"2023-09-25T07:40:35","date_gmt":"2023-09-25T07:40:35","guid":{"rendered":"https:\/\/www.africanchallenges.com\/?p=50514"},"modified":"2023-09-25T08:17:01","modified_gmt":"2023-09-25T08:17:01","slug":"tunisie-lambassade-darabie-saoudite-en-tunisie-celebre-le-93eme-anniversaire-de-lunification-du-royaume","status":"publish","type":"post","link":"https:\/\/www.africanchallenges.com\/?p=50514","title":{"rendered":"Tunisie : L&rsquo;Ambassade d&rsquo;Arabie Saoudite en Tunisie c\u00e9l\u00e8bre le 93\u00e8me anniversaire de l&rsquo;Unification du Royaume"},"content":{"rendered":"\n<p class=\"wp-block-paragraph\">Le 23 septembre de chaque ann\u00e9e, le Royaume d&rsquo;Arabie saoudite c\u00e9l\u00e8bre la F\u00eate nationale du pays, pour comm\u00e9morer l&rsquo;unification du royaume par le roi Abdulaziz Al Saud en 1932.<\/p>\n\n\n\n<p class=\"wp-block-paragraph\">A cette occasion, l&rsquo;ambassade d&rsquo;Arabie Saoudite en Tunisie a tenu une c\u00e9r\u00e9monie \u00e0 la r\u00e9sidence de Son Excellence&nbsp;M. Abdelaziz Skhren en pr\u00e9sence du ministre de la d\u00e9fense nationale, Imed M\u00e9miche, le ministre de l\u2019int\u00e9rieur, Kamel Fekih, le ministre des affaires religieuse et le secr\u00e9taire d\u2019Etat des affaires Etrang\u00e8res Mounir Rjiba, le mufti et des chefs des missions \u00e9trang\u00e8res et amis de l\u2019Arabie saoudite.<\/p>\n\n\n\n<p class=\"wp-block-paragraph\">Dans son discours, l&rsquo;ambassadeur a soulign\u00e9 que le Royaume d&rsquo;Arabie Saoudite a atteint une \u00e8re moderne de d\u00e9veloppement, de culture et de tourisme gr\u00e2ce aux initiatives et aux changements dont le pays est actuellement t\u00e9moin, dans le cadre de l&rsquo;ambitieuse \u00ab Vision 2030 \u00bb qui a \u00e9t\u00e9 lanc\u00e9e. par Son Altesse Royale le prince h\u00e9ritier Mohammed bin Salman bin Abdulaziz Al Saud, Premier ministre, en 2016, et&nbsp; b\u00e9ni par le Serviteur des deux saintes mosqu\u00e9es, le roi Salman bin Abdulaziz Al Saud, afin qu&rsquo;il devienne une feuille de route soulignant le tournant du Royaume. ses atouts, son emplacement strat\u00e9gique, sa force d&rsquo;investissement et sa position dans le monde arabe et islamique.<\/p>\n\n\n\n<figure class=\"wp-block-embed is-type-video is-provider-youtube wp-block-embed-youtube wp-embed-aspect-4-3 wp-has-aspect-ratio\"><div class=\"wp-block-embed__wrapper\">\n<div class=\"jeg_video_container jeg_video_content\"><iframe title=\"Discours Son Excellence , AbdelAziz Sakr, Ambassadeur de l&#039;Arabie Saoudite en Tunisie\" width=\"500\" height=\"375\" src=\"https:\/\/www.youtube.com\/embed\/QWecciOn8uQ?feature=oembed\" frameborder=\"0\" allow=\"accelerometer; autoplay; clipboard-write; encrypted-media; gyroscope; picture-in-picture; web-share\" referrerpolicy=\"strict-origin-when-cross-origin\" allowfullscreen><\/iframe><\/div>\n<\/div><\/figure>\n\n\n\n<p class=\"wp-block-paragraph\">Le diplomate saoudien a salu\u00e9 les relations entre les deux pays, passant en revue les r\u00e9cents partenariats \u00e9conomiques, notamment la signature d&rsquo;un accord de pr\u00eat \u00e0 des conditions pr\u00e9f\u00e9rentielles d&rsquo;une valeur de 400 millions de dollars et un don pouvant atteindre 100 millions de dollars entre la Tunisie et l&rsquo;Arabie saoudite, visant \u00e0 soutenir l&rsquo;\u00e9conomie tunisienne. et sign\u00e9 par le ministre tunisien des Finances&nbsp;&nbsp;Sihem Nemsia et son homologue saoudien Mohammed Al-Jadaan pour soutenir le budget de l&rsquo;\u00c9tat ainsi qu&rsquo;un programme sp\u00e9cifique de logements sociaux cofinanc\u00e9 par le Fonds&nbsp;&nbsp;de d\u00e9veloppement saoudien.<\/p>\n\n\n\n<p class=\"wp-block-paragraph\">L&rsquo;ambassadeur d&rsquo;Arabie Saoudite a souhait\u00e9 plein succ\u00e8s \u00e0 la Tunisie et \u00e0 ses gouverneurs.<\/p>\n\n\n\n<p class=\"wp-block-paragraph\">Pour sa part,&nbsp; le ministre de la D\u00e9fense nationale a exprim\u00e9 sa joie d&rsquo;\u00eatre pr\u00e9sent au 93e anniversaire de l&rsquo;unification du Royaume d&rsquo;Arabie saoudite et a adress\u00e9 les f\u00e9licitations au nom du pr\u00e9sident de la r\u00e9publique ,Kais Saied au Roi Salmane ben Abdelaziz Al Saoud et son prince h\u00e9ritier, Mohammed ben Salmane ainsi que le peuple saoudien.<\/p>\n\n\n\n<p class=\"wp-block-paragraph\">M\u00e9miche a mis l&rsquo;accent sur les relations fraternelles, fond\u00e9es sur des principes communs et &nbsp;a valoris\u00e9 la coop\u00e9ration solide et \u00e9quilibr\u00e9e dans de nombreux domaines<\/p>\n\n\n\n<p class=\"wp-block-paragraph\">il a exprim\u00e9 le respect de la Tunisie pour le soutien de l&rsquo;Arabie Saoudite. Le ministre de la d\u00e9fense a indiqu\u00e9 que \u00a0la Tunisie entend renforcer cette coop\u00e9ration .<\/p>\n\n\n\n<p class=\"wp-block-paragraph\">Le ministre tunisien a valoris\u00e9  les succ\u00e8s du d\u00e9veloppement en Arabie Saoudite sous le r\u00e9gime du roi .<\/p>\n\n\n\n<p class=\"wp-block-paragraph\">Enfin, M\u00e9miche a souhait\u00e9 paix, r\u00e9ussite et d\u00e9veloppement au Royaume sous le r\u00e8gne du roi Salmane ben Abdelaziz Al Saoud<\/p>\n\n\n\n<figure class=\"wp-block-embed is-type-video is-provider-youtube wp-block-embed-youtube wp-embed-aspect-4-3 wp-has-aspect-ratio\"><div class=\"wp-block-embed__wrapper\">\n<div class=\"jeg_video_container jeg_video_content\"><iframe title=\"Allocution du ministre de la d\u00e9fense nationale , Imed M\u00e9miche\" width=\"500\" height=\"375\" src=\"https:\/\/www.youtube.com\/embed\/c3b7bLhBI3k?feature=oembed\" frameborder=\"0\" allow=\"accelerometer; autoplay; clipboard-write; encrypted-media; gyroscope; picture-in-picture; web-share\" referrerpolicy=\"strict-origin-when-cross-origin\" allowfullscreen><\/iframe><\/div>\n<\/div><\/figure>\n","protected":false},"excerpt":{"rendered":"<p>Le 23 septembre de chaque ann\u00e9e, le Royaume d&rsquo;Arabie saoudite c\u00e9l\u00e8bre la F\u00eate nationale du pays, pour comm\u00e9morer l&rsquo;unification du royaume par le roi Abdulaziz Al Saud en 1932. A cette occasion, l&rsquo;ambassade d&rsquo;Arabie Saoudite en Tunisie a tenu une c\u00e9r\u00e9monie \u00e0 la r\u00e9sidence de Son Excellence&nbsp;M. Abdelaziz Skhren en pr\u00e9sence du ministre de la [&hellip;]<\/p>\n","protected":false},"author":3,"featured_media":50516,"comment_status":"open","ping_status":"closed","sticky":false,"template":"","format":"standard","meta":{"content-type":"","jnews-multi-image_gallery":[],"jnews_single_post":{"subtitle":"","format":"standard","video":"","gallery":"","source_name":"","source_url":"","via_name":"","via_url":"","override_template":"0","override":[{"template":"1","single_blog_custom":"","parallax":"1","fullscreen":"1","layout":"right-sidebar","sidebar":"default-sidebar","second_sidebar":"default-sidebar","sticky_sidebar":"1","share_position":"top","share_float_style":"share-monocrhome","show_share_counter":"1","show_view_counter":"1","show_featured":"1","show_post_meta":"1","show_post_author":"1","show_post_author_image":"1","show_post_date":"1","post_date_format":"default","post_date_format_custom":"Y\/m\/d","show_post_category":"1","show_post_reading_time":"0","post_reading_time_wpm":"300","show_zoom_button":"0","zoom_button_out_step":"2","zoom_button_in_step":"3","show_post_tag":"1","show_prev_next_post":"1","show_popup_post":"1","number_popup_post":"1","show_author_box":"0","show_post_related":"0","show_inline_post_related":"0"}],"override_image_size":"0","image_override":[{"single_post_thumbnail_size":"crop-500","single_post_gallery_size":"crop-500"}],"trending_post":"0","trending_post_position":"meta","trending_post_label":"Trending","sponsored_post":"0","sponsored_post_label":"Sponsored by","sponsored_post_name":"","sponsored_post_url":"","sponsored_post_logo_enable":"0","sponsored_post_logo":"","sponsored_post_desc":"","disable_ad":"0"},"jnews_primary_category":{"id":"","hide":""},"jnews_override_bookmark_settings":[],"jnews_review":[],"enable_review":"","type":"","name":"","summary":"","brand":"","sku":"","good":[],"bad":[],"score_override":"","override_value":"","rating":[],"price":[],"jnews_post_split":[],"footnotes":""},"categories":[2],"tags":[10857,6202],"class_list":["post-50514","post","type-post","status-publish","format-standard","has-post-thumbnail","hentry","category-news-politique","tag-lambassade-darabie-saoudite","tag-unification"],"_links":{"self":[{"href":"https:\/\/www.africanchallenges.com\/index.php?rest_route=\/wp\/v2\/posts\/50514","targetHints":{"allow":["GET"]}}],"collection":[{"href":"https:\/\/www.africanchallenges.com\/index.php?rest_route=\/wp\/v2\/posts"}],"about":[{"href":"https:\/\/www.africanchallenges.com\/index.php?rest_route=\/wp\/v2\/types\/post"}],"author":[{"embeddable":true,"href":"https:\/\/www.africanchallenges.com\/index.php?rest_route=\/wp\/v2\/users\/3"}],"replies":[{"embeddable":true,"href":"https:\/\/www.africanchallenges.com\/index.php?rest_route=%2Fwp%2Fv2%2Fcomments&post=50514"}],"version-history":[{"count":5,"href":"https:\/\/www.africanchallenges.com\/index.php?rest_route=\/wp\/v2\/posts\/50514\/revisions"}],"predecessor-version":[{"id":50523,"href":"https:\/\/www.africanchallenges.com\/index.php?rest_route=\/wp\/v2\/posts\/50514\/revisions\/50523"}],"wp:featuredmedia":[{"embeddable":true,"href":"https:\/\/www.africanchallenges.com\/index.php?rest_route=\/wp\/v2\/media\/50516"}],"wp:attachment":[{"href":"https:\/\/www.africanchallenges.com\/index.php?rest_route=%2Fwp%2Fv2%2Fmedia&parent=50514"}],"wp:term":[{"taxonomy":"category","embeddable":true,"href":"https:\/\/www.africanchallenges.com\/index.php?rest_route=%2Fwp%2Fv2%2Fcategories&post=50514"},{"taxonomy":"post_tag","embeddable":true,"href":"https:\/\/www.africanchallenges.com\/index.php?rest_route=%2Fwp%2Fv2%2Ftags&post=50514"}],"curies":[{"name":"wp","href":"https:\/\/api.w.org\/{rel}","templated":true}]}}