{"id":50293,"date":"2023-09-12T20:17:56","date_gmt":"2023-09-12T20:17:56","guid":{"rendered":"https:\/\/www.africanchallenges.com\/?p=50293"},"modified":"2023-09-12T20:21:26","modified_gmt":"2023-09-12T20:21:26","slug":"tunisie-le-senegal-et-la-jordanie-pays-phares-de-ledition-de-jcc-2023","status":"publish","type":"post","link":"https:\/\/www.africanchallenges.com\/?p=50293","title":{"rendered":"Tunisie : Le S\u00c9N\u00c9GAL et la JORDANIE, Pays-Phares de l&rsquo;Edition de JCC 2023"},"content":{"rendered":"\n<p class=\"wp-block-paragraph\">La 34e \u00e9dition des journ\u00e9es cin\u00e9matographiques de Carthage qui se d\u00e9roulera du 28 octobre au 4 novembre 2023 avec ses comp\u00e9titions officielles r\u00e9serv\u00e9es comme toujours aux nouveaux films de cr\u00e9ation artistique des pays africains et arabes, va mettre \u00e0 l\u2019honneur cette ann\u00e9e deux de ces pays : D\u2019un c\u00f4t\u00e9 le S\u00e9n\u00e9gal, pays invit\u00e9 de la session, et dont le cin\u00e9ma a \u00e9t\u00e9 d\u00e8s l\u2019origine, un fid\u00e8le compagnon du parcours historique des JCC , depuis le premier \u201cTanit d\u2019or\u201d du festival remport\u00e9 en 1966 par Ousmane Sembene pour \u201cLa Noire de..\u201d.<\/p>\n\n\n\n<p class=\"wp-block-paragraph\">De l\u2019autre cot\u00e9, la Jordanie, \u00e0 laquelle est consacr\u00e9 le \u201cFocus 2023\u201d, coups de projecteur sur cette jeune cin\u00e9matographie arabe qui s\u2019affirme par la qualit\u00e9 de ses films et par la nouvelle dynamique mise en place pour son soutien au cin\u00e9ma,<\/p>\n\n\n\n<p class=\"wp-block-paragraph\">Il est pr\u00e9vu que la mise \u00e0 l\u2019honneur de ces deux cin\u00e9matographies, qui sera l\u2019occasion de la venue<\/p>\n\n\n\n<p class=\"wp-block-paragraph\">d\u2019importantes d\u00e9l\u00e9gations, s\u2019accompagne d\u2019Hommages \u00e0 de grandes figures, dans un programme, ou, aux cot\u00e9s des\u00a0 projections de films, seront pr\u00e9sents des \u00e9v\u00e9nements li\u00e9s \u00e0 d\u2019autres expressions culturelles de ces deux pays.<\/p>\n","protected":false},"excerpt":{"rendered":"<p>La 34e \u00e9dition des journ\u00e9es cin\u00e9matographiques de Carthage qui se d\u00e9roulera du 28 octobre au 4 novembre 2023 avec ses comp\u00e9titions officielles r\u00e9serv\u00e9es comme toujours aux nouveaux films de cr\u00e9ation artistique des pays africains et arabes, va mettre \u00e0 l\u2019honneur cette ann\u00e9e deux de ces pays : D\u2019un c\u00f4t\u00e9 le S\u00e9n\u00e9gal, pays invit\u00e9 de la [&hellip;]<\/p>\n","protected":false},"author":4,"featured_media":50295,"comment_status":"open","ping_status":"closed","sticky":false,"template":"","format":"standard","meta":{"content-type":"","jnews-multi-image_gallery":[],"jnews_single_post":{"subtitle":"","format":"standard","video":"","gallery":"","source_name":"","source_url":"","via_name":"","via_url":"","override_template":"0","override":[{"template":"1","single_blog_custom":"","parallax":"1","fullscreen":"1","layout":"right-sidebar","sidebar":"default-sidebar","second_sidebar":"default-sidebar","sticky_sidebar":"1","share_position":"top","share_float_style":"share-monocrhome","show_share_counter":"1","show_view_counter":"1","show_featured":"1","show_post_meta":"1","show_post_author":"1","show_post_author_image":"1","show_post_date":"1","post_date_format":"default","post_date_format_custom":"Y\/m\/d","show_post_category":"1","show_post_reading_time":"0","post_reading_time_wpm":"300","show_zoom_button":"0","zoom_button_out_step":"2","zoom_button_in_step":"3","show_post_tag":"1","show_prev_next_post":"1","show_popup_post":"1","number_popup_post":"1","show_author_box":"0","show_post_related":"0","show_inline_post_related":"0"}],"override_image_size":"0","image_override":[{"single_post_thumbnail_size":"crop-500","single_post_gallery_size":"crop-500"}],"trending_post":"0","trending_post_position":"meta","trending_post_label":"Trending","sponsored_post":"0","sponsored_post_label":"Sponsored by","sponsored_post_name":"","sponsored_post_url":"","sponsored_post_logo_enable":"0","sponsored_post_logo":"","sponsored_post_desc":"","disable_ad":"0"},"jnews_primary_category":{"id":"","hide":""},"jnews_override_bookmark_settings":[],"jnews_review":[],"enable_review":"","type":"","name":"","summary":"","brand":"","sku":"","good":[],"bad":[],"score_override":"","override_value":"","rating":[],"price":[],"jnews_post_split":[],"footnotes":""},"categories":[17],"tags":[10807,10645,1655],"class_list":["post-50293","post","type-post","status-publish","format-standard","has-post-thumbnail","hentry","category-entertainment","tag-jcc-2023","tag-jordanie","tag-senegal"],"_links":{"self":[{"href":"https:\/\/www.africanchallenges.com\/index.php?rest_route=\/wp\/v2\/posts\/50293","targetHints":{"allow":["GET"]}}],"collection":[{"href":"https:\/\/www.africanchallenges.com\/index.php?rest_route=\/wp\/v2\/posts"}],"about":[{"href":"https:\/\/www.africanchallenges.com\/index.php?rest_route=\/wp\/v2\/types\/post"}],"author":[{"embeddable":true,"href":"https:\/\/www.africanchallenges.com\/index.php?rest_route=\/wp\/v2\/users\/4"}],"replies":[{"embeddable":true,"href":"https:\/\/www.africanchallenges.com\/index.php?rest_route=%2Fwp%2Fv2%2Fcomments&post=50293"}],"version-history":[{"count":2,"href":"https:\/\/www.africanchallenges.com\/index.php?rest_route=\/wp\/v2\/posts\/50293\/revisions"}],"predecessor-version":[{"id":50296,"href":"https:\/\/www.africanchallenges.com\/index.php?rest_route=\/wp\/v2\/posts\/50293\/revisions\/50296"}],"wp:featuredmedia":[{"embeddable":true,"href":"https:\/\/www.africanchallenges.com\/index.php?rest_route=\/wp\/v2\/media\/50295"}],"wp:attachment":[{"href":"https:\/\/www.africanchallenges.com\/index.php?rest_route=%2Fwp%2Fv2%2Fmedia&parent=50293"}],"wp:term":[{"taxonomy":"category","embeddable":true,"href":"https:\/\/www.africanchallenges.com\/index.php?rest_route=%2Fwp%2Fv2%2Fcategories&post=50293"},{"taxonomy":"post_tag","embeddable":true,"href":"https:\/\/www.africanchallenges.com\/index.php?rest_route=%2Fwp%2Fv2%2Ftags&post=50293"}],"curies":[{"name":"wp","href":"https:\/\/api.w.org\/{rel}","templated":true}]}}