{"id":50279,"date":"2023-09-12T15:31:17","date_gmt":"2023-09-12T15:31:17","guid":{"rendered":"https:\/\/www.africanchallenges.com\/?p=50279"},"modified":"2023-09-12T16:02:08","modified_gmt":"2023-09-12T16:02:08","slug":"sommet-sur-le-climat-les-emirats-arabes-unis-promettent-dinvestir-dans-les-energies-propres-en-afrique","status":"publish","type":"post","link":"https:\/\/www.africanchallenges.com\/?p=50279","title":{"rendered":"Sommet sur le climat : Les Emirats Arabes Unis promettent d&rsquo;investir dans les \u00e9nergies propres en Afrique"},"content":{"rendered":"\n<p class=\"wp-block-paragraph\">Le Pr\u00e9sident d\u00e9sign\u00e9 de la COP28, S. E. Dr. Sultan Al Jaber, a annonc\u00e9 le 5 septembre 2023, une initiative de financement des EAU qui fournira 4,5 milliards de dollars US pour aider \u00e0 lib\u00e9rer le potentiel \u00e9nerg\u00e9tique propre de l&rsquo;Afrique. L&rsquo;annonce a \u00e9t\u00e9 faite lors d&rsquo;une allocution liminaire au Sommet africain sur le climat inaugural \u00e0 Nairobi, au Kenya.<\/p>\n\n\n\n<p class=\"wp-block-paragraph\">Cette initiative phare rassemble des capitaux publics, priv\u00e9s et de d\u00e9veloppement d&rsquo;institutions des \u00c9mirats arabes unis, notamment l&rsquo;Abu Dhabi Fund for Development (ADFD), Etihad Credit Insurance (ECI), Masdar et AMEA Power. Africa50, plate-forme d&rsquo;investissement \u00e9tablie par les gouvernements africains et la Banque africaine de d\u00e9veloppement (BAD), s&rsquo;est \u00e9galement jointe \u00e0 l&rsquo;initiative de financement des EAU. Africa50 a \u00e9t\u00e9 fond\u00e9e pour aider \u00e0 r\u00e9soudre les probl\u00e8mes cruciaux d\u2019infrastructure du continent et aidera \u00e0 identifier les premiers projets et \u00e0 \u00e9tablir des liens avec les organismes locaux de mise en \u0153uvre.<\/p>\n\n\n\n<p class=\"wp-block-paragraph\">Le Pr\u00e9sident d\u00e9sign\u00e9 de la COP28 a appel\u00e9 \u00e0 plusieurs reprises \u00e0 tripler la part des \u00e9nergies renouvelables dans le monde d&rsquo;ici 2030 et a insist\u00e9 pour que les financements soient plus disponibles, plus accessibles et plus abordables.<\/p>\n\n\n\n<p class=\"wp-block-paragraph\">L&rsquo;annonce a clairement appel\u00e9 les dirigeants africains \u00e0 agir pour am\u00e9liorer les cadres politiques et r\u00e9glementaires afin d&rsquo;attirer les investissements \u00e0 long terme n\u00e9cessaires pour acc\u00e9l\u00e9rer le d\u00e9ploiement des \u00e9nergies propres et renouvelables.<\/p>\n\n\n\n<p class=\"wp-block-paragraph\">Afin de r\u00e9duire les obstacles \u00e0 l&rsquo;investissement, le Pr\u00e9sident d\u00e9sign\u00e9 a mis en lumi\u00e8re de nombreux points d&rsquo;action qui exigent des efforts coordonn\u00e9s de la part des dirigeants africains et de la communaut\u00e9 internationale.<\/p>\n\n\n\n<p class=\"wp-block-paragraph\">Il s &lsquo; agit notamment de r\u00e9tablir la viabilit\u00e9 financi\u00e8re des services publics locaux et de moderniser les infrastructures \u00e9nerg\u00e9tiques de base, de clarifier les processus de d\u00e9veloppement et d &lsquo; \u00e9liminer les lourdeurs administratives qui retardent les d\u00e9lais d &lsquo; ex\u00e9cution du march\u00e9, de supprimer les restrictions aux flux de capitaux et d &lsquo; avoir acc\u00e8s \u00e0 des mesures d &lsquo; att\u00e9nuation des risques ad\u00e9quates et abordables.<\/p>\n\n\n\n<p class=\"wp-block-paragraph\"> Au cours de son allocution, le Pr\u00e9sident d\u00e9sign\u00e9 de la COP a d\u00e9clar\u00e9: \u00abCette initiative s\u2019appuie sur le bilan des \u00c9mirats arabes unis en mati\u00e8re de solutions de financement mixte innovantes et commerciales qui peuvent \u00eatre d\u00e9ploy\u00e9es pour promouvoir l\u2019adoption de l\u2019\u00e9nergie propre dans les pays \u00e9mergents et en d\u00e9veloppement. Cette approche de partenariat multipartite vise \u00e0 acc\u00e9l\u00e9rer le progr\u00e8s \u00e9conomique durable, \u00e0 relever le d\u00e9fi du changement climatique et \u00e0 stimuler une croissance \u00e0 faible intensit\u00e9 de carbone. \u00bb<\/p>\n\n\n\n<p class=\"wp-block-paragraph\">Il a ajout\u00e9: \u00abL&rsquo;initiative donnera la priorit\u00e9 aux investissements dans les pays d&rsquo;Afrique, avec des strat\u00e9gies de transition claires, des cadres r\u00e9glementaires renforc\u00e9s et un plan directeur pour d\u00e9velopper une infrastructure de r\u00e9seau qui int\u00e8gre l&rsquo;offre et la demande. Bref, cette initiative est con\u00e7ue pour travailler avec l&rsquo;Afrique, pour l&rsquo;Afrique. Il vise \u00e0 d\u00e9montrer clairement le bien-fond\u00e9 commercial de l&rsquo;investissement propre sur tout le continent. Et il agira comme un mod\u00e8le \u00e9volutif qui pourra \u00eatre reproduit pour aider l\u2019Afrique \u00e0 s\u2019engager sur la voie d\u2019une croissance \u00e0 faible intensit\u00e9 de carbone. \u00bb<\/p>\n\n\n\n<p class=\"wp-block-paragraph\">Acc\u00e9l\u00e9rer la transition \u00e9nerg\u00e9tique, r\u00e9gler le financement climatique, mettre l\u2019accent sur les personnes, les vies et les moyens de subsistance, et mettre l\u2019accent sur ces efforts de mani\u00e8re inclusive sont les piliers cl\u00e9s du programme d\u2019action de la pr\u00e9sidence de la COP28.<\/p>\n\n\n\n<p class=\"wp-block-paragraph\">Rien qu&rsquo;en Afrique subsaharienne, 600 millions de personnes n&rsquo;ont pas acc\u00e8s \u00e0 l&rsquo;\u00e9lectricit\u00e9. L&rsquo;am\u00e9lioration de l&rsquo;acc\u00e8s \u00e0 l&rsquo;\u00e9nergie propre stimulera le d\u00e9veloppement social et \u00e9conomique, mais les investissements dans les \u00e9nergies renouvelables en Afrique ne repr\u00e9sentent actuellement que 2 % du total mondial, et moins d&rsquo;un quart des 60 milliards de dollars am\u00e9ricains dont le continent a besoin d&rsquo;ici 2030.<\/p>\n\n\n\n<p class=\"wp-block-paragraph\">L&rsquo;initiative annonc\u00e9e aujourd&rsquo;hui vise \u00e0 corriger ce d\u00e9s\u00e9quilibre en rassemblant les principales parties prenantes pour acc\u00e9l\u00e9rer le d\u00e9veloppement et la fourniture de solutions d&rsquo;infrastructure, de production et de distribution afin de combler le foss\u00e9 qui s\u00e9pare l&rsquo;acc\u00e8s universel \u00e0 une \u00e9nergie propre<\/p>\n\n\n\n<p class=\"wp-block-paragraph\">L&rsquo;initiative sera plac\u00e9e sous l&rsquo;\u00e9gide d&rsquo;Etihad 7, une plateforme de d\u00e9veloppement lanc\u00e9e par les \u00c9mirats arabes unis lors de la Semaine du d\u00e9veloppement durable d&rsquo;Abu Dhabi en 2022, et soutenue par le minist\u00e8re des Affaires \u00e9trang\u00e8res (MoFA). Annonc\u00e9 en 2022, Etihad 7 vise \u00e0 fournir de l&rsquo;\u00e9lectricit\u00e9 propre \u00e0 100 millions de personnes \u00e0 travers le continent africain d&rsquo;ici 2035.<\/p>\n\n\n\n<p class=\"wp-block-paragraph\">Le Fonds d&rsquo;Abu Dhabi pour le D\u00e9veloppement (ADFD) et Etihad Credit Insurance (ECI) lancent cette initiative en finan\u00e7ant l&rsquo;investissement initial destin\u00e9 \u00e0 catalyser l&rsquo;action du secteur priv\u00e9. L&rsquo;ADFD apporte une aide financi\u00e8re d&rsquo;un milliard de dollars am\u00e9ricains pour r\u00e9pondre aux besoins d&rsquo;infrastructure de base, offrir des solutions de financement innovantes et accro\u00eetre la mobilisation des investissements priv\u00e9s. L&rsquo;ICE fournit une assurance-cr\u00e9dit de 500 millions de dollars am\u00e9ricains pour d\u00e9risquer et lib\u00e9rer les capitaux priv\u00e9s \u2013 une nouvelle preuve de l&rsquo;engagement d&rsquo;ECI en faveur du d\u00e9veloppement durable \u00e0 l&rsquo;\u00e9chelle mondiale.<\/p>\n\n\n\n<p class=\"wp-block-paragraph\">Masdar, l\u2019une des plus grandes entreprises d\u2019\u00e9nergie propre au monde, active dans 22 pays d\u2019Afrique, s\u2019engage \u00e0 investir 2 milliards de dollars suppl\u00e9mentaires dans le cadre de cette nouvelle initiative. Masdar mobilisera 8 milliards de dollars suppl\u00e9mentaires en financement de projets et via sa plateforme Infinity Power. Masdar visera \u00e0 fournir 10 gigawatts (GW) de capacit\u00e9 d&rsquo;\u00e9nergie propre en Afrique d&rsquo;ici 2030.<\/p>\n\n\n\n<p class=\"wp-block-paragraph\">AMEA Power vise une capacit\u00e9 d&rsquo;\u00e9nergie renouvelable de 5 GW sur le continent d&rsquo;ici 2030, mobilisant 5 milliards de dollars US, dont 1 milliard de dollars US en fonds propres et 4 milliards de dollars US en financement de projets.<\/p>\n\n\n\n<p class=\"wp-block-paragraph\">En outre, l&rsquo;initiative vise \u00e0 cr\u00e9er des voies permettant \u00e0 d&rsquo;autres banques multilat\u00e9rales de d\u00e9veloppement, gouvernements et organismes philanthropiques de catalyser des investissements suppl\u00e9mentaires du secteur priv\u00e9. La pr\u00e9sidence de la COP28 a appel\u00e9 d&rsquo;autres institutions financi\u00e8res internationales (IFI) et fondations \u00e0 se joindre \u00e0 l&rsquo;effort pour traduire les paroles en actes.<\/p>\n\n\n\n<p class=\"wp-block-paragraph\">La pr\u00e9sidence de la COP28 des \u00c9mirats arabes unis reconna\u00eet \u00e9galement que le Sud doit \u00eatre aux commandes pour garantir une approche pleinement inclusive.<\/p>\n\n\n\n<p class=\"wp-block-paragraph\">La pr\u00e9sidence de la COP28 des \u00c9mirats arabes unis continue d&rsquo;appeler au doublement du financement de l&rsquo;adaptation et \u00e0 la mise en place de m\u00e9canismes de financement pour les pertes et dommages afin d&rsquo;assurer la protection des personnes les plus vuln\u00e9rables aux effets du changement climatique. La pr\u00e9sidence de la COP28 travaille \u00e0 une r\u00e9forme plus large des IFI afin de d\u00e9bloquer le financement des mesures d&rsquo;att\u00e9nuation et d&rsquo;adaptation n\u00e9cessaires pour soutenir les pays du Sud.<\/p>\n\n\n\n<p class=\"wp-block-paragraph\">L\u2019annonce d\u2019aujourd\u2019hui intervient quelques jours avant que la Convention-cadre des Nations Unies sur les changements climatiques (CCNUCC) ne publie les donn\u00e9es techniques du premier bilan mondial des progr\u00e8s climatiques depuis l\u2019Accord de Paris de 2015. On s&rsquo;attend \u00e0 ce que le bilan r\u00e9v\u00e8le que le monde n&rsquo;est pas sur la bonne voie pour atteindre les objectifs fix\u00e9s en 2015.<\/p>\n\n\n\n<p class=\"wp-block-paragraph\"><strong><u>A propos du COP28 EAU:<\/u><\/strong><\/p>\n\n\n\n<p class=\"wp-block-paragraph\">\u2022 COP28 Emirats Arabes Unis se tiendra \u00e0 Expo City Dubai du 30 novembre au 12 d\u00e9cembre 2023. La Conf\u00e9rence devrait r\u00e9unir plus de 70 000 participants, dont des chefs d&rsquo;\u00c9tat, des responsables gouvernementaux, des dirigeants internationaux de l&rsquo;industrie, des repr\u00e9sentants du secteur priv\u00e9, des universitaires, des experts, des jeunes et des acteurs non \u00e9tatiques.<\/p>\n\n\n\n<p class=\"wp-block-paragraph\">\u2022 Conform\u00e9ment \u00e0 l\u2019Accord de Paris sur le climat, la COP28 \u00c9mirats arabes unis pr\u00e9sentera le tout premier bilan mondial \u2013 une \u00e9valuation compl\u00e8te des progr\u00e8s accomplis par rapport aux objectifs climatiques.<\/p>\n\n\n\n<p class=\"wp-block-paragraph\">\u2022 Les \u00c9mirats arabes unis m\u00e8neront un processus permettant \u00e0 toutes les parties de s&rsquo;entendre sur une feuille de route claire pour acc\u00e9l\u00e9rer les progr\u00e8s gr\u00e2ce \u00e0 une transition \u00e9nerg\u00e9tique mondiale pragmatique et \u00e0 une approche \u00ab ne laisser personne pour compte \u00bb de l&rsquo;action climatique inclusive.<\/p>\n","protected":false},"excerpt":{"rendered":"<p>Le Pr\u00e9sident d\u00e9sign\u00e9 de la COP28, S. E. Dr. Sultan Al Jaber, a annonc\u00e9 le 5 septembre 2023, une initiative de financement des EAU qui fournira 4,5 milliards de dollars US pour aider \u00e0 lib\u00e9rer le potentiel \u00e9nerg\u00e9tique propre de l&rsquo;Afrique. L&rsquo;annonce a \u00e9t\u00e9 faite lors d&rsquo;une allocution liminaire au Sommet africain sur le climat [&hellip;]<\/p>\n","protected":false},"author":4,"featured_media":50280,"comment_status":"open","ping_status":"closed","sticky":false,"template":"","format":"standard","meta":{"content-type":"","jnews-multi-image_gallery":[],"jnews_single_post":{"subtitle":"","format":"standard","video":"","gallery":"","source_name":"","source_url":"","via_name":"","via_url":"","override_template":"0","override":[{"template":"1","single_blog_custom":"","parallax":"1","fullscreen":"1","layout":"right-sidebar","sidebar":"default-sidebar","second_sidebar":"default-sidebar","sticky_sidebar":"1","share_position":"top","share_float_style":"share-monocrhome","show_share_counter":"1","show_view_counter":"1","show_featured":"1","show_post_meta":"1","show_post_author":"1","show_post_author_image":"1","show_post_date":"1","post_date_format":"default","post_date_format_custom":"Y\/m\/d","show_post_category":"1","show_post_reading_time":"0","post_reading_time_wpm":"300","show_zoom_button":"0","zoom_button_out_step":"2","zoom_button_in_step":"3","show_post_tag":"1","show_prev_next_post":"1","show_popup_post":"1","number_popup_post":"1","show_author_box":"0","show_post_related":"0","show_inline_post_related":"0"}],"override_image_size":"0","image_override":[{"single_post_thumbnail_size":"crop-500","single_post_gallery_size":"crop-500"}],"trending_post":"0","trending_post_position":"meta","trending_post_label":"Trending","sponsored_post":"0","sponsored_post_label":"Sponsored by","sponsored_post_name":"","sponsored_post_url":"","sponsored_post_logo_enable":"0","sponsored_post_logo":"","sponsored_post_desc":"","disable_ad":"0"},"jnews_primary_category":{"id":"","hide":""},"jnews_override_bookmark_settings":[],"jnews_review":[],"enable_review":"","type":"","name":"","summary":"","brand":"","sku":"","good":[],"bad":[],"score_override":"","override_value":"","rating":[],"price":[],"jnews_post_split":[],"footnotes":""},"categories":[6],"tags":[8408,10799,10800,10728],"class_list":["post-50279","post","type-post","status-publish","format-standard","has-post-thumbnail","hentry","category-world","tag-energies-propres","tag-les-emirats-arabes-unis","tag-sommet-sur-le-climat","tag-sultan-al-jaber"],"_links":{"self":[{"href":"https:\/\/www.africanchallenges.com\/index.php?rest_route=\/wp\/v2\/posts\/50279","targetHints":{"allow":["GET"]}}],"collection":[{"href":"https:\/\/www.africanchallenges.com\/index.php?rest_route=\/wp\/v2\/posts"}],"about":[{"href":"https:\/\/www.africanchallenges.com\/index.php?rest_route=\/wp\/v2\/types\/post"}],"author":[{"embeddable":true,"href":"https:\/\/www.africanchallenges.com\/index.php?rest_route=\/wp\/v2\/users\/4"}],"replies":[{"embeddable":true,"href":"https:\/\/www.africanchallenges.com\/index.php?rest_route=%2Fwp%2Fv2%2Fcomments&post=50279"}],"version-history":[{"count":1,"href":"https:\/\/www.africanchallenges.com\/index.php?rest_route=\/wp\/v2\/posts\/50279\/revisions"}],"predecessor-version":[{"id":50281,"href":"https:\/\/www.africanchallenges.com\/index.php?rest_route=\/wp\/v2\/posts\/50279\/revisions\/50281"}],"wp:featuredmedia":[{"embeddable":true,"href":"https:\/\/www.africanchallenges.com\/index.php?rest_route=\/wp\/v2\/media\/50280"}],"wp:attachment":[{"href":"https:\/\/www.africanchallenges.com\/index.php?rest_route=%2Fwp%2Fv2%2Fmedia&parent=50279"}],"wp:term":[{"taxonomy":"category","embeddable":true,"href":"https:\/\/www.africanchallenges.com\/index.php?rest_route=%2Fwp%2Fv2%2Fcategories&post=50279"},{"taxonomy":"post_tag","embeddable":true,"href":"https:\/\/www.africanchallenges.com\/index.php?rest_route=%2Fwp%2Fv2%2Ftags&post=50279"}],"curies":[{"name":"wp","href":"https:\/\/api.w.org\/{rel}","templated":true}]}}