{"id":50186,"date":"2023-09-05T20:19:33","date_gmt":"2023-09-05T20:19:33","guid":{"rendered":"https:\/\/www.africanchallenges.com\/?p=50186"},"modified":"2023-09-05T20:34:18","modified_gmt":"2023-09-05T20:34:18","slug":"tunisie-mandatee-par-son-excellence-monsieur-le-president-de-la-republique-la-ministre-de-lenvironnement-participe-au-1-er-sommet-africain-sur-le-climat-acs-a-nairobi-du-4-au-6-septembre","status":"publish","type":"post","link":"https:\/\/www.africanchallenges.com\/?p=50186","title":{"rendered":"Tunisie :Mandat\u00e9e par son Excellence Monsieur le Pr\u00e9sident de la R\u00e9publique, la Ministre de l\u2019environnement, participe au 1 er Sommet Africain sur le Climat (ACS) \u00e0 Nairobi du 4 au 6 septembre"},"content":{"rendered":"\n<p class=\"wp-block-paragraph\"><\/p>\n\n\n\n<p class=\"wp-block-paragraph\">Mandat\u00e9e par son Excellence Monsieur le Pr\u00e9sident de la R\u00e9publique,Madame Le\u00efla Chikhaoui-Mahdaoui, Ministre de l\u2019environnement, participe au 1 er Sommet Africain sur le Climat (ACS), organis\u00e9 \u00e0 Nairobi- R\u00e9publique du Kenya, du 4 au 6 septembre 2023, accompagn\u00e9e d\u2019une d\u00e9l\u00e9gation de haut niveau compos\u00e9e de M. Mohamed Zmerli, Point focal national de la Convention cadre des Nations Unies sur les changements climatique et Directeur de l\u2019Unit\u00e9 nationale de coordination dans le domaine des changements climatique et de M.Sofi\u00e8ne Dridi, diplomate \u00e0 l\u2019ambassade de la R\u00e9publique tunisienne \u00e0 Nairobi.<\/p>\n\n\n\n<p class=\"wp-block-paragraph\">\u2705Le Sommet Africain sur le Climat vise \u00e0 conjuguer les efforts de toutes les parties prenantes, notamment les d\u00e9cideurs, le secteur priv\u00e9 et les organisations de la soci\u00e9t\u00e9 civile, en vue de d\u00e9battre des meilleures solutions adapt\u00e9es \u00e0 la lutte contre les effets des changements climatiques dans la r\u00e9gion africaine et d\u2019instaurer les fondements d\u2019un d\u00e9veloppement plus r\u00e9silient et inclusif au profit de tous les pays africains.<\/p>\n\n\n\n<p class=\"wp-block-paragraph\">\u2705Le Sommet a notamment mis l\u2019accent sur l\u2019am\u00e9lioration de l\u2019ambition climatique dans 4 domaines cl\u00e9s : l\u2019\u00e9nergie et l\u2019industrie propre, l\u2019infrastructure r\u00e9siliente, le transport durable et le d\u00e9veloppement urbain ; le d\u00e9veloppement de l\u2019usage durable des terres et des mers et la s\u00e9curit\u00e9 hydrique et alimentaire ; la pr\u00e9servation de la sant\u00e9 et l\u2019am\u00e9lioration du cadre de vie ; ainsi que le d\u00e9veloppement \u00e9conomique, la promotion des investissements et la mobilisation de la finance climatique innovante.<\/p>\n\n\n\n<p class=\"wp-block-paragraph\">\u2705Ce 1 er sommet africain a \u00e9t\u00e9 organis\u00e9 en pr\u00e9sence de plus de 25 000 participants repr\u00e9sentants de tous les pays africains, des organisations non gouvernementales, des organisations internationales, r\u00e9gionales, et nationales, ainsi que des hauts responsables des structures de financement et d\u2019appui \u00e0 l\u2019investissement au niveau international et<\/p>\n","protected":false},"excerpt":{"rendered":"<p>Mandat\u00e9e par son Excellence Monsieur le Pr\u00e9sident de la R\u00e9publique,Madame Le\u00efla Chikhaoui-Mahdaoui, Ministre de l\u2019environnement, participe au 1 er Sommet Africain sur le Climat (ACS), organis\u00e9 \u00e0 Nairobi- R\u00e9publique du Kenya, du 4 au 6 septembre 2023, accompagn\u00e9e d\u2019une d\u00e9l\u00e9gation de haut niveau compos\u00e9e de M. Mohamed Zmerli, Point focal national de la Convention cadre [&hellip;]<\/p>\n","protected":false},"author":4,"featured_media":50189,"comment_status":"open","ping_status":"closed","sticky":false,"template":"","format":"standard","meta":{"content-type":"","jnews-multi-image_gallery":[],"jnews_single_post":{"subtitle":"","format":"standard","video":"","gallery":"","source_name":"","source_url":"","via_name":"","via_url":"","override_template":"0","override":[{"template":"1","single_blog_custom":"","parallax":"1","fullscreen":"1","layout":"right-sidebar","sidebar":"default-sidebar","second_sidebar":"default-sidebar","sticky_sidebar":"1","share_position":"top","share_float_style":"share-monocrhome","show_share_counter":"1","show_view_counter":"1","show_featured":"1","show_post_meta":"1","show_post_author":"1","show_post_author_image":"1","show_post_date":"1","post_date_format":"default","post_date_format_custom":"Y\/m\/d","show_post_category":"1","show_post_reading_time":"0","post_reading_time_wpm":"300","show_zoom_button":"0","zoom_button_out_step":"2","zoom_button_in_step":"3","show_post_tag":"1","show_prev_next_post":"1","show_popup_post":"1","number_popup_post":"1","show_author_box":"0","show_post_related":"0","show_inline_post_related":"0"}],"override_image_size":"0","image_override":[{"single_post_thumbnail_size":"crop-500","single_post_gallery_size":"crop-500"}],"trending_post":"0","trending_post_position":"meta","trending_post_label":"Trending","sponsored_post":"0","sponsored_post_label":"Sponsored by","sponsored_post_name":"","sponsored_post_url":"","sponsored_post_logo_enable":"0","sponsored_post_logo":"","sponsored_post_desc":"","disable_ad":"0"},"jnews_primary_category":{"id":"","hide":""},"jnews_override_bookmark_settings":[],"jnews_review":[],"enable_review":"","type":"","name":"","summary":"","brand":"","sku":"","good":[],"bad":[],"score_override":"","override_value":"","rating":[],"price":[],"jnews_post_split":[],"footnotes":""},"categories":[2],"tags":[10777,609,10776],"class_list":["post-50186","post","type-post","status-publish","format-standard","has-post-thumbnail","hentry","category-news-politique","tag-leila-chikhaoui-mahdaoui-2","tag-nairobi","tag-sommet-africain-sur-le-climat"],"_links":{"self":[{"href":"https:\/\/www.africanchallenges.com\/index.php?rest_route=\/wp\/v2\/posts\/50186","targetHints":{"allow":["GET"]}}],"collection":[{"href":"https:\/\/www.africanchallenges.com\/index.php?rest_route=\/wp\/v2\/posts"}],"about":[{"href":"https:\/\/www.africanchallenges.com\/index.php?rest_route=\/wp\/v2\/types\/post"}],"author":[{"embeddable":true,"href":"https:\/\/www.africanchallenges.com\/index.php?rest_route=\/wp\/v2\/users\/4"}],"replies":[{"embeddable":true,"href":"https:\/\/www.africanchallenges.com\/index.php?rest_route=%2Fwp%2Fv2%2Fcomments&post=50186"}],"version-history":[{"count":3,"href":"https:\/\/www.africanchallenges.com\/index.php?rest_route=\/wp\/v2\/posts\/50186\/revisions"}],"predecessor-version":[{"id":50190,"href":"https:\/\/www.africanchallenges.com\/index.php?rest_route=\/wp\/v2\/posts\/50186\/revisions\/50190"}],"wp:featuredmedia":[{"embeddable":true,"href":"https:\/\/www.africanchallenges.com\/index.php?rest_route=\/wp\/v2\/media\/50189"}],"wp:attachment":[{"href":"https:\/\/www.africanchallenges.com\/index.php?rest_route=%2Fwp%2Fv2%2Fmedia&parent=50186"}],"wp:term":[{"taxonomy":"category","embeddable":true,"href":"https:\/\/www.africanchallenges.com\/index.php?rest_route=%2Fwp%2Fv2%2Fcategories&post=50186"},{"taxonomy":"post_tag","embeddable":true,"href":"https:\/\/www.africanchallenges.com\/index.php?rest_route=%2Fwp%2Fv2%2Ftags&post=50186"}],"curies":[{"name":"wp","href":"https:\/\/api.w.org\/{rel}","templated":true}]}}