{"id":50160,"date":"2023-09-04T09:26:47","date_gmt":"2023-09-04T09:26:47","guid":{"rendered":"https:\/\/www.africanchallenges.com\/?p=50160"},"modified":"2023-09-04T09:28:46","modified_gmt":"2023-09-04T09:28:46","slug":"la-tunisie-et-larabie-saoudite-expriment-un-consensus-sur-leurs-vues-sur-lactualite-lors-de-leurs-concertations-politiques-a-riyad","status":"publish","type":"post","link":"https:\/\/www.africanchallenges.com\/?p=50160","title":{"rendered":"La Tunisie et l&rsquo;Arabie Saoudite expriment un consensus sur leurs vues sur l&rsquo;actualit\u00e9, lors de leurs concertations politiques \u00e0 Riyad"},"content":{"rendered":"\n<p class=\"wp-block-paragraph\">Le ministre des Affaires \u00e9trang\u00e8res, de la Migration et des Tunisiens \u00e0 l\u2019\u00e9tranger, Nabil Ammar, a copr\u00e9sid\u00e9, dimanche 03 septembre \u00e0 Ryad, avec son homologue saoudien, l\u2019\u00e9mir Fay\u00e7al Ben Farhan Ben Abdallah Al-Saoud, les travaux de la 3\u00e8me session de la commission de suivi et de concertations politiques bilat\u00e9rale.<\/p>\n\n\n\n<p class=\"wp-block-paragraph\">\u00ab Les travaux de la commission se sont focalis\u00e9s sur l\u2019\u00e9valuation de la marche des relations de fraternit\u00e9 et de coop\u00e9ration, les moyens de les d\u00e9velopper et d\u2019en \u00e9largir les domaines, ainsi que sur l\u2019examen des \u00e9volutions r\u00e9gionales et internationales, la concertation et la coordination autour des affaires et crises de la r\u00e9gion \u00bb, a indiqu\u00e9 un communiqu\u00e9 de presse diffus\u00e9 par le minist\u00e8re des affaires \u00e9trang\u00e8res.<\/p>\n\n\n\n<p class=\"wp-block-paragraph\">Ammar a salu\u00e9 \u00ab les relations historiques solides entre les deux pays, et la position du Royaume en appui \u00e0 notre pays, dans ses efforts visant \u00e0 relever les d\u00e9fis actuels \u00bb.<\/p>\n\n\n\n<p class=\"wp-block-paragraph\">Le ministre des Affaires \u00e9trang\u00e8res saoudien a valoris\u00e9 les liens de fraternit\u00e9 entre les deux pays, exprimant \u00ab la confiance de l\u2019Arabie saoudite dans la capacit\u00e9 la direction tunisienne \u00e0 surmonter les difficult\u00e9s, et sa d\u00e9termination \u00e0 raffermir les relations de coop\u00e9ration et de partenariat avec notre pays \u00bb.<\/p>\n\n\n\n<p class=\"wp-block-paragraph\">Les deux ministres ont exprim\u00e9 leur \u00ab soulagement de la dynamique positive des relations tuniso-saoudiennes, laquelle s\u2019est traduite par la hausse de la cadence de la concertation et de la coordination, et l\u2019intensit\u00e9 de l\u2019\u00e9change des visites entre les hauts responsables \u00bb.<\/p>\n\n\n\n<p class=\"wp-block-paragraph\">Les deux parties ont convenu de r\u00e9unir la commission mixte avant la fin de cette ann\u00e9e, d\u2019activer les m\u00e9canismes de coop\u00e9ration et les r\u00e9unions des commissions sectorielles et techniques, ce qui contribue \u00e0 relancer les relations de coop\u00e9ration sur les diff\u00e9rents plans, notamment en termes commercial et d\u2019investissement.<\/p>\n\n\n\n<p class=\"wp-block-paragraph\">La commission a d\u00e9gag\u00e9 \u00ab la convergence des positions entre les deux pays, envers les affaires r\u00e9gionales et internationales d\u2019int\u00e9r\u00eat commun \u00bb. \u00ab Il a \u00e9t\u00e9, par ailleurs, convenu de renforcer les concertations et de pousser vers les r\u00e8glements appropri\u00e9s des crises dans plusieurs pays, au service de la s\u00e9curit\u00e9 et de la stabilit\u00e9 de la r\u00e9gion arabe \u00bb, conclut la m\u00eame source.<\/p>\n","protected":false},"excerpt":{"rendered":"<p>Le ministre des Affaires \u00e9trang\u00e8res, de la Migration et des Tunisiens \u00e0 l\u2019\u00e9tranger, Nabil Ammar, a copr\u00e9sid\u00e9, dimanche 03 septembre \u00e0 Ryad, avec son homologue saoudien, l\u2019\u00e9mir Fay\u00e7al Ben Farhan Ben Abdallah Al-Saoud, les travaux de la 3\u00e8me session de la commission de suivi et de concertations politiques bilat\u00e9rale. \u00ab Les travaux de la commission [&hellip;]<\/p>\n","protected":false},"author":4,"featured_media":50162,"comment_status":"open","ping_status":"closed","sticky":false,"template":"","format":"standard","meta":{"content-type":"","jnews-multi-image_gallery":[],"jnews_single_post":{"subtitle":"","format":"standard","video":"","gallery":"","source_name":"","source_url":"","via_name":"","via_url":"","override_template":"0","override":[{"template":"1","single_blog_custom":"","parallax":"1","fullscreen":"1","layout":"right-sidebar","sidebar":"default-sidebar","second_sidebar":"default-sidebar","sticky_sidebar":"1","share_position":"top","share_float_style":"share-monocrhome","show_share_counter":"1","show_view_counter":"1","show_featured":"1","show_post_meta":"1","show_post_author":"1","show_post_author_image":"1","show_post_date":"1","post_date_format":"default","post_date_format_custom":"Y\/m\/d","show_post_category":"1","show_post_reading_time":"0","post_reading_time_wpm":"300","show_zoom_button":"0","zoom_button_out_step":"2","zoom_button_in_step":"3","show_post_tag":"1","show_prev_next_post":"1","show_popup_post":"1","number_popup_post":"1","show_author_box":"0","show_post_related":"0","show_inline_post_related":"0"}],"override_image_size":"0","image_override":[{"single_post_thumbnail_size":"crop-500","single_post_gallery_size":"crop-500"}],"trending_post":"0","trending_post_position":"meta","trending_post_label":"Trending","sponsored_post":"0","sponsored_post_label":"Sponsored by","sponsored_post_name":"","sponsored_post_url":"","sponsored_post_logo_enable":"0","sponsored_post_logo":"","sponsored_post_desc":"","disable_ad":"0"},"jnews_primary_category":{"id":"","hide":""},"jnews_override_bookmark_settings":[],"jnews_review":[],"enable_review":"","type":"","name":"","summary":"","brand":"","sku":"","good":[],"bad":[],"score_override":"","override_value":"","rating":[],"price":[],"jnews_post_split":[],"footnotes":""},"categories":[2],"tags":[10769,10770,6489,6796,54],"class_list":["post-50160","post","type-post","status-publish","format-standard","has-post-thumbnail","hentry","category-news-politique","tag-actualite","tag-concertations-politiques","tag-consensus","tag-larabie-saoudite","tag-tunisie"],"_links":{"self":[{"href":"https:\/\/www.africanchallenges.com\/index.php?rest_route=\/wp\/v2\/posts\/50160","targetHints":{"allow":["GET"]}}],"collection":[{"href":"https:\/\/www.africanchallenges.com\/index.php?rest_route=\/wp\/v2\/posts"}],"about":[{"href":"https:\/\/www.africanchallenges.com\/index.php?rest_route=\/wp\/v2\/types\/post"}],"author":[{"embeddable":true,"href":"https:\/\/www.africanchallenges.com\/index.php?rest_route=\/wp\/v2\/users\/4"}],"replies":[{"embeddable":true,"href":"https:\/\/www.africanchallenges.com\/index.php?rest_route=%2Fwp%2Fv2%2Fcomments&post=50160"}],"version-history":[{"count":1,"href":"https:\/\/www.africanchallenges.com\/index.php?rest_route=\/wp\/v2\/posts\/50160\/revisions"}],"predecessor-version":[{"id":50161,"href":"https:\/\/www.africanchallenges.com\/index.php?rest_route=\/wp\/v2\/posts\/50160\/revisions\/50161"}],"wp:featuredmedia":[{"embeddable":true,"href":"https:\/\/www.africanchallenges.com\/index.php?rest_route=\/wp\/v2\/media\/50162"}],"wp:attachment":[{"href":"https:\/\/www.africanchallenges.com\/index.php?rest_route=%2Fwp%2Fv2%2Fmedia&parent=50160"}],"wp:term":[{"taxonomy":"category","embeddable":true,"href":"https:\/\/www.africanchallenges.com\/index.php?rest_route=%2Fwp%2Fv2%2Fcategories&post=50160"},{"taxonomy":"post_tag","embeddable":true,"href":"https:\/\/www.africanchallenges.com\/index.php?rest_route=%2Fwp%2Fv2%2Ftags&post=50160"}],"curies":[{"name":"wp","href":"https:\/\/api.w.org\/{rel}","templated":true}]}}