{"id":50141,"date":"2023-09-01T19:20:46","date_gmt":"2023-09-01T19:20:46","guid":{"rendered":"https:\/\/www.africanchallenges.com\/?p=50141"},"modified":"2023-09-01T19:26:30","modified_gmt":"2023-09-01T19:26:30","slug":"tunisie-cloture-des-activites-estivales-et-du-tourisme-jeunesse-balneaire-de-lannee-2023","status":"publish","type":"post","link":"https:\/\/www.africanchallenges.com\/?p=50141","title":{"rendered":"Tunisie: Cl\u00f4ture des activit\u00e9s estivales et du tourisme jeunesse baln\u00e9aire de l&rsquo;ann\u00e9e 2023"},"content":{"rendered":"\n<p class=\"wp-block-paragraph\">Sous la tutelle du ministre de la Jeunesse et des Sports, la ville de Sousse a accueilli hier soir, le jeudi 31 ao\u00fbt 2023, la c\u00e9r\u00e9monie de cl\u00f4ture des activit\u00e9s estivales et du tourisme jeunesse baln\u00e9aire de l&rsquo;ann\u00e9e 2023 en pr\u00e9sence de plus de 300 jeunes et des cadres des institutions de la jeunesse. Cette occasion a constitu\u00e9 un moment sp\u00e9cial pour mettre en avant les moments forts du programme national de cette ann\u00e9e et mettre en lumi\u00e8re les talents artistiques exceptionnels de la jeunesse.<\/p>\n\n\n\n<p class=\"wp-block-paragraph\">Pendant les mois de juillet et ao\u00fbt, environ 150 000 jeunes de diff\u00e9rentes r\u00e9gions du pays ont particip\u00e9 \u00e0 ces programmes vari\u00e9s. Ces activit\u00e9s ont \u00e9t\u00e9 con\u00e7ues pour r\u00e9pondre aux aspirations des jeunes, comprenant une large gamme d&rsquo;\u00e9v\u00e9nements divertissants et \u00e9ducatifs.<\/p>\n\n\n\n<p class=\"wp-block-paragraph\">Ces \u00e9v\u00e9nements s&rsquo;inscrivent dans le cadre du d\u00e9veloppement de la participation des jeunes, avec l&rsquo;application de techniques modernes, y compris la possibilit\u00e9 de s&rsquo;inscrire en ligne via le site web du minist\u00e8re de la Jeunesse et des Sports. Cette fonctionnalit\u00e9 vise \u00e0 faciliter le processus d&rsquo;inscription, \u00e0 favoriser davantage la communication et la participation, et \u00e0 lancer la plateforme m\u00e9diatique num\u00e9rique \u00ab\u00a0Haya Chabeb\u00a0\u00bb sur les m\u00e9dias sociaux, permettant aux jeunes de participer, de communiquer et de s&rsquo;engager dans les activit\u00e9s et les programmes disponibles, garantissant ainsi leur r\u00f4le actif dans la soci\u00e9t\u00e9 et leur contribution \u00e0 la construction d&rsquo;un meilleur avenir pour le pays.<\/p>\n\n\n\n<p class=\"wp-block-paragraph\">De plus, cette saison estivale a vu l&rsquo;introduction d&rsquo;activit\u00e9s nouvelles telles que les camps de plage pour les jeunes, offrant aux jeunes l&rsquo;opportunit\u00e9 de divertissement, d&rsquo;apprentissage et d&rsquo;\u00e9change d&rsquo;exp\u00e9riences. Des programmes de formation ont \u00e9galement \u00e9t\u00e9 propos\u00e9s dans des domaines innovants tels que la robotique, l&rsquo;intelligence artificielle et la photographie sous-marine, dans le but de d\u00e9velopper leurs comp\u00e9tences et de les encourager \u00e0 participer activement \u00e0 des domaines \u00e9mergents.<\/p>\n\n\n\n<p class=\"wp-block-paragraph\">Dans le cadre de l&rsquo;engagement envers l&rsquo;autonomisation des jeunes, la c\u00e9l\u00e9bration de la Journ\u00e9e internationale de la jeunesse a jou\u00e9 un r\u00f4le important cette saison, avec des \u00e9v\u00e9nements sous le th\u00e8me \u00ab\u00a0Les comp\u00e9tences vertes des jeunes\u00a0\u00bb, comprenant des programmes de camp \u00e9cologique et de citoyennet\u00e9, qui ont permis aux jeunes participants de simuler une exp\u00e9rience citoyenne pratique et de d\u00e9velopper leurs comp\u00e9tences professionnelles fondamentales, renfor\u00e7ant ainsi la pr\u00e9sence des jeunes dans l&rsquo;espace public et leur donnant l&rsquo;occasion de contribuer activement aux questions de la soci\u00e9t\u00e9.<\/p>\n\n\n\n<p class=\"wp-block-paragraph\">Le minist\u00e8re de la Jeunesse et des Sports exprime ses remerciements \u00e0 tous ses cadres et partenaires qui ont contribu\u00e9 au succ\u00e8s de cette saison exceptionnelle, confirmant son engagement continu \u00e0 autonomiser et \u00e0 soutenir les jeunes pour r\u00e9aliser leur potentiel et se d\u00e9velopper, et \u00e0 \u0153uvrer en vue de construire un avenir meilleur et plus lumineux pour le pays.<\/p>\n\n\n\n<p class=\"wp-block-paragraph\"><strong>Avec Communiqu\u00e9<\/strong><\/p>\n","protected":false},"excerpt":{"rendered":"<p>Sous la tutelle du ministre de la Jeunesse et des Sports, la ville de Sousse a accueilli hier soir, le jeudi 31 ao\u00fbt 2023, la c\u00e9r\u00e9monie de cl\u00f4ture des activit\u00e9s estivales et du tourisme jeunesse baln\u00e9aire de l&rsquo;ann\u00e9e 2023 en pr\u00e9sence de plus de 300 jeunes et des cadres des institutions de la jeunesse. Cette [&hellip;]<\/p>\n","protected":false},"author":4,"featured_media":50142,"comment_status":"open","ping_status":"closed","sticky":false,"template":"","format":"standard","meta":{"content-type":"","jnews-multi-image_gallery":[],"jnews_single_post":{"subtitle":"","format":"standard","video":"","gallery":"","source_name":"","source_url":"","via_name":"","via_url":"","override_template":"0","override":[{"template":"1","single_blog_custom":"","parallax":"1","fullscreen":"1","layout":"right-sidebar","sidebar":"default-sidebar","second_sidebar":"default-sidebar","sticky_sidebar":"1","share_position":"top","share_float_style":"share-monocrhome","show_share_counter":"1","show_view_counter":"1","show_featured":"1","show_post_meta":"1","show_post_author":"1","show_post_author_image":"1","show_post_date":"1","post_date_format":"default","post_date_format_custom":"Y\/m\/d","show_post_category":"1","show_post_reading_time":"0","post_reading_time_wpm":"300","show_zoom_button":"0","zoom_button_out_step":"2","zoom_button_in_step":"3","show_post_tag":"1","show_prev_next_post":"1","show_popup_post":"1","number_popup_post":"1","show_author_box":"0","show_post_related":"0","show_inline_post_related":"0"}],"override_image_size":"0","image_override":[{"single_post_thumbnail_size":"crop-500","single_post_gallery_size":"crop-500"}],"trending_post":"0","trending_post_position":"meta","trending_post_label":"Trending","sponsored_post":"0","sponsored_post_label":"Sponsored by","sponsored_post_name":"","sponsored_post_url":"","sponsored_post_logo_enable":"0","sponsored_post_logo":"","sponsored_post_desc":"","disable_ad":"0"},"jnews_primary_category":{"id":"","hide":""},"jnews_override_bookmark_settings":[],"jnews_review":[],"enable_review":"","type":"","name":"","summary":"","brand":"","sku":"","good":[],"bad":[],"score_override":"","override_value":"","rating":[],"price":[],"jnews_post_split":[],"footnotes":""},"categories":[61],"tags":[10760,526],"class_list":["post-50141","post","type-post","status-publish","format-standard","has-post-thumbnail","hentry","category-societe","tag-activites-estivales","tag-cloture"],"_links":{"self":[{"href":"https:\/\/www.africanchallenges.com\/index.php?rest_route=\/wp\/v2\/posts\/50141","targetHints":{"allow":["GET"]}}],"collection":[{"href":"https:\/\/www.africanchallenges.com\/index.php?rest_route=\/wp\/v2\/posts"}],"about":[{"href":"https:\/\/www.africanchallenges.com\/index.php?rest_route=\/wp\/v2\/types\/post"}],"author":[{"embeddable":true,"href":"https:\/\/www.africanchallenges.com\/index.php?rest_route=\/wp\/v2\/users\/4"}],"replies":[{"embeddable":true,"href":"https:\/\/www.africanchallenges.com\/index.php?rest_route=%2Fwp%2Fv2%2Fcomments&post=50141"}],"version-history":[{"count":1,"href":"https:\/\/www.africanchallenges.com\/index.php?rest_route=\/wp\/v2\/posts\/50141\/revisions"}],"predecessor-version":[{"id":50143,"href":"https:\/\/www.africanchallenges.com\/index.php?rest_route=\/wp\/v2\/posts\/50141\/revisions\/50143"}],"wp:featuredmedia":[{"embeddable":true,"href":"https:\/\/www.africanchallenges.com\/index.php?rest_route=\/wp\/v2\/media\/50142"}],"wp:attachment":[{"href":"https:\/\/www.africanchallenges.com\/index.php?rest_route=%2Fwp%2Fv2%2Fmedia&parent=50141"}],"wp:term":[{"taxonomy":"category","embeddable":true,"href":"https:\/\/www.africanchallenges.com\/index.php?rest_route=%2Fwp%2Fv2%2Fcategories&post=50141"},{"taxonomy":"post_tag","embeddable":true,"href":"https:\/\/www.africanchallenges.com\/index.php?rest_route=%2Fwp%2Fv2%2Ftags&post=50141"}],"curies":[{"name":"wp","href":"https:\/\/api.w.org\/{rel}","templated":true}]}}