{"id":50049,"date":"2023-08-28T18:27:37","date_gmt":"2023-08-28T18:27:37","guid":{"rendered":"https:\/\/www.africanchallenges.com\/?p=50049"},"modified":"2023-08-31T18:31:59","modified_gmt":"2023-08-31T18:31:59","slug":"uae-cop28-dr-sultan-al-jaber-president-designe-de-la-cop28-appelle-la-communaute-internationale-a-agir-sur-le-climat-lors-de-la-reunion-ministerielle-africaine-sur-le-climat","status":"publish","type":"post","link":"https:\/\/www.africanchallenges.com\/?p=50049","title":{"rendered":"UAE-COP28 : Dr. Sultan Al Jaber, Pr\u00e9sident d\u00e9sign\u00e9 de la COP28 appelle la communaut\u00e9 internationale \u00e0 agir sur le climat lors de la Conf\u00e9rence minist\u00e9rielle africaine sur l&rsquo;environnement"},"content":{"rendered":"\n<p class=\"wp-block-paragraph\"><\/p>\n\n\n\n<p class=\"wp-block-paragraph\">\u2022 Sultan Al Jaber, pr\u00e9sident d\u00e9sign\u00e9 de la COP28, s&rsquo;est adress\u00e9 \u00e0 la Conf\u00e9rence minist\u00e9rielle africaine sur l&rsquo;environnement (CMAE) en Ethiopie, au cours de laquelle il a reconnu les performances et le potentiel du continent africain en tant que moteur de la transition \u00e9nerg\u00e9tique et la n\u00e9cessit\u00e9 d&rsquo;un financement accru.<\/p>\n\n\n\n<p class=\"wp-block-paragraph\">\u2022 Il a r\u00e9it\u00e9r\u00e9 l&rsquo;appel lanc\u00e9 par la pr\u00e9sidence de la COP28 \u00e0 la communaut\u00e9 internationale pour qu&rsquo;elle s&rsquo;unisse sur le financement climatique international, \u00e9voquant les progr\u00e8s r\u00e9alis\u00e9s lors d&rsquo;une r\u00e9cente r\u00e9union des principaux \u00e9conomistes mondiaux \u00e0 Abou Dhabi et annon\u00e7ant la tenue d&rsquo;une importante r\u00e9union minist\u00e9rielle avec les pays vuln\u00e9rables au climat pendant la<\/p>\n\n\n\n<p class=\"wp-block-paragraph\">\u2022 En plus de ses remarques, le Dr Sultan Al Jaber a tenu des r\u00e9unions bilat\u00e9rales avec des dirigeants africains pour discuter du programme de financement climatique et de transition \u00e9nerg\u00e9tique de la COP28, appelant tous les participants \u00e0 partager leurs r\u00e9sultats prioritaires et leurs principales contributions \u00e0 la COP28.<\/p>\n\n\n\n<p class=\"wp-block-paragraph\">Dr. Sultan Al Jaber, Pr\u00e9sident d\u00e9sign\u00e9 de la COP28, s&rsquo;est adress\u00e9 \u00e0 la dix-neuvi\u00e8me session de la Conf\u00e9rence minist\u00e9rielle africaine sur l&rsquo;environnement (CMAE), partageant sa vision et ses priorit\u00e9s pour la COP28, en particulier la n\u00e9cessit\u00e9 de financer l&rsquo;adaptation et d&rsquo;acc\u00e9l\u00e9rer la transition \u00e9nerg\u00e9tique.<\/p>\n\n\n\n<p class=\"wp-block-paragraph\">Partenaire cl\u00e9 de la COP28, la CMAE r\u00e9unit les ministres de l&rsquo;environnement de tout le continent et fournit des orientations politiques et coordonne les positions politiques de ses Etats membres, qui comprennent les 54 pays africains. L&rsquo;\u00c9thiopie pr\u00e9sidera la CMAE en 2024.<\/p>\n\n\n\n<p class=\"wp-block-paragraph\">Dans son discours, M. Al Jaber a soulign\u00e9 la n\u00e9cessit\u00e9 d&rsquo;agir d&rsquo;urgence pour remettre le monde sur la bonne voie pour atteindre les objectifs de l&rsquo;Accord de Paris et maintenir l&rsquo;ambition de 1,5 \u00e0 port\u00e9e de main.<\/p>\n\n\n\n<p class=\"wp-block-paragraph\">\u00ab \u00c0 un peu plus de 100 jours du rassemblement mondial \u00e0 Duba\u00ef pour la COP28, la science et le bon sens nous disent que notre r\u00e9ponse collective au changement climatique est loin d&rsquo;\u00eatre suffisante. \u00bb<\/p>\n\n\n\n<p class=\"wp-block-paragraph\">Le Pr\u00e9sident d\u00e9sign\u00e9 de la COP a non seulement reconnu la position de l&rsquo;Afrique en premi\u00e8re ligne des impacts climatiques, mais aussi sa performance et son potentiel en tant que force de premier plan dans la transition \u00e9nerg\u00e9tique.<\/p>\n\n\n\n<p class=\"wp-block-paragraph\">Il a d\u00e9clar\u00e9: \u00abLorsqu&rsquo;il s&rsquo;agit de passer \u00e0 un syst\u00e8me \u00e9nerg\u00e9tique exempt de combustibles fossiles, l&rsquo;Afrique a beaucoup \u00e0 apprendre pour le reste d&rsquo;entre nous. Ici, en \u00c9thiopie, pr\u00e8s de 100 % de l&rsquo;\u00e9nergie du pays provient de l&rsquo;hydro\u00e9lectricit\u00e9 renouvelable. [. . . ] \u00c0 travers ce grand continent, une population jeune et croissante exploite le potentiel d&rsquo;autres sources d&rsquo;\u00e9nergie propres, de l&rsquo;\u00e9olien au solaire, et opte pour une croissance \u00e9conomique \u00e0 faible \u00e9mission de carbone. \u00bb<\/p>\n\n\n\n<p class=\"wp-block-paragraph\">Toutefois, il a \u00e9galement reconnu que le manque chronique de financements disponibles, accessibles et abordables pour le climat entrave le potentiel de l&rsquo;Afrique, notant qu&rsquo;\u00e0 peine un dixi\u00e8me du financement mondial pour le climat parvient au continent.<\/p>\n\n\n\n<p class=\"wp-block-paragraph\">\u00c0 ce titre, M. Al Jaber a soulign\u00e9 la n\u00e9cessit\u00e9 urgente de r\u00e9former le financement international du climat. Il a d\u00e9clar\u00e9 : \u00ab Premi\u00e8rement, la communaut\u00e9 internationale doit honorer l&rsquo;engagement de 100 milliards de dollars qu&rsquo;elle a pris il y a plus de dix ans. Je continuerai \u00e0 faire pression sur les pays donateurs pour qu&rsquo;ils assurent la livraison au plus tard cette ann\u00e9e [. . . ] Ensuite, toute l&rsquo;architecture financi\u00e8re mondiale, des IFI aux BMD, doit \u00eatre modernis\u00e9e. Ils ont \u00e9t\u00e9 construits pour la seconde moiti\u00e9 du si\u00e8cle dernier. Ils doivent \u00eatre modernis\u00e9s de toute urgence pour r\u00e9pondre aux besoins de celui-ci. \u00bb<\/p>\n\n\n\n<p class=\"wp-block-paragraph\">Il a \u00e9galement \u00e9t\u00e9 clair dans son appel \u00e0 l&rsquo;action sur les pertes et dommages : \u00ab nous devons rendre op\u00e9rationnel le fonds et les modalit\u00e9s de financement pour les pertes et dommages, et des annonces de contributions rapides sont essentielles pour nous assurer que nous respectons les engagements pris \u00e0 Charm el-Cheikh \u00bb.<\/p>\n\n\n\n<p class=\"wp-block-paragraph\">M. Al Jaber a fait r\u00e9f\u00e9rence \u00e0 une r\u00e9union du Groupe d&rsquo;experts ind\u00e9pendants de haut niveau (IHLEG) qui avait r\u00e9uni \u00e0 Abou Dhabi des \u00e9conomistes de premier plan pour deux jours de pourparlers les 15 et 16 ao\u00fbt.<\/p>\n\n\n\n<p class=\"wp-block-paragraph\">La r\u00e9union, \u00e0 laquelle ont particip\u00e9 des personnalit\u00e9s \u00e9minentes, dont les copr\u00e9sidents de l&rsquo;IHLEG Lord Nicholas Stern et Dr Vera Songwe, ainsi que des repr\u00e9sentants de la Banque mondiale, du FMI, de la CEF et de la SFI, des Pr\u00e9sidences de la COP28 et de la COP27, a d\u00e9fini les prochaines \u00e9tapes cruciales de la r\u00e9forme du financement climatique Un rapport d\u00e9taill\u00e9, comprenant une feuille de route claire sur la mani\u00e8re de mettre en \u0153uvre les recommandations, sera pr\u00e9sent\u00e9 aux dirigeants mondiaux \u00e0 la COP28.<\/p>\n\n\n\n<p class=\"wp-block-paragraph\">Regardant vers l&rsquo;avenir et un autre moment important pour faire avancer \u00ab le financement climatique \u00bb, le Dr Al Jaber a \u00e9galement annonc\u00e9 que la pr\u00e9sidence de la COP28 des \u00c9mirats arabes unis accueillera la troisi\u00e8me Conf\u00e9rence minist\u00e9rielle sur le climat et le d\u00e9veloppement aux c\u00f4t\u00e9s des gouvernements du Royaume-Uni, du Malawi et de Vanuatu aux \u00c9mirats arabes unis le 29 octobre durant la p\u00e9riode officielle \u00ab pr\u00e9-COP \u00bb.<\/p>\n\n\n\n<p class=\"wp-block-paragraph\">La r\u00e9union, qui portera sur l&rsquo;am\u00e9lioration de l&rsquo;acc\u00e8s au financement de l&rsquo;adaptation et la fourniture de celui-ci, sera pr\u00e9sid\u00e9e par les ministres du climat et du d\u00e9veloppement des pays les moins avanc\u00e9s et de l&rsquo;AOSIS et r\u00e9unira \u00e9galement des ministres et des dirigeants des pays alli\u00e9s, des organisations financi\u00e8res internationales (IFI) et des banques multilat\u00e9rales de d\u00e9veloppement (BMD). Fonds pour le climat et grandes organisations multinationales.<\/p>\n\n\n\n<p class=\"wp-block-paragraph\">Au cours de sa visite en \u00c9thiopie, M. Al Jaber a \u00e9galement tenu des r\u00e9unions bilat\u00e9rales avec des dirigeants africains pour discuter du programme de financement climatique et de transition \u00e9nerg\u00e9tique de la COP28, notamment avec Alioune Ndoye, Ministre de l &lsquo; environnement, du d\u00e9veloppement et de la transition \u00e9cologique du S\u00e9n\u00e9gal; Barbra Creecy, Ministre des for\u00eats, des p\u00eaches et de l &lsquo; environnement de l &lsquo; Afrique du Sud; et Collins Nzovu, Ministre de l &lsquo; \u00e9conomie verte et de l &lsquo; environnement de la Zambie.<\/p>\n\n\n\n<p class=\"wp-block-paragraph\">Il a \u00e9galement salu\u00e9 en particulier l&rsquo;initiative Green Legacy de l&rsquo;\u00c9thiopie ax\u00e9e sur le boisement et le reboisement, qui a cr\u00e9\u00e9 plus de 767 000 emplois verts sous la direction du Premier ministre Abiy Ahmed Ali.<\/p>\n\n\n\n<p class=\"wp-block-paragraph\">La visite de M. Al Jaber en Afrique et son discours au sommet de la CMAE sont un moment important pour mobiliser les dirigeants africains avant la COP28 et pr\u00e9parer le terrain pour des r\u00e9sultats solides sur le financement international du climat, y compris les pertes et les dommages.<\/p>\n\n\n\n<p class=\"wp-block-paragraph\">La COP28 \u00c9mirats arabes unis se tiendra \u00e0 l&rsquo;Expo City Dubai du 30 novembre au 12 d\u00e9cembre 2023. La Conf\u00e9rence devrait r\u00e9unir plus de 70 000 participants, dont des chefs d&rsquo;\u00c9tat, des responsables gouvernementaux, des dirigeants internationaux de l&rsquo;industrie, des repr\u00e9sentants du secteur priv\u00e9, des universitaires, des experts, des jeunes et des acteurs non \u00e9tatiques. Comme mandat\u00e9 par l&rsquo;Accord de Paris sur le climat, la COP28 \u00c9mirats arabes unis pr\u00e9sentera le tout premier bilan mondial, une \u00e9valuation compl\u00e8te des progr\u00e8s accomplis par rapport aux objectifs climatiques.<\/p>\n\n\n\n<p class=\"wp-block-paragraph\">Les \u00c9mirats arabes unis m\u00e8neront un processus permettant \u00e0 toutes les parties de s&rsquo;entendre sur une feuille de route claire pour acc\u00e9l\u00e9rer les progr\u00e8s gr\u00e2ce \u00e0 une transition \u00e9nerg\u00e9tique mondiale pragmatique et \u00e0 une approche \u00abn&rsquo;abandonner personne\u00bb pour une action climatique inclusive<\/p>\n","protected":false},"excerpt":{"rendered":"<p>\u2022 Sultan Al Jaber, pr\u00e9sident d\u00e9sign\u00e9 de la COP28, s&rsquo;est adress\u00e9 \u00e0 la Conf\u00e9rence minist\u00e9rielle africaine sur l&rsquo;environnement (CMAE) en Ethiopie, au cours de laquelle il a reconnu les performances et le potentiel du continent africain en tant que moteur de la transition \u00e9nerg\u00e9tique et la n\u00e9cessit\u00e9 d&rsquo;un financement accru. \u2022 Il a r\u00e9it\u00e9r\u00e9 l&rsquo;appel [&hellip;]<\/p>\n","protected":false},"author":3,"featured_media":50054,"comment_status":"open","ping_status":"closed","sticky":false,"template":"","format":"standard","meta":{"content-type":"","jnews-multi-image_gallery":[],"jnews_single_post":{"subtitle":"","format":"standard","video":"","gallery":"","source_name":"","source_url":"","via_name":"","via_url":"","override_template":"0","override":[{"template":"1","single_blog_custom":"","parallax":"1","fullscreen":"1","layout":"right-sidebar","sidebar":"default-sidebar","second_sidebar":"default-sidebar","sticky_sidebar":"1","share_position":"top","share_float_style":"share-monocrhome","show_share_counter":"1","show_view_counter":"1","show_featured":"1","show_post_meta":"1","show_post_author":"1","show_post_author_image":"1","show_post_date":"1","post_date_format":"default","post_date_format_custom":"Y\/m\/d","show_post_category":"1","show_post_reading_time":"0","post_reading_time_wpm":"300","show_zoom_button":"0","zoom_button_out_step":"2","zoom_button_in_step":"3","show_post_tag":"1","show_prev_next_post":"1","show_popup_post":"1","number_popup_post":"1","show_author_box":"0","show_post_related":"0","show_inline_post_related":"0"}],"override_image_size":"0","image_override":[{"single_post_thumbnail_size":"crop-500","single_post_gallery_size":"crop-500"}],"trending_post":"0","trending_post_position":"meta","trending_post_label":"Trending","sponsored_post":"0","sponsored_post_label":"Sponsored by","sponsored_post_name":"","sponsored_post_url":"","sponsored_post_logo_enable":"0","sponsored_post_logo":"","sponsored_post_desc":"","disable_ad":"0"},"jnews_primary_category":{"id":"","hide":""},"jnews_override_bookmark_settings":[],"jnews_review":[],"enable_review":"","type":"","name":"","summary":"","brand":"","sku":"","good":[],"bad":[],"score_override":"","override_value":"","rating":[],"price":[],"jnews_post_split":[],"footnotes":""},"categories":[6],"tags":[4074,10727,10728],"class_list":["post-50049","post","type-post","status-publish","format-standard","has-post-thumbnail","hentry","category-world","tag-communaute-internationale","tag-cop28","tag-sultan-al-jaber"],"_links":{"self":[{"href":"https:\/\/www.africanchallenges.com\/index.php?rest_route=\/wp\/v2\/posts\/50049","targetHints":{"allow":["GET"]}}],"collection":[{"href":"https:\/\/www.africanchallenges.com\/index.php?rest_route=\/wp\/v2\/posts"}],"about":[{"href":"https:\/\/www.africanchallenges.com\/index.php?rest_route=\/wp\/v2\/types\/post"}],"author":[{"embeddable":true,"href":"https:\/\/www.africanchallenges.com\/index.php?rest_route=\/wp\/v2\/users\/3"}],"replies":[{"embeddable":true,"href":"https:\/\/www.africanchallenges.com\/index.php?rest_route=%2Fwp%2Fv2%2Fcomments&post=50049"}],"version-history":[{"count":3,"href":"https:\/\/www.africanchallenges.com\/index.php?rest_route=\/wp\/v2\/posts\/50049\/revisions"}],"predecessor-version":[{"id":50053,"href":"https:\/\/www.africanchallenges.com\/index.php?rest_route=\/wp\/v2\/posts\/50049\/revisions\/50053"}],"wp:featuredmedia":[{"embeddable":true,"href":"https:\/\/www.africanchallenges.com\/index.php?rest_route=\/wp\/v2\/media\/50054"}],"wp:attachment":[{"href":"https:\/\/www.africanchallenges.com\/index.php?rest_route=%2Fwp%2Fv2%2Fmedia&parent=50049"}],"wp:term":[{"taxonomy":"category","embeddable":true,"href":"https:\/\/www.africanchallenges.com\/index.php?rest_route=%2Fwp%2Fv2%2Fcategories&post=50049"},{"taxonomy":"post_tag","embeddable":true,"href":"https:\/\/www.africanchallenges.com\/index.php?rest_route=%2Fwp%2Fv2%2Ftags&post=50049"}],"curies":[{"name":"wp","href":"https:\/\/api.w.org\/{rel}","templated":true}]}}