{"id":50020,"date":"2023-08-22T11:35:55","date_gmt":"2023-08-22T11:35:55","guid":{"rendered":"https:\/\/www.africanchallenges.com\/?p=50020"},"modified":"2023-08-22T12:19:47","modified_gmt":"2023-08-22T12:19:47","slug":"tunisie-le-ministere-des-affaires-etrangeres-et-lisie-signent-un-memorandum-dentente-autour-des-preparatifs-des-echeances-electorales-a-letranger","status":"publish","type":"post","link":"https:\/\/www.africanchallenges.com\/?p=50020","title":{"rendered":"Tunisie : Le minist\u00e8re des Affaires \u00e9trang\u00e8res et l\u2019ISIE signent un m\u00e9morandum d\u2019entente autour des pr\u00e9paratifs des \u00e9ch\u00e9ances \u00e9lectorales \u00e0 l\u2019\u00e9tranger"},"content":{"rendered":"\n<p class=\"wp-block-paragraph\">Le ministre des Affaires \u00e9trang\u00e8res, de la Migration et des Tunisiens \u00e0 l\u2019\u00e9tranger, Nabil Ammar, et le pr\u00e9sident de l\u2019Instance sup\u00e9rieure ind\u00e9pendante pour les \u00e9lections, Farrouk Bouaskar, ont sign\u00e9, ce mardi 22 ao\u00fbt 2023, au si\u00e8ge du minist\u00e8re, un m\u00e9morandum d\u2019entente autour des pr\u00e9paratifs mat\u00e9riels et logistiques des diff\u00e9rentes \u00e9ch\u00e9ances \u00e9lectorales \u00e0 l\u2019\u00e9tranger.<\/p>\n\n\n\n<p class=\"wp-block-paragraph\">Nabil Ammar a affirm\u00e9 \u00ab les dispositions de son minist\u00e8re, \u00e0 travers les diff\u00e9rentes missions consulaires et diplomatiques \u00e0 l\u2019\u00e9tranger, \u00e0 contribuer \u00e0 r\u00e9unir les conditions de r\u00e9ussite \u00e0 l\u2019op\u00e9ration \u00e9lectorale, et \u00e0 aider l\u2019instance \u00e0 permettre aux membres de la colonie tunisienne d\u2019exercer leur droit \u00e9lectoral, dans le cadre de la loi et les meilleures conditions possibles, &nbsp;a indiqu\u00e9 un communiqu\u00e9 du d\u00e9partement du Nord-Hilton.<\/p>\n\n\n\n<p class=\"wp-block-paragraph\">Farrouk Bouaskar a valoris\u00e9 \u00ab le niveau de coop\u00e9ration entre le minist\u00e8re et l\u2019instance pendant les pr\u00e9c\u00e9dentes \u00e9ch\u00e9ances \u00e9lectorales \u00bb. Le minist\u00e8re est un partenaire principal de l\u2019instance en mati\u00e8re de r\u00e9ussite des rendez-vous \u00e9lectoraux, en facilitant la participation des Tunisiens expatri\u00e9s \u00e0 l\u2019op\u00e9ration de vote, a-t-il soulign\u00e9 en substance.<\/p>\n\n\n\n<p class=\"wp-block-paragraph\">Les deux parties ont soulign\u00e9 l\u2019important r\u00f4le d\u00e9volu \u00e0 la commission conjointe de suivi, quant \u00e0 mettre en application les clauses de ce m\u00e9morandum, et \u00e0 aplanir les difficult\u00e9s entravant la marche normale de l\u2019op\u00e9ration \u00e9lectorale \u00e0 l\u2019\u00e9tranger.<\/p>\n\n\n\n<p class=\"wp-block-paragraph\">L\u2019\u00e9lection de la deuxi\u00e8me chambre, l\u2019Assembl\u00e9e des r\u00e9gions et des districts, est attendue \u00e0 l\u2019automne prochain.<\/p>\n","protected":false},"excerpt":{"rendered":"<p>Le ministre des Affaires \u00e9trang\u00e8res, de la Migration et des Tunisiens \u00e0 l\u2019\u00e9tranger, Nabil Ammar, et le pr\u00e9sident de l\u2019Instance sup\u00e9rieure ind\u00e9pendante pour les \u00e9lections, Farrouk Bouaskar, ont sign\u00e9, ce mardi 22 ao\u00fbt 2023, au si\u00e8ge du minist\u00e8re, un m\u00e9morandum d\u2019entente autour des pr\u00e9paratifs mat\u00e9riels et logistiques des diff\u00e9rentes \u00e9ch\u00e9ances \u00e9lectorales \u00e0 l\u2019\u00e9tranger. Nabil Ammar [&hellip;]<\/p>\n","protected":false},"author":4,"featured_media":50022,"comment_status":"open","ping_status":"closed","sticky":false,"template":"","format":"standard","meta":{"content-type":"","jnews-multi-image_gallery":[],"jnews_single_post":{"subtitle":"","format":"standard","video":"","gallery":"","source_name":"","source_url":"","via_name":"","via_url":"","override_template":"0","override":[{"template":"1","single_blog_custom":"","parallax":"1","fullscreen":"1","layout":"right-sidebar","sidebar":"default-sidebar","second_sidebar":"default-sidebar","sticky_sidebar":"1","share_position":"top","share_float_style":"share-monocrhome","show_share_counter":"1","show_view_counter":"1","show_featured":"1","show_post_meta":"1","show_post_author":"1","show_post_author_image":"1","show_post_date":"1","post_date_format":"default","post_date_format_custom":"Y\/m\/d","show_post_category":"1","show_post_reading_time":"0","post_reading_time_wpm":"300","show_zoom_button":"0","zoom_button_out_step":"2","zoom_button_in_step":"3","show_post_tag":"1","show_prev_next_post":"1","show_popup_post":"1","number_popup_post":"1","show_author_box":"0","show_post_related":"0","show_inline_post_related":"0"}],"override_image_size":"0","image_override":[{"single_post_thumbnail_size":"crop-500","single_post_gallery_size":"crop-500"}],"trending_post":"0","trending_post_position":"meta","trending_post_label":"Trending","sponsored_post":"0","sponsored_post_label":"Sponsored by","sponsored_post_name":"","sponsored_post_url":"","sponsored_post_logo_enable":"0","sponsored_post_logo":"","sponsored_post_desc":"","disable_ad":"0"},"jnews_primary_category":{"id":"","hide":""},"jnews_override_bookmark_settings":[],"jnews_review":[],"enable_review":"","type":"","name":"","summary":"","brand":"","sku":"","good":[],"bad":[],"score_override":"","override_value":"","rating":[],"price":[],"jnews_post_split":[],"footnotes":""},"categories":[7950],"tags":[8131,8287,2154,9854,8407,5442,9906],"class_list":["post-50020","post","type-post","status-publish","format-standard","has-post-thumbnail","hentry","category-politique","tag-de-la-migration-et-des-tunisiens-a-letranger","tag-farrouk-bouaskar","tag-lisie","tag-le-ministre-des-affaires-etrangeres","tag-memorandum-dentente","tag-ministere-des-affaires-etrangeres","tag-nabil-ammar"],"_links":{"self":[{"href":"https:\/\/www.africanchallenges.com\/index.php?rest_route=\/wp\/v2\/posts\/50020","targetHints":{"allow":["GET"]}}],"collection":[{"href":"https:\/\/www.africanchallenges.com\/index.php?rest_route=\/wp\/v2\/posts"}],"about":[{"href":"https:\/\/www.africanchallenges.com\/index.php?rest_route=\/wp\/v2\/types\/post"}],"author":[{"embeddable":true,"href":"https:\/\/www.africanchallenges.com\/index.php?rest_route=\/wp\/v2\/users\/4"}],"replies":[{"embeddable":true,"href":"https:\/\/www.africanchallenges.com\/index.php?rest_route=%2Fwp%2Fv2%2Fcomments&post=50020"}],"version-history":[{"count":1,"href":"https:\/\/www.africanchallenges.com\/index.php?rest_route=\/wp\/v2\/posts\/50020\/revisions"}],"predecessor-version":[{"id":50021,"href":"https:\/\/www.africanchallenges.com\/index.php?rest_route=\/wp\/v2\/posts\/50020\/revisions\/50021"}],"wp:featuredmedia":[{"embeddable":true,"href":"https:\/\/www.africanchallenges.com\/index.php?rest_route=\/wp\/v2\/media\/50022"}],"wp:attachment":[{"href":"https:\/\/www.africanchallenges.com\/index.php?rest_route=%2Fwp%2Fv2%2Fmedia&parent=50020"}],"wp:term":[{"taxonomy":"category","embeddable":true,"href":"https:\/\/www.africanchallenges.com\/index.php?rest_route=%2Fwp%2Fv2%2Fcategories&post=50020"},{"taxonomy":"post_tag","embeddable":true,"href":"https:\/\/www.africanchallenges.com\/index.php?rest_route=%2Fwp%2Fv2%2Ftags&post=50020"}],"curies":[{"name":"wp","href":"https:\/\/api.w.org\/{rel}","templated":true}]}}