{"id":49763,"date":"2023-08-08T10:22:01","date_gmt":"2023-08-08T10:22:01","guid":{"rendered":"https:\/\/www.africanchallenges.com\/?p=49763"},"modified":"2023-08-08T10:30:28","modified_gmt":"2023-08-08T10:30:28","slug":"tunisie-le-president-de-la-republique-demande-lelaboration-d-un-projet-de-decret-portant-sur-lassainissement-de-ladministration","status":"publish","type":"post","link":"https:\/\/www.africanchallenges.com\/?p=49763","title":{"rendered":"Tunisie : Le pr\u00e9sident de la R\u00e9publique demande l\u2019\u00e9laboration d\u2019un projet de d\u00e9cret portant sur l\u2019assainissement de l\u2019administration"},"content":{"rendered":"\n<p class=\"wp-block-paragraph\">Le pr\u00e9sident de la r\u00e9publique, Ka\u00efs Sa\u00efed,a re\u00e7u hier lundi 07 ao\u00fbt \u00e0 Carthage, le chef du gouvernement, Ahmed Hachani.<\/p>\n\n\n\n<p class=\"wp-block-paragraph\">La rencontre a port\u00e9 sur&nbsp; la situation g\u00e9n\u00e9rale dans le pays, et la marche de l\u2019action du gouvernement dans l\u2019ensemble des secteurs.<\/p>\n\n\n\n<p class=\"wp-block-paragraph\">Sa\u00efed a appel\u00e9 \u00ab \u00e0 \u00e9laborer un projet de d\u00e9cret portant sur l\u2019assainissement de l\u2019administration de ceux qui s\u2019y sont faufil\u00e9s, ind\u00fbment, depuis plus d\u2019une d\u00e9cennie, et sont devenus des obstacles, entravant l\u2019action de l\u2019Etat \u00bb.<\/p>\n\n\n\n<p class=\"wp-block-paragraph\">Il a \u00e9t\u00e9, par ailleurs, question de \u00ab la hausse d\u00e9mesur\u00e9e des prix, laquelle nuit \u00e0 la fois au producteur et au consommateur, et ne profite qu\u2019aux circuits qualifi\u00e9s de distribution, mais qui \u0153uvrent \u00e0 affamer le citoyen, avec l\u2019appui des lobbies de corruption \u00bb, rapporte la pr\u00e9sidence dans un communiqu\u00e9.<\/p>\n\n\n\n<p class=\"wp-block-paragraph\">\u00ab L\u2019Etat ne restera pas les bras crois\u00e9s devant cette situation, afin que la loi soit appliqu\u00e9e \u00e0 tous \u00bb, s\u2019est-il engag\u00e9 appelant \u00e0 la conjugaison des efforts de tous les appareils \u00e9tatiques afin de d\u00e9jouer de tels plans.<\/p>\n\n\n\n<p class=\"wp-block-paragraph\">Le chef de l\u2019Etat a, par ailleurs, affirm\u00e9 \u00ab la n\u00e9cessit\u00e9 de choisir les responsables, sur la base de leur sens de responsabilit\u00e9, \u00e9tant entendu que la comp\u00e9tence, si elle n\u2019est pas accompagn\u00e9e d\u2019int\u00e9grit\u00e9, ne pourrait \u00eatre un crit\u00e8re de choix \u00bb.<\/p>\n\n\n\n<p class=\"wp-block-paragraph\">Il a, \u00e9galement, insist\u00e9 sur la n\u00e9cessaire harmonie de l\u2019action gouvernementale, car \u00ab il n\u2019existe qu\u2019un seul Etat en Tunisie, chaque secteur compl\u00e8te l\u2019autre dans le cadre de la politique de l\u2019Etat \u00bb.<\/p>\n\n\n\n<p class=\"wp-block-paragraph\">Les discussions ont, de surcro\u00eet, port\u00e9 sur \u00ab les campagnes de d\u00e9nigrement dirig\u00e9es contre la Tunisie, \u00e9manant de parties qui visent l\u2019ind\u00e9pendance de la d\u00e9cision nationale, lesquelles veulent dire au monde qu\u2019elles sont r\u00e9prim\u00e9es, alors qu\u2019elles \u00e9taient sources de vol, d\u2019injustice et de pers\u00e9cution \u00bb.<\/p>\n\n\n\n<p class=\"wp-block-paragraph\">Il a ainsi \u00e9voqu\u00e9 la prise en charge des migrants irr\u00e9guliers, \u00ab la Tunisie les traite, humainement ; un traitement qu\u2019ils ne trouveront pas dans de nombreux autres pays, face au silence suspect de nombreuses organisations internationales et associations, qui en apparence, font semblant de les prot\u00e9ger ; une protection qui ne d\u00e9passe pas les communiqu\u00e9s mensongers, n\u2019ayant rien \u00e0 voir absolument pas avec la r\u00e9alit\u00e9 \u00bb, a-t-il conclu.<\/p>\n","protected":false},"excerpt":{"rendered":"<p>Le pr\u00e9sident de la r\u00e9publique, Ka\u00efs Sa\u00efed,a re\u00e7u hier lundi 07 ao\u00fbt \u00e0 Carthage, le chef du gouvernement, Ahmed Hachani. La rencontre a port\u00e9 sur&nbsp; la situation g\u00e9n\u00e9rale dans le pays, et la marche de l\u2019action du gouvernement dans l\u2019ensemble des secteurs. Sa\u00efed a appel\u00e9 \u00ab \u00e0 \u00e9laborer un projet de d\u00e9cret portant sur l\u2019assainissement [&hellip;]<\/p>\n","protected":false},"author":4,"featured_media":49767,"comment_status":"open","ping_status":"closed","sticky":false,"template":"","format":"standard","meta":{"content-type":"","jnews-multi-image_gallery":[],"jnews_single_post":{"subtitle":"","format":"standard","video":"","gallery":"","source_name":"","source_url":"","via_name":"","via_url":"","override_template":"0","override":[{"template":"1","single_blog_custom":"","parallax":"1","fullscreen":"1","layout":"right-sidebar","sidebar":"default-sidebar","second_sidebar":"default-sidebar","sticky_sidebar":"1","share_position":"top","share_float_style":"share-monocrhome","show_share_counter":"1","show_view_counter":"1","show_featured":"1","show_post_meta":"1","show_post_author":"1","show_post_author_image":"1","show_post_date":"1","post_date_format":"default","post_date_format_custom":"Y\/m\/d","show_post_category":"1","show_post_reading_time":"0","post_reading_time_wpm":"300","show_zoom_button":"0","zoom_button_out_step":"2","zoom_button_in_step":"3","show_post_tag":"1","show_prev_next_post":"1","show_popup_post":"1","number_popup_post":"1","show_author_box":"0","show_post_related":"0","show_inline_post_related":"0"}],"override_image_size":"0","image_override":[{"single_post_thumbnail_size":"crop-500","single_post_gallery_size":"crop-500"}],"trending_post":"0","trending_post_position":"meta","trending_post_label":"Trending","sponsored_post":"0","sponsored_post_label":"Sponsored by","sponsored_post_name":"","sponsored_post_url":"","sponsored_post_logo_enable":"0","sponsored_post_logo":"","sponsored_post_desc":"","disable_ad":"0"},"jnews_primary_category":{"id":"","hide":""},"jnews_override_bookmark_settings":[],"jnews_review":[],"enable_review":"","type":"","name":"","summary":"","brand":"","sku":"","good":[],"bad":[],"score_override":"","override_value":"","rating":[],"price":[],"jnews_post_split":[],"footnotes":""},"categories":[2],"tags":[10617,1043,8773,3694,1282],"class_list":["post-49763","post","type-post","status-publish","format-standard","has-post-thumbnail","hentry","category-news-politique","tag-ahmed-hachani","tag-assainissement","tag-elaboration-2","tag-kais-saied","tag-rencontre"],"_links":{"self":[{"href":"https:\/\/www.africanchallenges.com\/index.php?rest_route=\/wp\/v2\/posts\/49763","targetHints":{"allow":["GET"]}}],"collection":[{"href":"https:\/\/www.africanchallenges.com\/index.php?rest_route=\/wp\/v2\/posts"}],"about":[{"href":"https:\/\/www.africanchallenges.com\/index.php?rest_route=\/wp\/v2\/types\/post"}],"author":[{"embeddable":true,"href":"https:\/\/www.africanchallenges.com\/index.php?rest_route=\/wp\/v2\/users\/4"}],"replies":[{"embeddable":true,"href":"https:\/\/www.africanchallenges.com\/index.php?rest_route=%2Fwp%2Fv2%2Fcomments&post=49763"}],"version-history":[{"count":2,"href":"https:\/\/www.africanchallenges.com\/index.php?rest_route=\/wp\/v2\/posts\/49763\/revisions"}],"predecessor-version":[{"id":49766,"href":"https:\/\/www.africanchallenges.com\/index.php?rest_route=\/wp\/v2\/posts\/49763\/revisions\/49766"}],"wp:featuredmedia":[{"embeddable":true,"href":"https:\/\/www.africanchallenges.com\/index.php?rest_route=\/wp\/v2\/media\/49767"}],"wp:attachment":[{"href":"https:\/\/www.africanchallenges.com\/index.php?rest_route=%2Fwp%2Fv2%2Fmedia&parent=49763"}],"wp:term":[{"taxonomy":"category","embeddable":true,"href":"https:\/\/www.africanchallenges.com\/index.php?rest_route=%2Fwp%2Fv2%2Fcategories&post=49763"},{"taxonomy":"post_tag","embeddable":true,"href":"https:\/\/www.africanchallenges.com\/index.php?rest_route=%2Fwp%2Fv2%2Ftags&post=49763"}],"curies":[{"name":"wp","href":"https:\/\/api.w.org\/{rel}","templated":true}]}}