{"id":49732,"date":"2023-08-07T13:55:29","date_gmt":"2023-08-07T13:55:29","guid":{"rendered":"https:\/\/www.africanchallenges.com\/?p=49732"},"modified":"2023-08-07T14:15:26","modified_gmt":"2023-08-07T14:15:26","slug":"tunisie-une-mission-dhommes-daffaires-en-jordanie-du-28-aout-au-1er-septembre","status":"publish","type":"post","link":"https:\/\/www.africanchallenges.com\/?p=49732","title":{"rendered":"Tunisie : Une mission d\u2019hommes d\u2019affaires en Jordanie du 28 Ao\u00fbt au 1er Septembre"},"content":{"rendered":"\n<p class=\"wp-block-paragraph\">La Chambre de Commerce et d\u2019Industrie de Tunis organise en collaboration avec La Chambre de Commerce et d\u2019Industrie de Madaba et la Chambre de commerce de Amman une mission d\u2019hommes d\u2019affaires tunisiens en Jordanie, et ce du 28 Ao\u00fbt au 1er Septembre 2023.<\/p>\n\n\n\n<p class=\"wp-block-paragraph\">Au programme, des rencontres B2B avec les repr\u00e9sentants des entreprises de la r\u00e9gion de Madaba et celle de Amman dans les secteurs suivants : Agroalimentaire, Electricit\u00e9, Services, IT, Industrie pharmaceutique, Tourisme, lit-on dans un communiqu\u00e9 publi\u00e9 par la chambre .<\/p>\n\n\n\n<p class=\"wp-block-paragraph\">Des visites de sites sont pr\u00e9vues ainsi que la participation \u00e0 la conf\u00e9rence internationale sur la propri\u00e9t\u00e9 intellectuelle organis\u00e9e par l\u2019Entreprise Jordanienne pour le d\u00e9veloppement des Projets (JEDCO) dans le cadre du Projet IPMED .<\/p>\n","protected":false},"excerpt":{"rendered":"<p>La Chambre de Commerce et d\u2019Industrie de Tunis organise en collaboration avec La Chambre de Commerce et d\u2019Industrie de Madaba et la Chambre de commerce de Amman une mission d\u2019hommes d\u2019affaires tunisiens en Jordanie, et ce du 28 Ao\u00fbt au 1er Septembre 2023. Au programme, des rencontres B2B avec les repr\u00e9sentants des entreprises de la [&hellip;]<\/p>\n","protected":false},"author":4,"featured_media":49734,"comment_status":"open","ping_status":"closed","sticky":false,"template":"","format":"standard","meta":{"content-type":"","jnews-multi-image_gallery":[],"jnews_single_post":{"subtitle":"","format":"standard","video":"","gallery":"","source_name":"","source_url":"","via_name":"","via_url":"","override_template":"0","override":[{"template":"1","single_blog_custom":"","parallax":"1","fullscreen":"1","layout":"right-sidebar","sidebar":"default-sidebar","second_sidebar":"default-sidebar","sticky_sidebar":"1","share_position":"top","share_float_style":"share-monocrhome","show_share_counter":"1","show_view_counter":"1","show_featured":"1","show_post_meta":"1","show_post_author":"1","show_post_author_image":"1","show_post_date":"1","post_date_format":"default","post_date_format_custom":"Y\/m\/d","show_post_category":"1","show_post_reading_time":"0","post_reading_time_wpm":"300","show_zoom_button":"0","zoom_button_out_step":"2","zoom_button_in_step":"3","show_post_tag":"1","show_prev_next_post":"1","show_popup_post":"1","number_popup_post":"1","show_author_box":"0","show_post_related":"0","show_inline_post_related":"0"}],"override_image_size":"0","image_override":[{"single_post_thumbnail_size":"crop-500","single_post_gallery_size":"crop-500"}],"trending_post":"0","trending_post_position":"meta","trending_post_label":"Trending","sponsored_post":"0","sponsored_post_label":"Sponsored by","sponsored_post_name":"","sponsored_post_url":"","sponsored_post_logo_enable":"0","sponsored_post_logo":"","sponsored_post_desc":"","disable_ad":"0"},"jnews_primary_category":{"id":"","hide":""},"jnews_override_bookmark_settings":[],"jnews_review":[],"enable_review":"","type":"","name":"","summary":"","brand":"","sku":"","good":[],"bad":[],"score_override":"","override_value":"","rating":[],"price":[],"jnews_post_split":[],"footnotes":""},"categories":[43,73],"tags":[10647,10646,10645,1011],"class_list":["post-49732","post","type-post","status-publish","format-standard","has-post-thumbnail","hentry","category-eco-business","category-eco","tag-chambre-de-commerce-de-amman","tag-chambre-de-commerce-et-dindustrie-de-madaba","tag-jordanie","tag-mission"],"_links":{"self":[{"href":"https:\/\/www.africanchallenges.com\/index.php?rest_route=\/wp\/v2\/posts\/49732","targetHints":{"allow":["GET"]}}],"collection":[{"href":"https:\/\/www.africanchallenges.com\/index.php?rest_route=\/wp\/v2\/posts"}],"about":[{"href":"https:\/\/www.africanchallenges.com\/index.php?rest_route=\/wp\/v2\/types\/post"}],"author":[{"embeddable":true,"href":"https:\/\/www.africanchallenges.com\/index.php?rest_route=\/wp\/v2\/users\/4"}],"replies":[{"embeddable":true,"href":"https:\/\/www.africanchallenges.com\/index.php?rest_route=%2Fwp%2Fv2%2Fcomments&post=49732"}],"version-history":[{"count":1,"href":"https:\/\/www.africanchallenges.com\/index.php?rest_route=\/wp\/v2\/posts\/49732\/revisions"}],"predecessor-version":[{"id":49733,"href":"https:\/\/www.africanchallenges.com\/index.php?rest_route=\/wp\/v2\/posts\/49732\/revisions\/49733"}],"wp:featuredmedia":[{"embeddable":true,"href":"https:\/\/www.africanchallenges.com\/index.php?rest_route=\/wp\/v2\/media\/49734"}],"wp:attachment":[{"href":"https:\/\/www.africanchallenges.com\/index.php?rest_route=%2Fwp%2Fv2%2Fmedia&parent=49732"}],"wp:term":[{"taxonomy":"category","embeddable":true,"href":"https:\/\/www.africanchallenges.com\/index.php?rest_route=%2Fwp%2Fv2%2Fcategories&post=49732"},{"taxonomy":"post_tag","embeddable":true,"href":"https:\/\/www.africanchallenges.com\/index.php?rest_route=%2Fwp%2Fv2%2Ftags&post=49732"}],"curies":[{"name":"wp","href":"https:\/\/api.w.org\/{rel}","templated":true}]}}