{"id":49712,"date":"2023-08-06T20:27:44","date_gmt":"2023-08-06T20:27:44","guid":{"rendered":"https:\/\/www.africanchallenges.com\/?p=49712"},"modified":"2023-08-06T20:32:27","modified_gmt":"2023-08-06T20:32:27","slug":"tunisie-tunisair-alloue-un-gros-airbus-330-pour-pouvoir-rapatrier-les-tunisiens-du-niger","status":"publish","type":"post","link":"https:\/\/www.africanchallenges.com\/?p=49712","title":{"rendered":"Tunisie : Tunisair alloue un gros Airbus 330 pour pouvoir rapatrier les Tunisiens du Niger"},"content":{"rendered":"\n<p class=\"wp-block-paragraph\">Suite \u00e0 la d\u00e9cision des autorit\u00e9s nig\u00e9riennes de rouvrir partiellement l\u2019espace a\u00e9rien au trafic de l\u2019aviation civile, le minist\u00e8re du Transport a &nbsp;inform\u00e9 dans un communiqu\u00e9 rendu public dans la soir\u00e9e de dimanche 6 ao\u00fbt 2023 , que Tunisair, dans le cadre du r\u00e9tablissement progressif de la coordination de son programme commercial, a assur\u00e9 le transport de 120 passagers \u00e0 bord du vol TU390 en provenance de la capitale Niamey et devrait arriver \u00e0 l\u2019a\u00e9roport de Tunis-Carthage \u00e0 23h11 heure de Tunis.<\/p>\n\n\n\n<p class=\"wp-block-paragraph\">La m\u00eame source a indiqu\u00e9 que Tunisair a allou\u00e9 un gros Airbus 330 pour pouvoir accueillir le plus grand nombre possible de Tunisiens souhaitant rentrer dans leur pays, apr\u00e8s que le vol qui \u00e9tait pr\u00e9vu hier, samedi 05 ao\u00fbt 2023, ait \u00e9t\u00e9 report\u00e9 en raison de la difficult\u00e9 de ravitaillement \u00e0 l\u2019a\u00e9roport de Niamey en raison de la situation au Niger.<\/p>\n","protected":false},"excerpt":{"rendered":"<p>Suite \u00e0 la d\u00e9cision des autorit\u00e9s nig\u00e9riennes de rouvrir partiellement l\u2019espace a\u00e9rien au trafic de l\u2019aviation civile, le minist\u00e8re du Transport a &nbsp;inform\u00e9 dans un communiqu\u00e9 rendu public dans la soir\u00e9e de dimanche 6 ao\u00fbt 2023 , que Tunisair, dans le cadre du r\u00e9tablissement progressif de la coordination de son programme commercial, a assur\u00e9 le [&hellip;]<\/p>\n","protected":false},"author":3,"featured_media":16561,"comment_status":"open","ping_status":"closed","sticky":false,"template":"","format":"standard","meta":{"content-type":"","jnews-multi-image_gallery":[],"jnews_single_post":{"subtitle":"","format":"standard","video":"","gallery":"","source_name":"","source_url":"","via_name":"","via_url":"","override_template":"0","override":[{"template":"1","single_blog_custom":"","parallax":"1","fullscreen":"1","layout":"right-sidebar","sidebar":"default-sidebar","second_sidebar":"default-sidebar","sticky_sidebar":"1","share_position":"top","share_float_style":"share-monocrhome","show_share_counter":"1","show_view_counter":"1","show_featured":"1","show_post_meta":"1","show_post_author":"1","show_post_author_image":"1","show_post_date":"1","post_date_format":"default","post_date_format_custom":"Y\/m\/d","show_post_category":"1","show_post_reading_time":"0","post_reading_time_wpm":"300","show_zoom_button":"0","zoom_button_out_step":"2","zoom_button_in_step":"3","show_post_tag":"1","show_prev_next_post":"1","show_popup_post":"1","number_popup_post":"1","show_author_box":"0","show_post_related":"0","show_inline_post_related":"0"}],"override_image_size":"0","image_override":[{"single_post_thumbnail_size":"crop-500","single_post_gallery_size":"crop-500"}],"trending_post":"0","trending_post_position":"meta","trending_post_label":"Trending","sponsored_post":"0","sponsored_post_label":"Sponsored by","sponsored_post_name":"","sponsored_post_url":"","sponsored_post_logo_enable":"0","sponsored_post_logo":"","sponsored_post_desc":"","disable_ad":"0"},"jnews_primary_category":{"id":"","hide":""},"jnews_override_bookmark_settings":[],"jnews_review":[],"enable_review":"","type":"","name":"","summary":"","brand":"","sku":"","good":[],"bad":[],"score_override":"","override_value":"","rating":[],"price":[],"jnews_post_split":[],"footnotes":""},"categories":[61],"tags":[1763,924,1175],"class_list":["post-49712","post","type-post","status-publish","format-standard","has-post-thumbnail","hentry","category-societe","tag-ministere-du-transport","tag-tunisair","tag-tunisiens"],"_links":{"self":[{"href":"https:\/\/www.africanchallenges.com\/index.php?rest_route=\/wp\/v2\/posts\/49712","targetHints":{"allow":["GET"]}}],"collection":[{"href":"https:\/\/www.africanchallenges.com\/index.php?rest_route=\/wp\/v2\/posts"}],"about":[{"href":"https:\/\/www.africanchallenges.com\/index.php?rest_route=\/wp\/v2\/types\/post"}],"author":[{"embeddable":true,"href":"https:\/\/www.africanchallenges.com\/index.php?rest_route=\/wp\/v2\/users\/3"}],"replies":[{"embeddable":true,"href":"https:\/\/www.africanchallenges.com\/index.php?rest_route=%2Fwp%2Fv2%2Fcomments&post=49712"}],"version-history":[{"count":3,"href":"https:\/\/www.africanchallenges.com\/index.php?rest_route=\/wp\/v2\/posts\/49712\/revisions"}],"predecessor-version":[{"id":49715,"href":"https:\/\/www.africanchallenges.com\/index.php?rest_route=\/wp\/v2\/posts\/49712\/revisions\/49715"}],"wp:featuredmedia":[{"embeddable":true,"href":"https:\/\/www.africanchallenges.com\/index.php?rest_route=\/wp\/v2\/media\/16561"}],"wp:attachment":[{"href":"https:\/\/www.africanchallenges.com\/index.php?rest_route=%2Fwp%2Fv2%2Fmedia&parent=49712"}],"wp:term":[{"taxonomy":"category","embeddable":true,"href":"https:\/\/www.africanchallenges.com\/index.php?rest_route=%2Fwp%2Fv2%2Fcategories&post=49712"},{"taxonomy":"post_tag","embeddable":true,"href":"https:\/\/www.africanchallenges.com\/index.php?rest_route=%2Fwp%2Fv2%2Ftags&post=49712"}],"curies":[{"name":"wp","href":"https:\/\/api.w.org\/{rel}","templated":true}]}}