{"id":49643,"date":"2023-08-03T13:23:01","date_gmt":"2023-08-03T13:23:01","guid":{"rendered":"https:\/\/www.africanchallenges.com\/?p=49643"},"modified":"2023-08-03T13:23:43","modified_gmt":"2023-08-03T13:23:43","slug":"tunisie-le-chef-de-letat-preside-la-ceremonie-de-passation-des-pouvoirs-a-la-kasbah-entre-la-cheffe-du-gouvernement-sortante-najla-bouden-et-de-son-successeur-ahmed-hachani","status":"publish","type":"post","link":"https:\/\/www.africanchallenges.com\/?p=49643","title":{"rendered":"Tunisie : Le chef de l&rsquo;Etat pr\u00e9side la c\u00e9r\u00e9monie de passation des pouvoirs \u00e0 la Kasbah entre la cheffe du gouvernement sortante, Najla Bouden et de son successeur, Ahmed Hachani"},"content":{"rendered":"\n<p class=\"wp-block-paragraph\">Le pr\u00e9sident de la R\u00e9publique, Ka\u00efs Sa\u00efed, a plaid\u00e9 hier, mercredi 2 ao\u00fbt 2023, \u00ab\u00a0la continuit\u00e9 de l&rsquo;Etat et des institutions\u00a0\u00bb, soulignant que \u00ab\u00a0les priorit\u00e9s en Tunisie sont fondamentalement \u00e9conomiques et sociales, il ne reste que de grands d\u00e9fis \u00e0 atteindre et qu&rsquo;il reste encore un long chemin \u00e0 parcourir. \u00bb<\/p>\n\n\n\n<p class=\"wp-block-paragraph\">Pr\u00e9sidant la c\u00e9r\u00e9monie de passation des pouvoirs, \u00e0 la Kasbah, en pr\u00e9sence de la cheffe du gouvernement sortante, Najla Bouden, et de son successeur, Ahmed Hachani, Sa\u00efed a rappel\u00e9 que \u00ab la fonction ex\u00e9cutive est assur\u00e9e par un pr\u00e9sident de la r\u00e9publique, aid\u00e9 par un gouvernement, dirig\u00e9 par un chef du gouvernement \u00bb.<\/p>\n\n\n\n<p class=\"wp-block-paragraph\">Il a appel\u00e9, dans une allocution vid\u00e9o, \u00e0 ce qu\u2019il y ait \u00ab harmonie et compl\u00e9mentarit\u00e9 \u00bb entre les deux organes de l\u2019ex\u00e9cutif et entre l\u2019ensemble des institutions de l\u2019Etat, comme le pr\u00e9voit la constitution.<\/p>\n\n\n\n<p class=\"wp-block-paragraph\">Sa\u00efed s\u2019est, par ailleurs, engag\u00e9 \u00e0 poursuivre l\u2019assainissement du pays, des corrompus et corrupteurs qui se croient au-dessus de tout questionnement ou jugement.<\/p>\n\n\n\n<p class=\"wp-block-paragraph\">Il a, \u00e9galement, soulign\u00e9 que les d\u00e9fis sont nombreux et consistent \u00e0 lutter, bien entendu contre le terrorisme, et contre un autre type de terrorisme, celui des cartels qui cherchent, derri\u00e8re le rideau, \u00e0 affamer le peuple et \u00e0 menacer la paix civile \u00bb.<\/p>\n\n\n\n<p class=\"wp-block-paragraph\">Sa\u00efed a averti \u00ab les lobbies qui cherchent \u00e0 attiser la situation sociale \u00bb, et a promis \u00ab de les poursuivre, dans le cadre de proc\u00e8s \u00e9quitables, afin qu\u2019ils paient cher le prix de leurs actes \u00bb, appelant \u00e0 la n\u00e9cessit\u00e9 de ne pas les laisser s\u00e9vir dans le pays, comme si de rien n\u2019\u00e9tait.<\/p>\n\n\n\n<p class=\"wp-block-paragraph\">Il a, par ailleurs, affirm\u00e9 que \u00ab l\u2019Etat ne renoncera \u00e0 son r\u00f4le social. \u00bb&nbsp; \u00ab Le devoir de l\u2019Etat ne consiste pas \u00e0 maintenir l\u2019ordre uniquement, mais aussi \u00e0 accomplir son r\u00f4le social \u00bb.<\/p>\n\n\n\n<p class=\"wp-block-paragraph\">Il a appel\u00e9 celui qui assume une responsabilit\u00e9 au sein de l\u2019administration, \u00ab \u00e0 la remplir avec sinc\u00e9rit\u00e9 et loyaut\u00e9, et non d\u2019entraver l\u2019action de l\u2019administration \u00bb. \u00ab Il faudrait assainir l\u2019administration, apr\u00e8s les nominations effectu\u00e9es la derni\u00e8re d\u00e9cennies et la propagation de faux dipl\u00f4mes \u00bb, a-t-il r\u00e9clam\u00e9.<\/p>\n\n\n\n<p class=\"wp-block-paragraph\">Sur un autre plan, Sa\u00efed a annonc\u00e9 que l\u2019\u00e9lection de l\u2019Assembl\u00e9e nationale des r\u00e9gions et districts aura lieu \u00e0 l\u2019automne, c\u2019est-\u00e0-dire en octobre ou en novembre 2023.<\/p>\n\n\n\n<p class=\"wp-block-paragraph\">\u00ab La deuxi\u00e8me chambre parlementaire, dont de nombreux n\u2019ont pas compris la finalit\u00e9, vise \u00e0 impliquer les marginalis\u00e9s dans la prise de d\u00e9cision, et non de rester en dehors du cercle de d\u00e9cision, comme c\u2019\u00e9tait le cas depuis l\u2019\u00e9poque des beys \u00bb, a-t-il expliqu\u00e9.<\/p>\n\n\n\n<p class=\"wp-block-paragraph\">Le pays a besoin d\u2019une approche globale en termes de d\u00e9veloppement, et non une approche sectorielle et r\u00e9gionale, a-t-il soulign\u00e9. \u00ab La Tunisie a besoin de travail qui est l\u2019unique voie de l\u2019essor et de la cr\u00e9ation des richesses \u00bb, a-t-il dit.<\/p>\n\n\n\n<p class=\"wp-block-paragraph\">Le chef de l\u2019Etat a remerci\u00e9 chaleureusement Najla Bouden, pour s\u2019\u00eatre acquitt\u00e9e de sa mission avec abn\u00e9gation, formulant ses v\u0153ux de r\u00e9ussite pour son successeur, Ahmed Hachani.<\/p>\n","protected":false},"excerpt":{"rendered":"<p>Le pr\u00e9sident de la R\u00e9publique, Ka\u00efs Sa\u00efed, a plaid\u00e9 hier, mercredi 2 ao\u00fbt 2023, \u00ab\u00a0la continuit\u00e9 de l&rsquo;Etat et des institutions\u00a0\u00bb, soulignant que \u00ab\u00a0les priorit\u00e9s en Tunisie sont fondamentalement \u00e9conomiques et sociales, il ne reste que de grands d\u00e9fis \u00e0 atteindre et qu&rsquo;il reste encore un long chemin \u00e0 parcourir. \u00bb Pr\u00e9sidant la c\u00e9r\u00e9monie de [&hellip;]<\/p>\n","protected":false},"author":4,"featured_media":49644,"comment_status":"open","ping_status":"closed","sticky":false,"template":"","format":"standard","meta":{"content-type":"","jnews-multi-image_gallery":[],"jnews_single_post":{"subtitle":"","format":"standard","video":"","gallery":"","source_name":"","source_url":"","via_name":"","via_url":"","override_template":"0","override":[{"template":"1","single_blog_custom":"","parallax":"1","fullscreen":"1","layout":"right-sidebar","sidebar":"default-sidebar","second_sidebar":"default-sidebar","sticky_sidebar":"1","share_position":"top","share_float_style":"share-monocrhome","show_share_counter":"1","show_view_counter":"1","show_featured":"1","show_post_meta":"1","show_post_author":"1","show_post_author_image":"1","show_post_date":"1","post_date_format":"default","post_date_format_custom":"Y\/m\/d","show_post_category":"1","show_post_reading_time":"0","post_reading_time_wpm":"300","show_zoom_button":"0","zoom_button_out_step":"2","zoom_button_in_step":"3","show_post_tag":"1","show_prev_next_post":"1","show_popup_post":"1","number_popup_post":"1","show_author_box":"0","show_post_related":"0","show_inline_post_related":"0"}],"override_image_size":"0","image_override":[{"single_post_thumbnail_size":"crop-500","single_post_gallery_size":"crop-500"}],"trending_post":"0","trending_post_position":"meta","trending_post_label":"Trending","sponsored_post":"0","sponsored_post_label":"Sponsored by","sponsored_post_name":"","sponsored_post_url":"","sponsored_post_logo_enable":"0","sponsored_post_logo":"","sponsored_post_desc":"","disable_ad":"0"},"jnews_primary_category":{"id":"","hide":""},"jnews_override_bookmark_settings":[],"jnews_review":[],"enable_review":"","type":"","name":"","summary":"","brand":"","sku":"","good":[],"bad":[],"score_override":"","override_value":"","rating":[],"price":[],"jnews_post_split":[],"footnotes":""},"categories":[2],"tags":[10617,229,4223],"class_list":["post-49643","post","type-post","status-publish","format-standard","has-post-thumbnail","hentry","category-news-politique","tag-ahmed-hachani","tag-ceremonie","tag-passation"],"_links":{"self":[{"href":"https:\/\/www.africanchallenges.com\/index.php?rest_route=\/wp\/v2\/posts\/49643","targetHints":{"allow":["GET"]}}],"collection":[{"href":"https:\/\/www.africanchallenges.com\/index.php?rest_route=\/wp\/v2\/posts"}],"about":[{"href":"https:\/\/www.africanchallenges.com\/index.php?rest_route=\/wp\/v2\/types\/post"}],"author":[{"embeddable":true,"href":"https:\/\/www.africanchallenges.com\/index.php?rest_route=\/wp\/v2\/users\/4"}],"replies":[{"embeddable":true,"href":"https:\/\/www.africanchallenges.com\/index.php?rest_route=%2Fwp%2Fv2%2Fcomments&post=49643"}],"version-history":[{"count":1,"href":"https:\/\/www.africanchallenges.com\/index.php?rest_route=\/wp\/v2\/posts\/49643\/revisions"}],"predecessor-version":[{"id":49645,"href":"https:\/\/www.africanchallenges.com\/index.php?rest_route=\/wp\/v2\/posts\/49643\/revisions\/49645"}],"wp:featuredmedia":[{"embeddable":true,"href":"https:\/\/www.africanchallenges.com\/index.php?rest_route=\/wp\/v2\/media\/49644"}],"wp:attachment":[{"href":"https:\/\/www.africanchallenges.com\/index.php?rest_route=%2Fwp%2Fv2%2Fmedia&parent=49643"}],"wp:term":[{"taxonomy":"category","embeddable":true,"href":"https:\/\/www.africanchallenges.com\/index.php?rest_route=%2Fwp%2Fv2%2Fcategories&post=49643"},{"taxonomy":"post_tag","embeddable":true,"href":"https:\/\/www.africanchallenges.com\/index.php?rest_route=%2Fwp%2Fv2%2Ftags&post=49643"}],"curies":[{"name":"wp","href":"https:\/\/api.w.org\/{rel}","templated":true}]}}