{"id":49161,"date":"2023-07-07T15:37:30","date_gmt":"2023-07-07T15:37:30","guid":{"rendered":"https:\/\/www.africanchallenges.com\/?p=49161"},"modified":"2023-07-07T16:13:50","modified_gmt":"2023-07-07T16:13:50","slug":"allocution-du-ministre-des-affaires-etrangeres-nabil-ammar-a-loccasion-de-la-celebration-de-la-fete-de-lindependance-des-etats-unis-damerique","status":"publish","type":"post","link":"https:\/\/www.africanchallenges.com\/?p=49161","title":{"rendered":"Tunisie : Le Ministre des Affaires Etrang\u00e8res, Nabil Ammar, participe \u00e0 la c\u00e9l\u00e9bration de la f\u00eate de l\u2019Ind\u00e9pendance des Etats-Unis D\u2019Am\u00e9rique"},"content":{"rendered":"\n<p class=\"wp-block-paragraph\"><\/p>\n\n\n\n<div>\u00a0<\/div>\n<div>\n<p>Le Ministre des Affaires Etrang\u00e8res, de la Migration et des Tunisiens \u00e0 l&rsquo;Etranger, Nabil Ammar a assist\u00e9 \u00a0hier jeudi 7 juillet 2023 aux c\u00e9l\u00e9brations de la f\u00eate de l&rsquo;ind\u00e9pendance des Etats-Unis D\u2019Am\u00e9rique , voici le texte int\u00e9gral de son discours\u00a0:<\/p>\n<\/div>\n<div>\u00a0<\/div>\n<div>\u00a0<\/div>\n<div>\u00a0<\/div>\n<div>M. l\u2019Ambassadeur Hood,<\/div>\n<div>Mme Hood,<\/div>\n<div>Mme la Ministre Sihem Boughdiri Nemsia,<\/div>\n<div>Mesdames, Messieurs<\/div>\n<div>\u00a0<\/div>\n<div>\u00a0<\/div>\n<div>Merci pour votre invitation, et excellente f\u00eate du 4 juillet! Nous savons, et nous le comprenons tr\u00e8s bien, combien cette comm\u00e9moration de votre ind\u00e9pendance est ch\u00e8re, \u00e0 tous vos concitoyens.<\/div>\n<div>\u00a0<\/div>\n<div>Au nom du Gouvernement tunisien, je vous adresse, et \u00e0 travers vous, M. l\u2019Ambassadeur, \u00e0 tous vos concitoyens, nos f\u00e9licitations et nos v\u0153ux les plus chaleureux, pour davantage de progr\u00e8s, et de prosp\u00e9rit\u00e9 \u00e0 votre Nation.<\/div>\n<div>\u00a0<\/div>\n<div>Cette ind\u00e9pendance, obtenue de haute lutte, le monde est t\u00e9moin de tout ce que votre pays fait, \u00e0 l\u2019int\u00e9rieur et \u00e0 l\u2019ext\u00e9rieur, pour bien s\u2019assurer de la d\u00e9fendre et la renforcer, sans concession, et avec succ\u00e8s.<\/div>\n<div>\u00a0<\/div>\n<div>Et vos r\u00e9alisations sont consid\u00e9rables. Dans de nombreux domaines de la sph\u00e8re publique et priv\u00e9e, que ce soit l\u2019\u00e9conomie, les sciences, la culture, la communication ou bien d\u2019autres.<\/div>\n<div>\u00a0<\/div>\n<div>Sur votre terre, tant de personnes, venues d\u2019horizons si divers, ont pu, et continuent de le faire, d\u00e9velopper tant de projets et innovations, qui forcent l\u2019admiration par leur port\u00e9e dans le monde entier.<\/div>\n<div>\u00a0<\/div>\n<div>C\u2019est v\u00e9ritablement une chance inou\u00efe, de disposer de ces capacit\u00e9s formidables. Et, mieux encore, de pouvoir d\u00e9cider, de les mettre au service de la stabilit\u00e9 et de la paix, de l\u2019\u00e9change et de la solidarit\u00e9, de la protection de notre plan\u00e8te, et de la r\u00e9duction des in\u00e9galit\u00e9s abyssales qui l\u2019affectent. D\u00e9cider en fait, du renforcement du progr\u00e8s humain, en g\u00e9n\u00e9ral, o\u00f9 qu\u2019il soit! Et en faire le v\u00e9ritable moteur de la croissance mondiale!<\/div>\n<div>\u00a0<\/div>\n<div>Cet attachement, visc\u00e9ral et l\u00e9gitime, \u00e0 votre ind\u00e9pendance, avec cette aspiration \u00e0 la libert\u00e9, qui cimentent votre Nation, ce sont des valeurs que nous partageons enti\u00e8rement avec vous, nous les Tunisiens. Et nous l\u2019avons montr\u00e9, et continuons, tout au long de notre longue existence, en tant que Peuple.<\/div>\n<div>\u00a0<\/div>\n<div>J\u2019ai, personnellement, toujours \u00e9t\u00e9 marqu\u00e9, par la relation charnelle et ind\u00e9fectible, de mes compatriotes avec leur terre natale, o\u00f9 qu\u2019ils soient \u00e0 l\u2019\u00e9tranger, et quelque soit le temps qu\u2019ils y ont pass\u00e9.<\/div>\n<div>\u00a0<\/div>\n<div>Nous nous r\u00e9jouissons que nos relations bilat\u00e9rales soient fortes de plus de deux si\u00e8cles. Leur anciennet\u00e9 et leur continuit\u00e9 prouvent la solidit\u00e9 de leurs fondements.<\/div>\n<div>\u00a0<\/div>\n<div>La Tunisie et les \u00c9tats Unis d\u2019Am\u00e9rique ont toujours \u00e9t\u00e9 ensemble et solidaires, aux moments historiques cruciaux et d\u00e9cisifs, que ce soit pour l\u2019un des deux pays, ou pour les deux pays \u00e0 la fois. Et c\u2019est important de le rappeler, pour bien poursuivre dans cet esprit. Et nos responsables, dans les deux pays, ont le devoir et la responsabilit\u00e9 commune, de nourrir et renforcer nos rapports et nos contacts. Avec r\u00e9gularit\u00e9, franchise et vision, pour servir ainsi, au mieux, nos int\u00e9r\u00eats r\u00e9ciproques, et r\u00e9pondre avec efficacit\u00e9, aux nombreux d\u00e9fis actuels globaux et vitaux, lesquels d\u00e9passent largement les capacit\u00e9s de chaque pays seul.<\/div>\n<div>\u00a0<\/div>\n<div>Les tunisiens n\u2019oublient pas, et vous sont gr\u00e9, \u00e0 chaque fois o\u00f9 votre pays a manifest\u00e9 de la solidarit\u00e9 et de l\u2019appui, tout au long de notre histoire commune.<\/div>\n<div>\u00a0<\/div>\n<div>Notre coop\u00e9ration est diversifi\u00e9e, et rev\u00eat un caract\u00e8re strat\u00e9gique. Elle couvre de nombreux domaines: dialogue politique et s\u00e9curitaire, coop\u00e9ration \u00e9conomique, commerciale et financi\u00e8re, recherche scientifique, technologies de la communication, protection de l\u2019environnement, transport, sant\u00e9\u2026. Nos r\u00e9alisations sont importantes. Et la bonne nouvelle est que nous pouvons faire encore bien davantage!<\/div>\n<div>\u00a0<\/div>\n<div>Je pense ainsi aux secteurs du tourisme, de l\u2019artisanat, de la culture, de l\u2019investissement, de l\u2019huile d\u2019olive et des produits du terroir, des services et de la communication notamment. Le potentiel est prometteur, et n\u2019attend que l\u2019intensification des contacts entre nos op\u00e9rateurs, pour donner ses fruits.<\/div>\n<div>\u00a0<\/div>\n<div>Je r\u00e9it\u00e8re, aujourd\u2019hui, l\u2019appel pour multiplier les rencontres entre les intervenants \u00e9conomiques des deux pays, notamment du secteur priv\u00e9, afin d\u2019\u00e9tablir un vrai partenariat, avantageux pour les deux c\u00f4t\u00e9s, et qui perdure.<\/div>\n<div>\u00a0<\/div>\n<div>C\u2019est cette dynamique l\u00e0, qui favorisera le redressement sain et durable de l\u2019\u00e9conomie tunisienne, et qui ne fera que nourrir et renforcer la protection, par les tunisiens, de leurs libert\u00e9s, et leur capacit\u00e9 \u00e0 en jouir en toute responsabilit\u00e9.<\/div>\n<div>\u00a0<\/div>\n<div>Bonne f\u00eate du 4 juillet une fois encore!<\/div>\n<div>Et Vivent l\u2019entente et l\u2019amiti\u00e9 tuniso-am\u00e9ricaine !<\/div>\n","protected":false},"excerpt":{"rendered":"\u00a0 Le Ministre des Affaires Etrang\u00e8res, de la Migration et des Tunisiens \u00e0 l'Etranger, Nabil Ammar a assist\u00e9 \u00a0hier jeudi 7 juillet 2023 aux c\u00e9l\u00e9brations de la f\u00eate de l'ind\u00e9pendance des Etats-Unis D\u2019Am\u00e9rique , voici le texte int\u00e9gral de son discours\u00a0: \u00a0 \u00a0 \u00a0 M. l\u2019Ambassadeur Hood, Mme Hood, Mme la Ministre Sihem Boughdiri Nemsia, [...]","protected":false},"author":3,"featured_media":49165,"comment_status":"open","ping_status":"closed","sticky":false,"template":"","format":"standard","meta":{"content-type":"","jnews-multi-image_gallery":[],"jnews_single_post":{"subtitle":"","format":"standard","video":"","gallery":"","source_name":"","source_url":"","via_name":"","via_url":"","override_template":"0","override":[{"template":"1","single_blog_custom":"","parallax":"1","fullscreen":"1","layout":"right-sidebar","sidebar":"default-sidebar","second_sidebar":"default-sidebar","sticky_sidebar":"1","share_position":"top","share_float_style":"share-monocrhome","show_share_counter":"1","show_view_counter":"1","show_featured":"1","show_post_meta":"1","show_post_author":"1","show_post_author_image":"1","show_post_date":"1","post_date_format":"default","post_date_format_custom":"Y\/m\/d","show_post_category":"1","show_post_reading_time":"0","post_reading_time_wpm":"300","show_zoom_button":"0","zoom_button_out_step":"2","zoom_button_in_step":"3","show_post_tag":"1","show_prev_next_post":"1","show_popup_post":"1","number_popup_post":"1","show_author_box":"0","show_post_related":"0","show_inline_post_related":"0"}],"override_image_size":"0","image_override":[{"single_post_thumbnail_size":"crop-500","single_post_gallery_size":"crop-500"}],"trending_post":"0","trending_post_position":"meta","trending_post_label":"Trending","sponsored_post":"0","sponsored_post_label":"Sponsored by","sponsored_post_name":"","sponsored_post_url":"","sponsored_post_logo_enable":"0","sponsored_post_logo":"","sponsored_post_desc":"","disable_ad":"0"},"jnews_primary_category":{"id":"","hide":""},"jnews_override_bookmark_settings":[],"jnews_review":[],"enable_review":"","type":"","name":"","summary":"","brand":"","sku":"","good":[],"bad":[],"score_override":"","override_value":"","rating":[],"price":[],"jnews_post_split":[],"footnotes":""},"categories":[2],"tags":[10525,1622,5534],"class_list":["post-49161","post","type-post","status-publish","format-standard","has-post-thumbnail","hentry","category-news-politique","tag-allocution","tag-fete","tag-independance"],"_links":{"self":[{"href":"https:\/\/www.africanchallenges.com\/index.php?rest_route=\/wp\/v2\/posts\/49161","targetHints":{"allow":["GET"]}}],"collection":[{"href":"https:\/\/www.africanchallenges.com\/index.php?rest_route=\/wp\/v2\/posts"}],"about":[{"href":"https:\/\/www.africanchallenges.com\/index.php?rest_route=\/wp\/v2\/types\/post"}],"author":[{"embeddable":true,"href":"https:\/\/www.africanchallenges.com\/index.php?rest_route=\/wp\/v2\/users\/3"}],"replies":[{"embeddable":true,"href":"https:\/\/www.africanchallenges.com\/index.php?rest_route=%2Fwp%2Fv2%2Fcomments&post=49161"}],"version-history":[{"count":2,"href":"https:\/\/www.africanchallenges.com\/index.php?rest_route=\/wp\/v2\/posts\/49161\/revisions"}],"predecessor-version":[{"id":49164,"href":"https:\/\/www.africanchallenges.com\/index.php?rest_route=\/wp\/v2\/posts\/49161\/revisions\/49164"}],"wp:featuredmedia":[{"embeddable":true,"href":"https:\/\/www.africanchallenges.com\/index.php?rest_route=\/wp\/v2\/media\/49165"}],"wp:attachment":[{"href":"https:\/\/www.africanchallenges.com\/index.php?rest_route=%2Fwp%2Fv2%2Fmedia&parent=49161"}],"wp:term":[{"taxonomy":"category","embeddable":true,"href":"https:\/\/www.africanchallenges.com\/index.php?rest_route=%2Fwp%2Fv2%2Fcategories&post=49161"},{"taxonomy":"post_tag","embeddable":true,"href":"https:\/\/www.africanchallenges.com\/index.php?rest_route=%2Fwp%2Fv2%2Ftags&post=49161"}],"curies":[{"name":"wp","href":"https:\/\/api.w.org\/{rel}","templated":true}]}}