{"id":48911,"date":"2023-06-23T16:38:27","date_gmt":"2023-06-23T16:38:27","guid":{"rendered":"https:\/\/www.africanchallenges.com\/?p=48911"},"modified":"2023-06-23T16:41:27","modified_gmt":"2023-06-23T16:41:27","slug":"1ere-formation-des-formateurs-en-equipements-medicaux-la-tunisie-plateforme-de-formation-pour-les-pays-africains-francophones","status":"publish","type":"post","link":"https:\/\/www.africanchallenges.com\/?p=48911","title":{"rendered":"1\u00e8re formation des formateurs en \u00e9quipements m\u00e9dicaux :\u00a0La Tunisie, plateforme de formation pour les pays africains francophones\u00a0\u00a0\u00a0"},"content":{"rendered":"\n<p class=\"wp-block-paragraph\"><\/p>\n\n\n\n<p class=\"wp-block-paragraph\">La premi\u00e8re formation des formateurs en techniques de maintenance et contr\u00f4le qualit\u00e9 des \u00e9quipements m\u00e9dicaux au profit des pays africains francophones s\u2019est tenue du 5 au 23 juin 2023 \u00e0 l\u2019Institut Sup\u00e9rieur des Technologies M\u00e9dicales de Tunis (ISTMT) et \u00e0 la Cit\u00e9 des Sciences de Tunis (CST). Elle est organis\u00e9e en partenariat entre l\u2019Agence Japonaise de Coop\u00e9ration Internationale (JICA), le Minist\u00e8re de l\u2019Enseignement Sup\u00e9rieur et de la Recherche Scientifique (MESRS), l\u2019Universit\u00e9 de Tunis El Manar, l\u2019ISTMT et la CST.&nbsp;&nbsp;&nbsp;<\/p>\n\n\n\n<p class=\"wp-block-paragraph\">Une vingtaine de participants de 10 pays africains ont particip\u00e9 \u00e0 cette formation, assur\u00e9e par des formateurs tunisiens de l\u2019ISTMT. Elle vise \u00e0 renforcer les comp\u00e9tences des formateurs africains de haut niveau dans les techniques avanc\u00e9es de maintenance et de contr\u00f4le qualit\u00e9 des \u00e9quipements d\u2019imagerie m\u00e9dicale et de radioth\u00e9rapie afin d\u2019am\u00e9liorer la qualit\u00e9 de la formation dans leurs pays dans ce domaine.&nbsp;<\/p>\n\n\n\n<p class=\"wp-block-paragraph\">La c\u00e9r\u00e9monie de cl\u00f4ture a \u00e9t\u00e9 organis\u00e9e en pr\u00e9sence de M. Malek Kochlef, Directeur G\u00e9n\u00e9ral de la Coop\u00e9ration Internationale au MESRS, M. UENO Shuhei, Repr\u00e9sentant R\u00e9sident de la JICA en Tunisie Pr. Moez Chafra, Pr\u00e9sident de l\u2019Universit\u00e9 de Tunis El Manar, Pr. Adel Mohadhen, Directeur de l\u2019ISTMT et Pr. Fethi Zagrouba, Directeur G\u00e9n\u00e9ral de la Cit\u00e9 des Sciences de Tunis.&nbsp;<\/p>\n\n\n\n<p class=\"wp-block-paragraph\">\u00ab\u202f<em>Notre minist\u00e8re a engag\u00e9 depuis quelques ann\u00e9es une nouvelle strat\u00e9gie d\u2019internationalisation pour faire de la Tunisie une plateforme de coop\u00e9ration tripartite. Toute une dynamique de coop\u00e9ration scientifique a \u00e9t\u00e9 lanc\u00e9e avec notre partenaire la JICA. La Tunisie a tous les atouts pour \u00eatre la destination universitaire d\u2019excellence du continent africain dans le domaine m\u00e9dical et autres <\/em>\u00bb, a affirm\u00e9 M. Malek Kochlef, Directeur G\u00e9n\u00e9ral de la Coop\u00e9ration internationale au MESRS.&nbsp;&nbsp;<\/p>\n\n\n\n<p class=\"wp-block-paragraph\">Le Repr\u00e9sentant R\u00e9sident du bureau de la JICA en Tunisie, Shuhei UENO a not\u00e9 que: \u201c<em>Ce ne sera pas la fin du projet. Deux sessions de formation sont pr\u00e9vues en 2024 et 2025. Gr\u00e2ce aux le\u00e7ons tir\u00e9s par de l\u2019actuelle session, nous souhaiterions am\u00e9liorer notre formation encore plus et r\u00e9pondre aux besoins du secteur de la sant\u00e9 en Afrique<\/em>\u201d.&nbsp;<\/p>\n\n\n\n<p class=\"wp-block-paragraph\">De son c\u00f4t\u00e9, M. Adel Moadhen s\u2019est f\u00e9licit\u00e9 du succ\u00e8s de la formation indiquant que \u00ab<em>\u202fl\u2019engagement des participants, des formateurs et des partenaires \u00e9tait essentiel pour la bonne r\u00e9ussite de la session. Le projet de coop\u00e9ration triangulaire s\u2019\u00e9tendra jusqu\u2019\u00e0 2025 afin de renforcer le partage des connaissances et le d\u00e9veloppement des comp\u00e9tences en Afrique<\/em>\u202f\u00bb.&nbsp;&nbsp;&nbsp;<\/p>\n\n\n\n<p class=\"wp-block-paragraph\">Cette premi\u00e8re session s\u2019inscrit dans l\u2019esprit du TICAD 8 pour soutenir les pays africains francophones dans le cadre d&rsquo;un programme de coop\u00e9ration triangulaire, initi\u00e9e par la JICA. L\u2019accord pour l\u2019organisation de ce programme de formation triennale a \u00e9t\u00e9 sign\u00e9 en d\u00e9cembre 2022, avec l\u2019objectif de faire de la Tunisie une plateforme pour les formations au profit de pays africains francophones dans plusieurs domaines.\u00a0\u00a0<\/p>\n\n\n\n<p class=\"wp-block-paragraph\"><strong>Avec Communiqu\u00e9<\/strong><\/p>\n","protected":false},"excerpt":{"rendered":"<p>La premi\u00e8re formation des formateurs en techniques de maintenance et contr\u00f4le qualit\u00e9 des \u00e9quipements m\u00e9dicaux au profit des pays africains francophones s\u2019est tenue du 5 au 23 juin 2023 \u00e0 l\u2019Institut Sup\u00e9rieur des Technologies M\u00e9dicales de Tunis (ISTMT) et \u00e0 la Cit\u00e9 des Sciences de Tunis (CST). Elle est organis\u00e9e en partenariat entre l\u2019Agence Japonaise [&hellip;]<\/p>\n","protected":false},"author":4,"featured_media":48912,"comment_status":"open","ping_status":"closed","sticky":false,"template":"","format":"standard","meta":{"content-type":"","jnews-multi-image_gallery":[],"jnews_single_post":{"subtitle":"","format":"standard","video":"","gallery":"","source_name":"","source_url":"","via_name":"","via_url":"","override_template":"0","override":[{"template":"1","single_blog_custom":"","parallax":"1","fullscreen":"1","layout":"right-sidebar","sidebar":"default-sidebar","second_sidebar":"default-sidebar","sticky_sidebar":"1","share_position":"top","share_float_style":"share-monocrhome","show_share_counter":"1","show_view_counter":"1","show_featured":"1","show_post_meta":"1","show_post_author":"1","show_post_author_image":"1","show_post_date":"1","post_date_format":"default","post_date_format_custom":"Y\/m\/d","show_post_category":"1","show_post_reading_time":"0","post_reading_time_wpm":"300","show_zoom_button":"0","zoom_button_out_step":"2","zoom_button_in_step":"3","show_post_tag":"1","show_prev_next_post":"1","show_popup_post":"1","number_popup_post":"1","show_author_box":"0","show_post_related":"0","show_inline_post_related":"0"}],"override_image_size":"0","image_override":[{"single_post_thumbnail_size":"crop-500","single_post_gallery_size":"crop-500"}],"trending_post":"0","trending_post_position":"meta","trending_post_label":"Trending","sponsored_post":"0","sponsored_post_label":"Sponsored by","sponsored_post_name":"","sponsored_post_url":"","sponsored_post_logo_enable":"0","sponsored_post_logo":"","sponsored_post_desc":"","disable_ad":"0"},"jnews_primary_category":{"id":"","hide":""},"jnews_override_bookmark_settings":[],"jnews_review":[],"enable_review":"","type":"","name":"","summary":"","brand":"","sku":"","good":[],"bad":[],"score_override":"","override_value":"","rating":[],"price":[],"jnews_post_split":[],"footnotes":""},"categories":[5],"tags":[10467],"class_list":["post-48911","post","type-post","status-publish","format-standard","has-post-thumbnail","hentry","category-edufor","tag-formation-des-formateurs-en-equipements-medicaux"],"_links":{"self":[{"href":"https:\/\/www.africanchallenges.com\/index.php?rest_route=\/wp\/v2\/posts\/48911","targetHints":{"allow":["GET"]}}],"collection":[{"href":"https:\/\/www.africanchallenges.com\/index.php?rest_route=\/wp\/v2\/posts"}],"about":[{"href":"https:\/\/www.africanchallenges.com\/index.php?rest_route=\/wp\/v2\/types\/post"}],"author":[{"embeddable":true,"href":"https:\/\/www.africanchallenges.com\/index.php?rest_route=\/wp\/v2\/users\/4"}],"replies":[{"embeddable":true,"href":"https:\/\/www.africanchallenges.com\/index.php?rest_route=%2Fwp%2Fv2%2Fcomments&post=48911"}],"version-history":[{"count":1,"href":"https:\/\/www.africanchallenges.com\/index.php?rest_route=\/wp\/v2\/posts\/48911\/revisions"}],"predecessor-version":[{"id":48913,"href":"https:\/\/www.africanchallenges.com\/index.php?rest_route=\/wp\/v2\/posts\/48911\/revisions\/48913"}],"wp:featuredmedia":[{"embeddable":true,"href":"https:\/\/www.africanchallenges.com\/index.php?rest_route=\/wp\/v2\/media\/48912"}],"wp:attachment":[{"href":"https:\/\/www.africanchallenges.com\/index.php?rest_route=%2Fwp%2Fv2%2Fmedia&parent=48911"}],"wp:term":[{"taxonomy":"category","embeddable":true,"href":"https:\/\/www.africanchallenges.com\/index.php?rest_route=%2Fwp%2Fv2%2Fcategories&post=48911"},{"taxonomy":"post_tag","embeddable":true,"href":"https:\/\/www.africanchallenges.com\/index.php?rest_route=%2Fwp%2Fv2%2Ftags&post=48911"}],"curies":[{"name":"wp","href":"https:\/\/api.w.org\/{rel}","templated":true}]}}