{"id":48765,"date":"2023-06-19T19:16:01","date_gmt":"2023-06-19T19:16:01","guid":{"rendered":"https:\/\/www.africanchallenges.com\/?p=48765"},"modified":"2023-06-19T19:18:11","modified_gmt":"2023-06-19T19:18:11","slug":"tunisie-agression-contre-un-agent-securitaire-charge-de-securiser-le-siege-de-lambassade-du-bresil-a-tunis","status":"publish","type":"post","link":"https:\/\/www.africanchallenges.com\/?p=48765","title":{"rendered":"Tunisie : Agression contre un agent s\u00e9curitaire charg\u00e9 de s\u00e9curiser le si\u00e8ge de l\u2019ambassade du Br\u00e9sil \u00e0 Tunis"},"content":{"rendered":"\n<p class=\"wp-block-paragraph\">\u00ab Dans le cadre du suivi de l\u2019agression contre l\u2019agent s\u00e9curitaire charg\u00e9 de s\u00e9curiser le si\u00e8ge de l\u2019ambassade du Br\u00e9sil \u00e0 Tunis \u00bb, de lundi 19 juin 2023, le minist\u00e8re de l\u2019Int\u00e9rieur confirme le d\u00e9c\u00e8s du policier qui a succomb\u00e9 \u00e0 ses blessures.<\/p>\n\n\n\n<p class=\"wp-block-paragraph\">Selon la m\u00eame source &nbsp;&nbsp;\u00ab les recherches pr\u00e9liminaires r\u00e9v\u00e8lent que l\u2019agresseur est un enseignant du secondaire et souffre de troubles psychiques, selon la d\u00e9position d\u2019un membre de sa famille \u00bb.<\/p>\n\n\n\n<p class=\"wp-block-paragraph\">Le minist\u00e8re fait \u00e9tat de \u00ab la poursuite des investigations en vue de d\u00e9voiler les dessous de cet incident, en coordination avec le parquet \u00bb.<\/p>\n\n\n\n<p class=\"wp-block-paragraph\">Les agents et cadres du minist\u00e8re de l\u2019Int\u00e9rieur pr\u00e9sentent leurs sinc\u00e8res condol\u00e9ances au martyr du devoir, ayant fait montre de bravoure en mati\u00e8re d\u2019accomplissement de ses fonctions, priant Dieu de lui accorder son infinie mis\u00e9ricorde et de l\u2019accueillir dans son \u00e9ternel paradis.<\/p>\n","protected":false},"excerpt":{"rendered":"<p>\u00ab Dans le cadre du suivi de l\u2019agression contre l\u2019agent s\u00e9curitaire charg\u00e9 de s\u00e9curiser le si\u00e8ge de l\u2019ambassade du Br\u00e9sil \u00e0 Tunis \u00bb, de lundi 19 juin 2023, le minist\u00e8re de l\u2019Int\u00e9rieur confirme le d\u00e9c\u00e8s du policier qui a succomb\u00e9 \u00e0 ses blessures. Selon la m\u00eame source &nbsp;&nbsp;\u00ab les recherches pr\u00e9liminaires r\u00e9v\u00e8lent que l\u2019agresseur est [&hellip;]<\/p>\n","protected":false},"author":4,"featured_media":33912,"comment_status":"open","ping_status":"closed","sticky":false,"template":"","format":"standard","meta":{"content-type":"","jnews-multi-image_gallery":[],"jnews_single_post":{"subtitle":"","format":"standard","video":"","gallery":"","source_name":"","source_url":"","via_name":"","via_url":"","override_template":"0","override":[{"template":"1","single_blog_custom":"","parallax":"1","fullscreen":"1","layout":"right-sidebar","sidebar":"default-sidebar","second_sidebar":"default-sidebar","sticky_sidebar":"1","share_position":"top","share_float_style":"share-monocrhome","show_share_counter":"1","show_view_counter":"1","show_featured":"1","show_post_meta":"1","show_post_author":"1","show_post_author_image":"1","show_post_date":"1","post_date_format":"default","post_date_format_custom":"Y\/m\/d","show_post_category":"1","show_post_reading_time":"0","post_reading_time_wpm":"300","show_zoom_button":"0","zoom_button_out_step":"2","zoom_button_in_step":"3","show_post_tag":"1","show_prev_next_post":"1","show_popup_post":"1","number_popup_post":"1","show_author_box":"0","show_post_related":"0","show_inline_post_related":"0"}],"override_image_size":"0","image_override":[{"single_post_thumbnail_size":"crop-500","single_post_gallery_size":"crop-500"}],"trending_post":"0","trending_post_position":"meta","trending_post_label":"Trending","sponsored_post":"0","sponsored_post_label":"Sponsored by","sponsored_post_name":"","sponsored_post_url":"","sponsored_post_logo_enable":"0","sponsored_post_logo":"","sponsored_post_desc":"","disable_ad":"0"},"jnews_primary_category":{"id":"","hide":""},"jnews_override_bookmark_settings":[],"jnews_review":[],"enable_review":"","type":"","name":"","summary":"","brand":"","sku":"","good":[],"bad":[],"score_override":"","override_value":"","rating":[],"price":[],"jnews_post_split":[],"footnotes":""},"categories":[61],"tags":[6332,2019,1603],"class_list":["post-48765","post","type-post","status-publish","format-standard","has-post-thumbnail","hentry","category-societe","tag-agression","tag-deces","tag-ministere-de-linterieur"],"_links":{"self":[{"href":"https:\/\/www.africanchallenges.com\/index.php?rest_route=\/wp\/v2\/posts\/48765","targetHints":{"allow":["GET"]}}],"collection":[{"href":"https:\/\/www.africanchallenges.com\/index.php?rest_route=\/wp\/v2\/posts"}],"about":[{"href":"https:\/\/www.africanchallenges.com\/index.php?rest_route=\/wp\/v2\/types\/post"}],"author":[{"embeddable":true,"href":"https:\/\/www.africanchallenges.com\/index.php?rest_route=\/wp\/v2\/users\/4"}],"replies":[{"embeddable":true,"href":"https:\/\/www.africanchallenges.com\/index.php?rest_route=%2Fwp%2Fv2%2Fcomments&post=48765"}],"version-history":[{"count":1,"href":"https:\/\/www.africanchallenges.com\/index.php?rest_route=\/wp\/v2\/posts\/48765\/revisions"}],"predecessor-version":[{"id":48766,"href":"https:\/\/www.africanchallenges.com\/index.php?rest_route=\/wp\/v2\/posts\/48765\/revisions\/48766"}],"wp:featuredmedia":[{"embeddable":true,"href":"https:\/\/www.africanchallenges.com\/index.php?rest_route=\/wp\/v2\/media\/33912"}],"wp:attachment":[{"href":"https:\/\/www.africanchallenges.com\/index.php?rest_route=%2Fwp%2Fv2%2Fmedia&parent=48765"}],"wp:term":[{"taxonomy":"category","embeddable":true,"href":"https:\/\/www.africanchallenges.com\/index.php?rest_route=%2Fwp%2Fv2%2Fcategories&post=48765"},{"taxonomy":"post_tag","embeddable":true,"href":"https:\/\/www.africanchallenges.com\/index.php?rest_route=%2Fwp%2Fv2%2Ftags&post=48765"}],"curies":[{"name":"wp","href":"https:\/\/api.w.org\/{rel}","templated":true}]}}