{"id":48723,"date":"2023-06-14T19:27:24","date_gmt":"2023-06-14T19:27:24","guid":{"rendered":"https:\/\/www.africanchallenges.com\/?p=48723"},"modified":"2023-06-14T20:35:28","modified_gmt":"2023-06-14T20:35:28","slug":"italie-renforcer-les-petites-et-moyennes-entreprises-au-salon-itma-2023","status":"publish","type":"post","link":"https:\/\/www.africanchallenges.com\/?p=48723","title":{"rendered":"Italie :Renforcer les petites et moyennes entreprises au salon ITMA 2023"},"content":{"rendered":"\n<p class=\"wp-block-paragraph\"><\/p>\n\n\n\n<p class=\"wp-block-paragraph\">Le Centre du commerce international (ITC) a appuy\u00e9 la participation de 70 petites et moyennes entreprises, organisations de soutien aux entreprises et institutions acad\u00e9miques du Moyen-Orient, d&rsquo;Afrique du Nord et d&rsquo;Asie centrale \u00e0 ITMA 2023, le principal salon mondial du sourcing qui s\u2019est d\u00e9roul\u00e9 du 08 au 14 juin 2023 \u00e0 Milan en Italie.<br>Cet appui s\u2019inscrit&nbsp;dans le cadre du Programme Global Textiles et Habillement (GTEX) et le Programme Textiles Pour La R\u00e9gion Moyen-Orient et Afrique du Nord (MENATEX) mis en \u0153uvre par l\u2019ITC.<br>La d\u00e9l\u00e9gation tunisienne pr\u00e9sente \u00e0 cet \u00e9v\u00e8nement B2B est compos\u00e9e de 7 petites et moyennes entreprises op\u00e9rant dans le secteur du textile et habillement, et de 3 organismes d\u2019appui \u00e0 ce secteur en Tunisie, \u00e0 savoir&nbsp;: la Direction G\u00e9n\u00e9rale du Textile et Habilement du Minist\u00e8re de l&rsquo;Industrie, la F\u00e9d\u00e9ration&nbsp;Tunisienne du&nbsp;Textile&nbsp;et de l&rsquo;Habillement, et le Centre Technique du Textile en Tunisie.<br><\/p>\n\n\n\n<p class=\"wp-block-paragraph\">Cette 19\u00e8me \u00e9dition du salon international des technologies du textile et de l\u2019habillement, qui s\u2019organise sous le th\u00e8me \u00ab&nbsp;Transformer le monde du textile&nbsp;\u00bb, est la premi\u00e8re qui se tient en pr\u00e9sentiel depuis l\u2019av\u00e8nement de la pand\u00e9mie du COVID-19. L\u2019exposition a mis la lumi\u00e8re sur les changements r\u00e9volutionnaires dans ce secteur en transition vers une production plus num\u00e9rique et plus durable.<br>Les entreprises et les organismes d\u2019appui participants ont eu l&rsquo;occasion de connecter avec les leaders mondiaux de l&rsquo;industrie, d&rsquo;explorer les derni\u00e8res innovations en mati\u00e8re de mat\u00e9riaux et de technologies, et de s&rsquo;approvisionner tout au long de la cha\u00eene de valeur de la fabrication.<br><br>C&rsquo;est ce qui nous a confirm\u00e9&nbsp;M. Karim Rejeb Sfar \u2013 Directeur G\u00e9n\u00e9ral de l\u2019entreprise New Body Line,&nbsp;\u00e0 son retour en Tunisie&nbsp;apr\u00e8s sa participation \u00e0 ce salon:<\/p>\n\n\n\n<p class=\"wp-block-paragraph\">\u00ab&nbsp;Cette participation m\u2019a permis tout d\u2019abord de renouer contact les fournisseurs des machines de notre usine, de s\u2019informer aupr\u00e8s d\u2019eux sur les nouveaux accessoires et pi\u00e8ces de rechanges, et de faire le point sur les probl\u00e8mes techniques rencontr\u00e9s et les options de r\u00e9glage \u00e0 optimiser.<br>Dans un spectre plus large, j\u2019ai pu en l\u2019espace de quelques jours effectuer une veille technique extraordinaire, et d\u2019\u00e9tudier les innovations en machines, mati\u00e8res et&nbsp;outils de production li\u00e9s principalement \u00e0 ma fili\u00e8re d\u2019activit\u00e9 et au tricotage.&nbsp;\u00bb<\/p>\n\n\n\n<p class=\"wp-block-paragraph\"><br>Les 11 et 12 Juin, le programme GTEX\/MENATEX a organis\u00e9 un s\u00e9minaire en marge du salon ITMA sous le th\u00e8me&nbsp;<strong>\u00ab\u00a0La Double Transition : Num\u00e9risation et Durabilit\u00e9<\/strong>\u00ab\u00a0. Ce s\u00e9minaire a r\u00e9uni des experts de renomm\u00e9e et des leaders d&rsquo;opinion qui se sont pench\u00e9s sur les sujets cruciaux de la circularit\u00e9, de la tra\u00e7abilit\u00e9 et de la num\u00e9risation, qui fa\u00e7onneront l&rsquo;avenir de l&rsquo;industrie.<\/p>\n\n\n\n<p class=\"wp-block-paragraph\">La double transition repr\u00e9sente l&rsquo;int\u00e9gration et l&rsquo;intersection simultan\u00e9es de la num\u00e9risation et de la durabilit\u00e9.&nbsp;L&rsquo;approche de la double transition peut cr\u00e9er des opportunit\u00e9s pour les entreprises afin d&rsquo;am\u00e9liorer leur comp\u00e9titivit\u00e9 et leurs performances environnementales, et constitue une r\u00e9elle alternative pour faire face efficacement au d\u00e9fi du changement climatique.<\/p>\n\n\n\n<p class=\"wp-block-paragraph\">Au cours de ces deux jours de s\u00e9minaires, les participants ont principalement discut\u00e9 de&nbsp;:<\/p>\n\n\n\n<p class=\"wp-block-paragraph\">\u00b7&nbsp;&nbsp;&nbsp;&nbsp;&nbsp;&nbsp;&nbsp;&nbsp;L\u2019impact de la num\u00e9risation et de l&rsquo;automatisation sur la durabilit\u00e9,<\/p>\n\n\n\n<p class=\"wp-block-paragraph\"><s>\u00b7&nbsp;&nbsp;&nbsp;&nbsp;&nbsp;&nbsp;&nbsp;&nbsp;<\/s>Les solutions techniques pour l&rsquo;automatisation et la num\u00e9risation dans des domaines tels que &nbsp;<br>la conception num\u00e9rique, la fabrication de mod\u00e8les, et l&rsquo;impression num\u00e9rique<s><\/s><\/p>\n\n\n\n<p class=\"wp-block-paragraph\">Les prochaines r\u00e9glementations de l&rsquo;UE et leurs implications pour les fabricants de v\u00eatements dans les pays en d\u00e9veloppement.<s><\/s><\/p>\n\n\n\n<p class=\"wp-block-paragraph\">\u00b7&nbsp;&nbsp;&nbsp;&nbsp;&nbsp;&nbsp;&nbsp;&nbsp;La transition des pratiques lin\u00e9aires aux pratiques circulaires, et la satisfaction des exigences circulaires croissantes des marques et des d\u00e9taillants.<\/p>\n\n\n\n<p class=\"wp-block-paragraph\">Mme Rym Jelassi \u2013 Coordinatrice G\u00e9n\u00e9rale \u00e0 la F\u00e9d\u00e9ration Tunisienne du Textile et Habillement (FTTH), nous a t\u00e9moign\u00e9 \u00e0 la suite de sa participation \u00e0 cet \u00e9v\u00e9nement&nbsp;:<\/p>\n\n\n\n<p class=\"wp-block-paragraph\">\u00ab\u00a0Le salon ITMA a offert une plateforme unique permettant \u00e0 la F\u00e9d\u00e9ration Tunisienne du Textile et Habillement (FTTH) de d\u00e9couvrir les derni\u00e8res innovations technologiques de l&rsquo;industrie en faveur de la durabilit\u00e9.&nbsp;<br>Les s\u00e9minaires de l&rsquo;ITC ont \u00e9t\u00e9 une occasion pr\u00e9cieuse de renforcer notre expertise et d&rsquo;\u00e9tablir des \u00e9changes fructueux autour des d\u00e9fis et des opportunit\u00e9s de la digitalisation et de la durabilit\u00e9&nbsp;; qui sont d\u2019ailleurs deux aspects cruciaux, que la FTTH a int\u00e9gr\u00e9 dans sa r\u00e9cente strat\u00e9gie nationale&nbsp;en faveur d&rsquo;un secteur textile responsable.\u00a0\u00bb<\/p>\n\n\n\n<p class=\"wp-block-paragraph\">&nbsp;Matthias Knappe, responsable des fibres, du textile et de l&rsquo;habillement au Centre du Commerce International, a d\u00e9clar\u00e9 : \u00ab\u00a0Cultiver un \u00e9cosyst\u00e8me florissant pour les petites entreprises est essentiel pour la croissance durable de l&rsquo;industrie du textile et de l&rsquo;habillement. En participant \u00e0 l&rsquo;ITMA, nos b\u00e9n\u00e9ficiaires ont b\u00e9n\u00e9fici\u00e9 d&rsquo;opportunit\u00e9s inestimables d&rsquo;apprentissage, de r\u00e9seautage et de cr\u00e9ation de partenariats significatifs susceptibles d&rsquo;alimenter leur croissance et leur comp\u00e9titivit\u00e9. Leur engagement souligne le r\u00f4le crucial qu&rsquo;ils jouent dans les progr\u00e8s de l&rsquo;industrie et dans le d\u00e9veloppement durable du secteur\u00a0\u00bb.<\/p>\n\n\n\n<p class=\"wp-block-paragraph\">Le s\u00e9minaire&nbsp;<strong>\u00ab\u00a0La Double Transition : Num\u00e9risation et Durabilit\u00e9<\/strong>\u00a0\u00bb a ouvert la voie \u00e0 la deuxi\u00e8me phase du programme GTEX\/MENATEX de l\u2019ITC, actuellement en cours de discussion. Le th\u00e8me de l&rsquo;\u00e9v\u00e9nement sera un \u00e9l\u00e9ment cl\u00e9, d\u00e9montrant l&rsquo;engagement du programme \u00e0 renforcer les petites et moyennes entreprises dans le secteur du textile et de l&rsquo;habillement tout en s&rsquo;attaquant aux obstacles sociaux et environnementaux.<\/p>\n\n\n\n<p class=\"wp-block-paragraph\">L&rsquo;enregistrement des s\u00e9minaires sera disponible en ligne sur l&rsquo;espace d&rsquo;apprentissage virtuel de l\u2019ITC \u00e0 l&rsquo;adresse&nbsp;<a rel=\"noreferrer noopener\" target=\"_blank\" href=\"http:\/\/www.globaltextileacademy.com\/\">www.globaltextileacademy.com<\/a>.<br><br><br>\u00c0 propos du programme GTEX\/MENATEX&nbsp;:<br>Le Programme mondial pour le textile et l&rsquo;habillement (GTEX) et ses activit\u00e9s connexes au Moyen-Orient et en Afrique du Nord (MENATEX) soutiennent les petites et moyennes entreprises et les organisations de soutien aux entreprises travaillant dans l&rsquo;industrie du textile et de l&rsquo;habillement dans les pays en voie de d\u00e9veloppement, afin d&rsquo;accro\u00eetre leur comp\u00e9titivit\u00e9 \u00e0 l&rsquo;exportation.<br>Le programme se concentre sur les 6 pays prioritaires&nbsp;: \u00c9gypte, Jordanie, Kirghizistan, Maroc, Tadjikistan et Tunisie.<\/p>\n\n\n\n<p class=\"wp-block-paragraph\">Le programme GTEX\/MENATEX est mis en \u0153uvre par le Centre de Commerce International (ITC) et financ\u00e9 par le Secr\u00e9tariat d&rsquo;\u00c9tat \u00e0 l&rsquo;\u00e9conomie (SECO) de la Conf\u00e9d\u00e9ration suisse et l&rsquo;Agence su\u00e9doise de coop\u00e9ration internationale au d\u00e9veloppement (Sida).<br><\/p>\n\n\n\n<p class=\"wp-block-paragraph\">\u00c0 propos du Centre du Commerce International :<\/p>\n\n\n\n<p class=\"wp-block-paragraph\">Le Centre du Commerce International (ITC) est une agence conjointe des Nations Unies et de l&rsquo;Organisation mondiale du commerce, qui soutient un d\u00e9veloppement \u00e9conomique durable et inclusif sur le march\u00e9 mondial. Gr\u00e2ce \u00e0 ses diverses initiatives et programmes, l\u2019ITC promeut le commerce, am\u00e9liore la comp\u00e9titivit\u00e9 et renforce les entreprises, en particulier les PME, dans les pays en voie de d\u00e9veloppement.<\/p>\n","protected":false},"excerpt":{"rendered":"<p>Le Centre du commerce international (ITC) a appuy\u00e9 la participation de 70 petites et moyennes entreprises, organisations de soutien aux entreprises et institutions acad\u00e9miques du Moyen-Orient, d&rsquo;Afrique du Nord et d&rsquo;Asie centrale \u00e0 ITMA 2023, le principal salon mondial du sourcing qui s\u2019est d\u00e9roul\u00e9 du 08 au 14 juin 2023 \u00e0 Milan en Italie.Cet appui [&hellip;]<\/p>\n","protected":false},"author":4,"featured_media":48726,"comment_status":"open","ping_status":"closed","sticky":false,"template":"","format":"standard","meta":{"content-type":"","jnews-multi-image_gallery":[],"jnews_single_post":{"subtitle":"","format":"standard","video":"","gallery":"","source_name":"","source_url":"","via_name":"","via_url":"","override_template":"0","override":[{"template":"1","single_blog_custom":"","parallax":"1","fullscreen":"1","layout":"right-sidebar","sidebar":"default-sidebar","second_sidebar":"default-sidebar","sticky_sidebar":"1","share_position":"top","share_float_style":"share-monocrhome","show_share_counter":"1","show_view_counter":"1","show_featured":"1","show_post_meta":"1","show_post_author":"1","show_post_author_image":"1","show_post_date":"1","post_date_format":"default","post_date_format_custom":"Y\/m\/d","show_post_category":"1","show_post_reading_time":"0","post_reading_time_wpm":"300","show_zoom_button":"0","zoom_button_out_step":"2","zoom_button_in_step":"3","show_post_tag":"1","show_prev_next_post":"1","show_popup_post":"1","number_popup_post":"1","show_author_box":"0","show_post_related":"0","show_inline_post_related":"0"}],"override_image_size":"0","image_override":[{"single_post_thumbnail_size":"crop-500","single_post_gallery_size":"crop-500"}],"trending_post":"0","trending_post_position":"meta","trending_post_label":"Trending","sponsored_post":"0","sponsored_post_label":"Sponsored by","sponsored_post_name":"","sponsored_post_url":"","sponsored_post_logo_enable":"0","sponsored_post_logo":"","sponsored_post_desc":"","disable_ad":"0"},"jnews_primary_category":{"id":"","hide":""},"jnews_override_bookmark_settings":[],"jnews_review":[],"enable_review":"","type":"","name":"","summary":"","brand":"","sku":"","good":[],"bad":[],"score_override":"","override_value":"","rating":[],"price":[],"jnews_post_split":[],"footnotes":""},"categories":[43,73],"tags":[3599,10419,249],"class_list":["post-48723","post","type-post","status-publish","format-standard","has-post-thumbnail","hentry","category-eco-business","category-eco","tag-italie","tag-itma-2023","tag-petites-et-moyennes-entreprises"],"_links":{"self":[{"href":"https:\/\/www.africanchallenges.com\/index.php?rest_route=\/wp\/v2\/posts\/48723","targetHints":{"allow":["GET"]}}],"collection":[{"href":"https:\/\/www.africanchallenges.com\/index.php?rest_route=\/wp\/v2\/posts"}],"about":[{"href":"https:\/\/www.africanchallenges.com\/index.php?rest_route=\/wp\/v2\/types\/post"}],"author":[{"embeddable":true,"href":"https:\/\/www.africanchallenges.com\/index.php?rest_route=\/wp\/v2\/users\/4"}],"replies":[{"embeddable":true,"href":"https:\/\/www.africanchallenges.com\/index.php?rest_route=%2Fwp%2Fv2%2Fcomments&post=48723"}],"version-history":[{"count":2,"href":"https:\/\/www.africanchallenges.com\/index.php?rest_route=\/wp\/v2\/posts\/48723\/revisions"}],"predecessor-version":[{"id":48727,"href":"https:\/\/www.africanchallenges.com\/index.php?rest_route=\/wp\/v2\/posts\/48723\/revisions\/48727"}],"wp:featuredmedia":[{"embeddable":true,"href":"https:\/\/www.africanchallenges.com\/index.php?rest_route=\/wp\/v2\/media\/48726"}],"wp:attachment":[{"href":"https:\/\/www.africanchallenges.com\/index.php?rest_route=%2Fwp%2Fv2%2Fmedia&parent=48723"}],"wp:term":[{"taxonomy":"category","embeddable":true,"href":"https:\/\/www.africanchallenges.com\/index.php?rest_route=%2Fwp%2Fv2%2Fcategories&post=48723"},{"taxonomy":"post_tag","embeddable":true,"href":"https:\/\/www.africanchallenges.com\/index.php?rest_route=%2Fwp%2Fv2%2Ftags&post=48723"}],"curies":[{"name":"wp","href":"https:\/\/api.w.org\/{rel}","templated":true}]}}