{"id":48648,"date":"2023-06-13T15:15:22","date_gmt":"2023-06-13T15:15:22","guid":{"rendered":"https:\/\/www.africanchallenges.com\/?p=48648"},"modified":"2023-06-13T19:20:15","modified_gmt":"2023-06-13T19:20:15","slug":"tunisie-le-programme-sunref-tunisie-fait-le-bilan-et-annonce-les-perspectives","status":"publish","type":"post","link":"https:\/\/www.africanchallenges.com\/?p=48648","title":{"rendered":"Tunisie : Le coup d\u2019envoi des\u00a0activit\u00e9s du salon international du plastique \u00a0et du salon international pour l&#8217;emballage et l&rsquo;impression"},"content":{"rendered":"\n<p class=\"wp-block-paragraph\">Madame Ahlem B\u00e9ji Saib, chef de cabinet du minist\u00e8re de l&rsquo;industrie , des mines et de l&rsquo;\u00e9nergie a donn\u00e9 le coup d\u2019envoi des \u00a0activit\u00e9s du salon international du plastique \u00a0et le salon international pour l&#8217;emballage et l&rsquo;impression, ce mardi 13 juin 2023.<\/p>\n\n\n\n<p class=\"wp-block-paragraph\">\u2733\ufe0f Le chef de cabinet du minist\u00e8re de l&rsquo;industrie, des mines et de l&rsquo;\u00e9nergie, Mme Ahlem  B\u00e9ji Saib, a supervis\u00e9 l&rsquo;ouverture du salon international pour le plastique et le salon international pour l&#8217;emballage et l&rsquo;impression ce mardi 13 juin 2023 au palais des expositions le Karm, en pr\u00e9sence de divers acteurs dans le secteur de l&#8217;emballage, de l&rsquo;impression et du plastique.<\/p>\n\n\n\n<p class=\"wp-block-paragraph\">\u2733\ufe0f La f\u00e9d\u00e9ration nationale\u00a0de la\u00a0chimie, la\u00a0Chambre nationale\u00a0des\u00a0fabricants\u00a0de\u00a0plastique\u00a0, le centre technique de chimie, la F\u00e9d\u00e9ration nationale\u00a0du\u00a0papier et le Centre Technique de l&rsquo;Emballage et du Conditionnement &#8211; PACKTEC supervisent \u00a0l&rsquo;organisation de ces deux expositions, qui sont organis\u00e9es une fois tous les deux ans et se poursuivent jusqu&rsquo;au 16 juin,<\/p>\n\n\n\n<p class=\"wp-block-paragraph\">\u2733\ufe0f Le salon international pour l&rsquo;impression et les emballages comprend 86 exposants, dont 74 exposants tunisiens et 12 exposants \u00e9trangers de la France, de la Turquie, de la Libye et de la Chine. O\u00f9 les machines d&#8217;emballage et l&rsquo;\u00e9quipement, les mat\u00e9riaux d&#8217;emballage et les mat\u00e9riaux de fer seront affich\u00e9s, ainsi que le secteur d&rsquo;impression.<\/p>\n\n\n\n<p class=\"wp-block-paragraph\">Des ateliers et des salons de &nbsp;discussions sont au rendez vous pour parler des probl\u00e8mes, des solutions, des d\u00e9veloppements et des technologies modernes .<\/p>\n\n\n\n<p class=\"wp-block-paragraph\">Quant au salon international du plastique, il comprend 126 exposants, dont 92 Tunisiens et 34 \u00e9trangers d&rsquo;Alg\u00e9rie, d&rsquo;\u00c9gypte, d&rsquo;Allemagne, de France, de Chine et de Ta\u00efwan.<\/p>\n\n\n\n<p class=\"wp-block-paragraph\">\u2733\ufe0f En parall\u00e8le avec le salon, le Centre technique de chimie sous surveillance organisera le jeudi 15 juin un atelier, o\u00f9 les propri\u00e9taires de professions sp\u00e9cialis\u00e9es et ceux qui sont int\u00e9ress\u00e9s par le secteur seront invit\u00e9s \u00e0 assister \u00e0 l&rsquo;exposition et \u00e0 b\u00e9n\u00e9ficier de ces ateliers.<\/p>\n\n\n\n<p class=\"wp-block-paragraph\">\u2733\ufe0f Le salon du plastique et le salon d&#8217;emballage et l&rsquo;impression repr\u00e9sentent une occasion pour rassembler les diff\u00e9rents acteurs du secteur.<\/p>\n\n\n\n<p class=\"wp-block-paragraph\"><strong>Avec Communiqu\u00e9<\/strong><\/p>\n\n\n\n<hr class=\"wp-block-separator has-alpha-channel-opacity\"\/>\n\n\n\n<p class=\"wp-block-paragraph\"><a id=\"_msocom_1\"><\/a><\/p>\n\n\n\n<p class=\"wp-block-paragraph\">\u00a0<\/p>\n","protected":false},"excerpt":{"rendered":"<p>Madame Ahlem B\u00e9ji Saib, chef de cabinet du minist\u00e8re de l&rsquo;industrie , des mines et de l&rsquo;\u00e9nergie a donn\u00e9 le coup d\u2019envoi des \u00a0activit\u00e9s du salon international du plastique \u00a0et le salon international pour l&#8217;emballage et l&rsquo;impression, ce mardi 13 juin 2023. \u2733\ufe0f Le chef de cabinet du minist\u00e8re de l&rsquo;industrie, des mines et de [&hellip;]<\/p>\n","protected":false},"author":4,"featured_media":48668,"comment_status":"open","ping_status":"closed","sticky":false,"template":"","format":"standard","meta":{"content-type":"","jnews-multi-image_gallery":[],"jnews_single_post":{"subtitle":"","format":"standard","video":"","gallery":"","source_name":"","source_url":"","via_name":"","via_url":"","override_template":"0","override":[{"template":"1","single_blog_custom":"","parallax":"1","fullscreen":"1","layout":"right-sidebar","sidebar":"default-sidebar","second_sidebar":"default-sidebar","sticky_sidebar":"1","share_position":"top","share_float_style":"share-monocrhome","show_share_counter":"1","show_view_counter":"1","show_featured":"1","show_post_meta":"1","show_post_author":"1","show_post_author_image":"1","show_post_date":"1","post_date_format":"default","post_date_format_custom":"Y\/m\/d","show_post_category":"1","show_post_reading_time":"0","post_reading_time_wpm":"300","show_zoom_button":"0","zoom_button_out_step":"2","zoom_button_in_step":"3","show_post_tag":"1","show_prev_next_post":"1","show_popup_post":"1","number_popup_post":"1","show_author_box":"0","show_post_related":"0","show_inline_post_related":"0"}],"override_image_size":"0","image_override":[{"single_post_thumbnail_size":"crop-500","single_post_gallery_size":"crop-500"}],"trending_post":"0","trending_post_position":"meta","trending_post_label":"Trending","sponsored_post":"0","sponsored_post_label":"Sponsored by","sponsored_post_name":"","sponsored_post_url":"","sponsored_post_logo_enable":"0","sponsored_post_logo":"","sponsored_post_desc":"","disable_ad":"0"},"jnews_primary_category":{"id":"","hide":""},"jnews_override_bookmark_settings":[],"jnews_review":[],"enable_review":"","type":"","name":"","summary":"","brand":"","sku":"","good":[],"bad":[],"score_override":"","override_value":"","rating":[],"price":[],"jnews_post_split":[],"footnotes":""},"categories":[43,73],"tags":[3960,65,10401,10400],"class_list":["post-48648","post","type-post","status-publish","format-standard","has-post-thumbnail","hentry","category-eco-business","category-eco","tag-perspectives","tag-programme","tag-samir-meddeb","tag-sunref-tunisie"],"_links":{"self":[{"href":"https:\/\/www.africanchallenges.com\/index.php?rest_route=\/wp\/v2\/posts\/48648","targetHints":{"allow":["GET"]}}],"collection":[{"href":"https:\/\/www.africanchallenges.com\/index.php?rest_route=\/wp\/v2\/posts"}],"about":[{"href":"https:\/\/www.africanchallenges.com\/index.php?rest_route=\/wp\/v2\/types\/post"}],"author":[{"embeddable":true,"href":"https:\/\/www.africanchallenges.com\/index.php?rest_route=\/wp\/v2\/users\/4"}],"replies":[{"embeddable":true,"href":"https:\/\/www.africanchallenges.com\/index.php?rest_route=%2Fwp%2Fv2%2Fcomments&post=48648"}],"version-history":[{"count":2,"href":"https:\/\/www.africanchallenges.com\/index.php?rest_route=\/wp\/v2\/posts\/48648\/revisions"}],"predecessor-version":[{"id":48669,"href":"https:\/\/www.africanchallenges.com\/index.php?rest_route=\/wp\/v2\/posts\/48648\/revisions\/48669"}],"wp:featuredmedia":[{"embeddable":true,"href":"https:\/\/www.africanchallenges.com\/index.php?rest_route=\/wp\/v2\/media\/48668"}],"wp:attachment":[{"href":"https:\/\/www.africanchallenges.com\/index.php?rest_route=%2Fwp%2Fv2%2Fmedia&parent=48648"}],"wp:term":[{"taxonomy":"category","embeddable":true,"href":"https:\/\/www.africanchallenges.com\/index.php?rest_route=%2Fwp%2Fv2%2Fcategories&post=48648"},{"taxonomy":"post_tag","embeddable":true,"href":"https:\/\/www.africanchallenges.com\/index.php?rest_route=%2Fwp%2Fv2%2Ftags&post=48648"}],"curies":[{"name":"wp","href":"https:\/\/api.w.org\/{rel}","templated":true}]}}