{"id":48389,"date":"2023-05-26T14:33:56","date_gmt":"2023-05-26T14:33:56","guid":{"rendered":"https:\/\/www.africanchallenges.com\/?p=48389"},"modified":"2023-05-26T14:37:41","modified_gmt":"2023-05-26T14:37:41","slug":"tunisie-inauguration-du-premier-hub-tuniso-bavarois-sur-les-technologies-et-linnovation-pour-lhydrogene-vert","status":"publish","type":"post","link":"https:\/\/www.africanchallenges.com\/?p=48389","title":{"rendered":"Tunisie\u00a0: Inauguration du premier Hub Tuniso-Bavarois sur les Technologies et l\u2019Innovation pour l\u2019Hydrog\u00e8ne Vert"},"content":{"rendered":"\n<p class=\"wp-block-paragraph\">Une c\u00e9r\u00e9monie d\u2019inauguration du premier Hub Tuniso- Bavarois sur les Technologies et l\u2019Innovation pour l\u2019Hydrog\u00e8ne Vert s\u2019est tenue le 24 et 25 Mai 2023 \u00e0 l\u2019Ecole Nationale des Ing\u00e9nieurs de Tunis (ENIT), en pr\u00e9sence de Son Excellence M. Peter Pr\u00fcgel, l\u2019Ambassadeur d\u2019Allemagne en Tunisie, Mme Melanie Habelitz-Wollgam de la Chancellerie de l&rsquo;Etat de la Bavi\u00e8re, M. Manfred Horr, Directeur R\u00e9gional GIZ Tunisie \/Libye, M. Belhassen Chiboub, Directeur G\u00e9n\u00e9ral de l\u2019Electricit\u00e9 et de la Transition Energ\u00e9tique et M. Kamal Ben Saad, Directeur de l\u2019ENIT.<\/p>\n\n\n\n<p class=\"wp-block-paragraph\">La c\u00e9r\u00e9monie d&rsquo;ouverture a \u00e9t\u00e9 marqu\u00e9e par des discours inspirants et des discussions constructives sur les opportunit\u00e9s de collaboration et d&rsquo;\u00e9change entre la Tunisie et la Bavi\u00e8re.<\/p>\n\n\n\n<p class=\"wp-block-paragraph\">Vid\u00e9o r\u00e9capitulative de la c\u00e9r\u00e9monie de l\u2019inauguration : <a href=\"https:\/\/youtu.be\/RhGQNiVY3Bg\">https:\/\/youtu.be\/RhGQNiVY3Bg<\/a><\/p>\n\n\n\n<p class=\"wp-block-paragraph\">Le programme Tuniso-bavarois sur les Technologies et l\u2019Innovation pour l\u2019Hydrog\u00e8ne Vert<\/p>\n\n\n\n<p class=\"wp-block-paragraph\">L\u2019amphith\u00e9\u00e2tre 800 de l&rsquo;\u00c9cole nationale d&rsquo;ing\u00e9nieurs de Tunis a \u00e9t\u00e9 choisi pour accueillir le Hub Tuniso-Bavarois sur les Technologies et l\u2019Innovation pour l\u2019Hydrog\u00e8ne Vert. Il s\u2019agit d\u2019une plateforme d\u2019\u00e9change et de formation qui vise \u00e0 encourager la recherche et le d\u00e9veloppement de technologies de pointe autour de l&rsquo;hydrog\u00e8ne vert.<\/p>\n\n\n\n<p class=\"wp-block-paragraph\">Le hub Tuniso-Bavarois a pour vocation la promotion de la coop\u00e9ration scientifique et technologique, le renforcement des connaissances et des \u00e9changes d&rsquo;exp\u00e9riences ainsi que le soutien des partenariats. Il offrira des opportunit\u00e9s de formation et de d\u00e9veloppement de comp\u00e9tences pour les professionnels du secteur et h\u00e9bergera \u00e9galement des \u00e9v\u00e9nements \u00e0 th\u00e8mes, des s\u00e9minaires et des ateliers sponsoris\u00e9s par les partenaires de l&rsquo;ENIT et \u00e0 destination des institutions tunisiennes et bavaroises. Ainsi, le hub servira de plateforme de dialogue sur l&rsquo;hydrog\u00e8ne vert au niveau universitaire.<\/p>\n\n\n\n<p class=\"wp-block-paragraph\">La cr\u00e9ation du Hub Tuniso-Bavarois sur les Technologies et l\u2019Innovation pour l\u2019Hydrog\u00e8ne Vert est mandat\u00e9 par le Bund-L\u00e4nder-Programm (BLP) dans le cadre du projet \u00ab Le programme Tuniso-Bavarois sur les Technologies et l\u2019Innovation pour l\u2019Hydrog\u00e8ne Vert \u00bb qui vient compl\u00e9ter le projet \u00ab Hydrog\u00e8ne Vert au Service d\u2019une Croissance Durable et une Economie D\u00e9carbonis\u00e9e en Tunisie (H2Vert.TUN) \u00bb mandat\u00e9 par le Minist\u00e8re F\u00e9d\u00e9ral de la Coop\u00e9ration Economique et du D\u00e9veloppement (BMZ) et mis en \u0153uvre par la Deutsche Gesellschaft f\u00fcr Internationale Zusammenarbeit (GIZ), en \u00e9troite collaboration avec le Minist\u00e8re de l&rsquo;Industrie, des Mines et de l&rsquo;\u00c9nergie (MIME).<\/p>\n\n\n\n<p class=\"wp-block-paragraph\">Le projet du programme Tuniso-Bavarois s\u2019articule autour de quatre (4) composantes :<\/p>\n\n\n\n<p class=\"wp-block-paragraph\">\u00b7 Mise en service d&rsquo;un hub Tuniso-Bavarois sur les Technologies et l\u2019Innovation pour l&rsquo;Hydrog\u00e8ne Vert, physiquement h\u00e9berg\u00e9 \u00e0 l\u2019ENIT.<\/p>\n\n\n\n<p class=\"wp-block-paragraph\">\u00b7 \u00c9tablissement de partenariats strat\u00e9giques entre les instituts tunisiens et bavarois de la recherche scientifique et industrielle.<\/p>\n\n\n\n<p class=\"wp-block-paragraph\">\u00b7 Promotion des femmes Tunisiennes et Bavaroises actives dans le domaine de l\u2019Hydrog\u00e8ne Vert.<\/p>\n\n\n\n<p class=\"wp-block-paragraph\">\u00b7 Accompagnement de programmes et de formats d\u2019\u00e9change.<\/p>\n\n\n\n<p class=\"wp-block-paragraph\">Les atouts du partenariat tuniso-bavarois<\/p>\n\n\n\n<p class=\"wp-block-paragraph\">L&rsquo;\u00e9change Tuniso-Bavarois illustre la fa\u00e7on dont deux pays peuvent travailler ensemble pour tirer parti de leurs compl\u00e9mentarit\u00e9s. Cet \u00e9change ouvre un nouveau chapitre de la coop\u00e9ration entre la Tunisie et l\u2019Allemagne.<\/p>\n\n\n\n<p class=\"wp-block-paragraph\">La Bavi\u00e8re en particulier dispose de nombreux acteurs clefs dans le secteur de l&rsquo;hydrog\u00e8ne vert avec lesquels la Tunisie peut coop\u00e9rer, du secteur priv\u00e9 dans son ensemble (Investisseurs, PME hautement sp\u00e9cialis\u00e9s, start-ups innovantes etc.), en passant par les acteurs politiques, acad\u00e9miques et scientifiques, sans oublier la soci\u00e9t\u00e9 civile.<\/p>\n\n\n\n<p class=\"wp-block-paragraph\">La r\u00e9gion du Sud-Est de l\u2019Allemagne dispose \u00e9galement d&rsquo;institutions et d&rsquo;universit\u00e9s de pointe couvrant de nombreux domaines de recherche (\u00e9lectrolyse, int\u00e9gration de l&rsquo;hydrog\u00e8ne et des \u00e9nergies renouvelables, stockage et logistique de l\u2019hydrog\u00e8ne vert, infrastructure du r\u00e9seau gazier, etc\u2026).<\/p>\n\n\n\n<p class=\"wp-block-paragraph\">Un premier voyage d\u2019\u00e9tude a \u00e9t\u00e9 organis\u00e9 autour de l&rsquo;\u00e9v\u00e9nement \u00ab\u00a0Hydrog\u00e8ne dialogue 2022\u00a0\u00bb \u00e0 Munich en septembre 2022. Ce voyage a r\u00e9uni plusieurs enseignants universitaires tunisiens repr\u00e9sentant les universit\u00e9s et les \u00e9coles d&rsquo;ing\u00e9nieurs tunisiennes, ainsi que plusieurs centres de recherche et entreprises actives dans le domaine de l&rsquo;hydrog\u00e8ne vert (H2 vert).<\/p>\n\n\n\n<p class=\"wp-block-paragraph\">Ce voyage a permis avec succ\u00e8s un premier \u00e9change de connaissances autour de l&rsquo;H2 vert entre les universit\u00e9s et les centres de recherche tunisiens et allemands et a pos\u00e9 les jalons de partenariats strat\u00e9giques.<\/p>\n\n\n\n<p class=\"wp-block-paragraph\">La Bavi\u00e8re coop\u00e9rera \u00e9galement avec l&rsquo;universit\u00e9 Friedrich-Alexander d&rsquo;Erlangen-N\u00fcrnberg pour financer des stages de fin d&rsquo;\u00e9tudes de quatre \u00e9tudiants tunisiens en ing\u00e9nierie. Les \u00e9tudiants participeront \u00e0 un programme d&rsquo;\u00e9change universitaire qui leur permettra d&rsquo;\u00e9tudier simultan\u00e9ment dans les deux universit\u00e9s.<\/p>\n\n\n\n<p class=\"wp-block-paragraph\">* La Deutsche Gesellschaft f\u00fcr Internationale Zusammenarbeit (GIZ) GmbH est une entreprise f\u00e9d\u00e9rale allemande active dans le domaine de la coop\u00e9ration internationale pour le d\u00e9veloppement. En Tunisie depuis 1975, la GIZ met en \u0153uvre des projets de d\u00e9veloppement dans le cadre de la coop\u00e9ration tuniso-allemande, et ceci dans quatre secteurs, en mettant particuli\u00e8rement l\u2019accent sur le d\u00e9veloppement des r\u00e9gions rurales : le d\u00e9veloppement \u00e9conomique durable et la promotion de l\u2019emploi ; les \u00e9nergies renouvelables et l\u2019efficacit\u00e9 \u00e9nerg\u00e9tique ; le d\u00e9veloppement r\u00e9gional, la gouvernance locale et la d\u00e9mocratie ainsi que la gestion durable des ressources naturelles, notamment de l\u2019eau.<\/p>\n\n\n\n<p class=\"wp-block-paragraph\"><strong>Avec Communiqu\u00e9<\/strong><\/p>\n","protected":false},"excerpt":{"rendered":"<p>Une c\u00e9r\u00e9monie d\u2019inauguration du premier Hub Tuniso- Bavarois sur les Technologies et l\u2019Innovation pour l\u2019Hydrog\u00e8ne Vert s\u2019est tenue le 24 et 25 Mai 2023 \u00e0 l\u2019Ecole Nationale des Ing\u00e9nieurs de Tunis (ENIT), en pr\u00e9sence de Son Excellence M. Peter Pr\u00fcgel, l\u2019Ambassadeur d\u2019Allemagne en Tunisie, Mme Melanie Habelitz-Wollgam de la Chancellerie de l&rsquo;Etat de la Bavi\u00e8re, [&hellip;]<\/p>\n","protected":false},"author":4,"featured_media":48390,"comment_status":"open","ping_status":"closed","sticky":false,"template":"","format":"standard","meta":{"content-type":"","jnews-multi-image_gallery":[],"jnews_single_post":{"subtitle":"","format":"standard","video":"","gallery":"","source_name":"","source_url":"","via_name":"","via_url":"","override_template":"0","override":[{"template":"1","single_blog_custom":"","parallax":"1","fullscreen":"1","layout":"right-sidebar","sidebar":"default-sidebar","second_sidebar":"default-sidebar","sticky_sidebar":"1","share_position":"top","share_float_style":"share-monocrhome","show_share_counter":"1","show_view_counter":"1","show_featured":"1","show_post_meta":"1","show_post_author":"1","show_post_author_image":"1","show_post_date":"1","post_date_format":"default","post_date_format_custom":"Y\/m\/d","show_post_category":"1","show_post_reading_time":"0","post_reading_time_wpm":"300","show_zoom_button":"0","zoom_button_out_step":"2","zoom_button_in_step":"3","show_post_tag":"1","show_prev_next_post":"1","show_popup_post":"1","number_popup_post":"1","show_author_box":"0","show_post_related":"0","show_inline_post_related":"0"}],"override_image_size":"0","image_override":[{"single_post_thumbnail_size":"crop-500","single_post_gallery_size":"crop-500"}],"trending_post":"0","trending_post_position":"meta","trending_post_label":"Trending","sponsored_post":"0","sponsored_post_label":"Sponsored by","sponsored_post_name":"","sponsored_post_url":"","sponsored_post_logo_enable":"0","sponsored_post_logo":"","sponsored_post_desc":"","disable_ad":"0"},"jnews_primary_category":{"id":"","hide":""},"jnews_override_bookmark_settings":[],"jnews_review":[],"enable_review":"","type":"","name":"","summary":"","brand":"","sku":"","good":[],"bad":[],"score_override":"","override_value":"","rating":[],"price":[],"jnews_post_split":[],"footnotes":""},"categories":[43,73],"tags":[1177,10242],"class_list":["post-48389","post","type-post","status-publish","format-standard","has-post-thumbnail","hentry","category-eco-business","category-eco","tag-giz-tunisie","tag-lenit"],"_links":{"self":[{"href":"https:\/\/www.africanchallenges.com\/index.php?rest_route=\/wp\/v2\/posts\/48389","targetHints":{"allow":["GET"]}}],"collection":[{"href":"https:\/\/www.africanchallenges.com\/index.php?rest_route=\/wp\/v2\/posts"}],"about":[{"href":"https:\/\/www.africanchallenges.com\/index.php?rest_route=\/wp\/v2\/types\/post"}],"author":[{"embeddable":true,"href":"https:\/\/www.africanchallenges.com\/index.php?rest_route=\/wp\/v2\/users\/4"}],"replies":[{"embeddable":true,"href":"https:\/\/www.africanchallenges.com\/index.php?rest_route=%2Fwp%2Fv2%2Fcomments&post=48389"}],"version-history":[{"count":1,"href":"https:\/\/www.africanchallenges.com\/index.php?rest_route=\/wp\/v2\/posts\/48389\/revisions"}],"predecessor-version":[{"id":48391,"href":"https:\/\/www.africanchallenges.com\/index.php?rest_route=\/wp\/v2\/posts\/48389\/revisions\/48391"}],"wp:featuredmedia":[{"embeddable":true,"href":"https:\/\/www.africanchallenges.com\/index.php?rest_route=\/wp\/v2\/media\/48390"}],"wp:attachment":[{"href":"https:\/\/www.africanchallenges.com\/index.php?rest_route=%2Fwp%2Fv2%2Fmedia&parent=48389"}],"wp:term":[{"taxonomy":"category","embeddable":true,"href":"https:\/\/www.africanchallenges.com\/index.php?rest_route=%2Fwp%2Fv2%2Fcategories&post=48389"},{"taxonomy":"post_tag","embeddable":true,"href":"https:\/\/www.africanchallenges.com\/index.php?rest_route=%2Fwp%2Fv2%2Ftags&post=48389"}],"curies":[{"name":"wp","href":"https:\/\/api.w.org\/{rel}","templated":true}]}}