{"id":48121,"date":"2023-05-08T20:46:06","date_gmt":"2023-05-08T20:46:06","guid":{"rendered":"https:\/\/www.africanchallenges.com\/?p=48121"},"modified":"2023-05-08T20:49:21","modified_gmt":"2023-05-08T20:49:21","slug":"tunisie-la-ministre-de-la-justice-inaugure-le-nouveau-siege-du-tribunal-cantonal-de-hammem-lif","status":"publish","type":"post","link":"https:\/\/www.africanchallenges.com\/?p=48121","title":{"rendered":"Tunisie : La ministre de la Justice inaugure le nouveau si\u00e8ge du tribunal cantonal de Hammam-Lif"},"content":{"rendered":"\n<p class=\"wp-block-paragraph\">La ministre de la Justice, Le\u00efla Jeffal, a inaugur\u00e9 ce lundi 08 Mai 2023, le nouveau si\u00e8ge du tribunal cantonal de Hammam-Lif, en pr\u00e9sence du gouverneur de la r\u00e9gion, de la pr\u00e9sidente du tribunal de premi\u00e8re instance de Ben Arous, du procureur de la r\u00e9publique, du juge cantonal, de la directrice g\u00e9n\u00e9rale de la Justice du Grand-Tunis et autres.<\/p>\n\n\n\n<p class=\"wp-block-paragraph\">&nbsp;La &nbsp;ministre &nbsp;a &nbsp;visit\u00e9 les diff\u00e9rents espaces, les bureaux et la salle des audiences, et a salu\u00e9 les efforts d\u00e9ploy\u00e9s en mati\u00e8re de r\u00e9alisation de cette institution judiciaire afin qu\u2019elle soit la mieux \u00e0 m\u00eame \u00e0 accueillir les justiciables, et leur rendre de nombreuses prestations administratives et judiciaires, dans le cadre de la justice de proximit\u00e9.<\/p>\n\n\n\n<p class=\"wp-block-paragraph\">Jeffal a promis d\u2019\u0153uvrer en coordination avec le gouverneur, \u00e0 surmonter certains probl\u00e8mes et difficult\u00e9s que les employ\u00e9s du tribunal cantonal de Hammam-Lif pourraient rencontrer, et \u00e0 faciliter le travail de la famille judiciaire \u00e9largie, appelant \u00e0 pr\u00e9server cet \u00e9difice.<\/p>\n\n\n\n<p class=\"wp-block-paragraph\">Le co\u00fbt du projet du nouveau si\u00e8ge de cette juridiction, dont les travaux se sont \u00e9tal\u00e9s sur 355 jours, est estim\u00e9 \u00e0 3, 445 millions de dinars. Sa superficie est de 1900 m\u00b2.<\/p>\n","protected":false},"excerpt":{"rendered":"<p>La ministre de la Justice, Le\u00efla Jeffal, a inaugur\u00e9 ce lundi 08 Mai 2023, le nouveau si\u00e8ge du tribunal cantonal de Hammam-Lif, en pr\u00e9sence du gouverneur de la r\u00e9gion, de la pr\u00e9sidente du tribunal de premi\u00e8re instance de Ben Arous, du procureur de la r\u00e9publique, du juge cantonal, de la directrice g\u00e9n\u00e9rale de la Justice [&hellip;]<\/p>\n","protected":false},"author":4,"featured_media":48122,"comment_status":"open","ping_status":"closed","sticky":false,"template":"","format":"standard","meta":{"content-type":"","jnews-multi-image_gallery":[],"jnews_single_post":{"subtitle":"","format":"standard","video":"","gallery":"","source_name":"","source_url":"","via_name":"","via_url":"","override_template":"0","override":[{"template":"1","single_blog_custom":"","parallax":"1","fullscreen":"1","layout":"right-sidebar","sidebar":"default-sidebar","second_sidebar":"default-sidebar","sticky_sidebar":"1","share_position":"top","share_float_style":"share-monocrhome","show_share_counter":"1","show_view_counter":"1","show_featured":"1","show_post_meta":"1","show_post_author":"1","show_post_author_image":"1","show_post_date":"1","post_date_format":"default","post_date_format_custom":"Y\/m\/d","show_post_category":"1","show_post_reading_time":"0","post_reading_time_wpm":"300","show_zoom_button":"0","zoom_button_out_step":"2","zoom_button_in_step":"3","show_post_tag":"1","show_prev_next_post":"1","show_popup_post":"1","number_popup_post":"1","show_author_box":"0","show_post_related":"0","show_inline_post_related":"0"}],"override_image_size":"0","image_override":[{"single_post_thumbnail_size":"crop-500","single_post_gallery_size":"crop-500"}],"trending_post":"0","trending_post_position":"meta","trending_post_label":"Trending","sponsored_post":"0","sponsored_post_label":"Sponsored by","sponsored_post_name":"","sponsored_post_url":"","sponsored_post_logo_enable":"0","sponsored_post_logo":"","sponsored_post_desc":"","disable_ad":"0"},"jnews_primary_category":{"id":"","hide":""},"jnews_override_bookmark_settings":[],"jnews_review":[],"enable_review":"","type":"","name":"","summary":"","brand":"","sku":"","good":[],"bad":[],"score_override":"","override_value":"","rating":[],"price":[],"jnews_post_split":[],"footnotes":""},"categories":[61],"tags":[10188,10187],"class_list":["post-48121","post","type-post","status-publish","format-standard","has-post-thumbnail","hentry","category-societe","tag-ministre-de-la-justice","tag-tribunal-cantonal-de-hammam-lif"],"_links":{"self":[{"href":"https:\/\/www.africanchallenges.com\/index.php?rest_route=\/wp\/v2\/posts\/48121","targetHints":{"allow":["GET"]}}],"collection":[{"href":"https:\/\/www.africanchallenges.com\/index.php?rest_route=\/wp\/v2\/posts"}],"about":[{"href":"https:\/\/www.africanchallenges.com\/index.php?rest_route=\/wp\/v2\/types\/post"}],"author":[{"embeddable":true,"href":"https:\/\/www.africanchallenges.com\/index.php?rest_route=\/wp\/v2\/users\/4"}],"replies":[{"embeddable":true,"href":"https:\/\/www.africanchallenges.com\/index.php?rest_route=%2Fwp%2Fv2%2Fcomments&post=48121"}],"version-history":[{"count":2,"href":"https:\/\/www.africanchallenges.com\/index.php?rest_route=\/wp\/v2\/posts\/48121\/revisions"}],"predecessor-version":[{"id":48124,"href":"https:\/\/www.africanchallenges.com\/index.php?rest_route=\/wp\/v2\/posts\/48121\/revisions\/48124"}],"wp:featuredmedia":[{"embeddable":true,"href":"https:\/\/www.africanchallenges.com\/index.php?rest_route=\/wp\/v2\/media\/48122"}],"wp:attachment":[{"href":"https:\/\/www.africanchallenges.com\/index.php?rest_route=%2Fwp%2Fv2%2Fmedia&parent=48121"}],"wp:term":[{"taxonomy":"category","embeddable":true,"href":"https:\/\/www.africanchallenges.com\/index.php?rest_route=%2Fwp%2Fv2%2Fcategories&post=48121"},{"taxonomy":"post_tag","embeddable":true,"href":"https:\/\/www.africanchallenges.com\/index.php?rest_route=%2Fwp%2Fv2%2Ftags&post=48121"}],"curies":[{"name":"wp","href":"https:\/\/api.w.org\/{rel}","templated":true}]}}