{"id":47660,"date":"2023-03-17T18:43:16","date_gmt":"2023-03-17T18:43:16","guid":{"rendered":"https:\/\/www.africanchallenges.com\/?p=47660"},"modified":"2023-03-17T19:08:47","modified_gmt":"2023-03-17T19:08:47","slug":"tunisie-demission-du-ministre-de-linterieur-taoufik-charfeddine","status":"publish","type":"post","link":"https:\/\/www.africanchallenges.com\/?p=47660","title":{"rendered":"Tunisie : D\u00e9mission du ministre de l\u2019Int\u00e9rieur Taoufik Charfeddine"},"content":{"rendered":"\n<p class=\"wp-block-paragraph\">Depuis la caserne de la garde nationale de Bir Bouraghba, le &nbsp;ministre de l\u2019Int\u00e9rieur, Taoufik Charfeddine a annonc\u00e9, ce vendredi 17 mars 2023, sa d\u00e9mission de son poste, dans une d\u00e9claration accord\u00e9e aux m\u00e9dias .<\/p>\n\n\n\n<p class=\"wp-block-paragraph\">Taoufik Charfeddine a pr\u00e9cis\u00e9 qu\u2019il avait pr\u00e9sent\u00e9 sa d\u00e9mission au pr\u00e9sident de la R\u00e9publique la veille. Il a tenu \u00e0 le remercier pour la confiance qu\u2019il lui a accord\u00e9.<\/p>\n\n\n\n<p class=\"wp-block-paragraph\">Charfeddine a d\u00e9clar\u00e9 \u00ab Je n\u2019ai aucun probl\u00e8me, je suis \u00e0 votre disposition, le peuple tunisien a le droit \u00e0 l\u2019 information , si vous voulez me critiquer, n\u2019h\u00e9sitez pas (\u2026) je suis heureux que ce soit aujourd\u2019hui \u00a0notre derni\u00e8re rencontre m\u00e9diatique (\u2026) \u00bb.<\/p>\n\n\n\n<p class=\"wp-block-paragraph\">Il a poursuivi\u00a0 \u00ab J\u2019ai \u00e9t\u00e9 honor\u00e9 de porter la mission \u00e0 la t\u00eate du minist\u00e8re de l\u2019Int\u00e9rieur que m\u2019a confi\u00e9e le pr\u00e9sident de la R\u00e9publique, ce ne fut pas facile et j\u2019adresse mes remerciements et mon respect au pr\u00e9sident pour sa pr\u00e9cieuse confiance et qui a hier compris la situation et a accept\u00e9 qu\u2019il me d\u00e9gage de cette mission (\u2026) une autre mission m\u2019appelle (\u2026) plus importante que toutes, les hommes et les femmes sont nombreux, mais un p\u00e8re est unique et je suis investi par une mission confi\u00e9e par mon \u00e9pouse qu\u2019elle repose en paix et il est temps que je retourne aupr\u00e8s de mes enfants \u00bb.<\/p>\n","protected":false},"excerpt":{"rendered":"<p>Depuis la caserne de la garde nationale de Bir Bouraghba, le &nbsp;ministre de l\u2019Int\u00e9rieur, Taoufik Charfeddine a annonc\u00e9, ce vendredi 17 mars 2023, sa d\u00e9mission de son poste, dans une d\u00e9claration accord\u00e9e aux m\u00e9dias . Taoufik Charfeddine a pr\u00e9cis\u00e9 qu\u2019il avait pr\u00e9sent\u00e9 sa d\u00e9mission au pr\u00e9sident de la R\u00e9publique la veille. Il a tenu \u00e0 [&hellip;]<\/p>\n","protected":false},"author":4,"featured_media":20212,"comment_status":"open","ping_status":"closed","sticky":false,"template":"","format":"standard","meta":{"content-type":"","jnews-multi-image_gallery":[],"jnews_single_post":{"subtitle":"","format":"standard","video":"","gallery":"","source_name":"","source_url":"","via_name":"","via_url":"","override_template":"0","override":[{"template":"1","single_blog_custom":"","parallax":"1","fullscreen":"1","layout":"right-sidebar","sidebar":"default-sidebar","second_sidebar":"default-sidebar","sticky_sidebar":"1","share_position":"top","share_float_style":"share-monocrhome","show_share_counter":"1","show_view_counter":"1","show_featured":"1","show_post_meta":"1","show_post_author":"1","show_post_author_image":"1","show_post_date":"1","post_date_format":"default","post_date_format_custom":"Y\/m\/d","show_post_category":"1","show_post_reading_time":"0","post_reading_time_wpm":"300","show_zoom_button":"0","zoom_button_out_step":"2","zoom_button_in_step":"3","show_post_tag":"1","show_prev_next_post":"1","show_popup_post":"1","number_popup_post":"1","show_author_box":"0","show_post_related":"0","show_inline_post_related":"0"}],"override_image_size":"0","image_override":[{"single_post_thumbnail_size":"crop-500","single_post_gallery_size":"crop-500"}],"trending_post":"0","trending_post_position":"meta","trending_post_label":"Trending","sponsored_post":"0","sponsored_post_label":"Sponsored by","sponsored_post_name":"","sponsored_post_url":"","sponsored_post_logo_enable":"0","sponsored_post_logo":"","sponsored_post_desc":"","disable_ad":"0"},"jnews_primary_category":{"id":"","hide":""},"jnews_override_bookmark_settings":[],"jnews_review":[],"enable_review":"","type":"","name":"","summary":"","brand":"","sku":"","good":[],"bad":[],"score_override":"","override_value":"","rating":[],"price":[],"jnews_post_split":[],"footnotes":""},"categories":[2],"tags":[5302],"class_list":["post-47660","post","type-post","status-publish","format-standard","has-post-thumbnail","hentry","category-news-politique","tag-taoufik-charfeddine"],"_links":{"self":[{"href":"https:\/\/www.africanchallenges.com\/index.php?rest_route=\/wp\/v2\/posts\/47660","targetHints":{"allow":["GET"]}}],"collection":[{"href":"https:\/\/www.africanchallenges.com\/index.php?rest_route=\/wp\/v2\/posts"}],"about":[{"href":"https:\/\/www.africanchallenges.com\/index.php?rest_route=\/wp\/v2\/types\/post"}],"author":[{"embeddable":true,"href":"https:\/\/www.africanchallenges.com\/index.php?rest_route=\/wp\/v2\/users\/4"}],"replies":[{"embeddable":true,"href":"https:\/\/www.africanchallenges.com\/index.php?rest_route=%2Fwp%2Fv2%2Fcomments&post=47660"}],"version-history":[{"count":3,"href":"https:\/\/www.africanchallenges.com\/index.php?rest_route=\/wp\/v2\/posts\/47660\/revisions"}],"predecessor-version":[{"id":47663,"href":"https:\/\/www.africanchallenges.com\/index.php?rest_route=\/wp\/v2\/posts\/47660\/revisions\/47663"}],"wp:featuredmedia":[{"embeddable":true,"href":"https:\/\/www.africanchallenges.com\/index.php?rest_route=\/wp\/v2\/media\/20212"}],"wp:attachment":[{"href":"https:\/\/www.africanchallenges.com\/index.php?rest_route=%2Fwp%2Fv2%2Fmedia&parent=47660"}],"wp:term":[{"taxonomy":"category","embeddable":true,"href":"https:\/\/www.africanchallenges.com\/index.php?rest_route=%2Fwp%2Fv2%2Fcategories&post=47660"},{"taxonomy":"post_tag","embeddable":true,"href":"https:\/\/www.africanchallenges.com\/index.php?rest_route=%2Fwp%2Fv2%2Ftags&post=47660"}],"curies":[{"name":"wp","href":"https:\/\/api.w.org\/{rel}","templated":true}]}}