{"id":47458,"date":"2023-03-09T10:35:55","date_gmt":"2023-03-09T10:35:55","guid":{"rendered":"https:\/\/www.africanchallenges.com\/?p=47458"},"modified":"2023-03-09T10:44:42","modified_gmt":"2023-03-09T10:44:42","slug":"projet-de-la-banque-africaine-de-developpement-pour-ameliorer-les-conditions-de-vie-des-personnes-deplacees-en-rdc","status":"publish","type":"post","link":"https:\/\/www.africanchallenges.com\/?p=47458","title":{"rendered":"Projet de la Banque africaine de d\u00e9veloppement pour am\u00e9liorer les conditions de vie des personnes d\u00e9plac\u00e9es en RDC"},"content":{"rendered":"\n<p class=\"wp-block-paragraph\">La Banque africaine de d\u00e9veloppement a organis\u00e9, le 28 f\u00e9vrier 2023 \u00e0 Kinshasa, une consultation avec une vingtaine d\u2019organisations de la soci\u00e9t\u00e9 civile pour \u00e9valuer le Projet d\u2019appui \u00e0 la promotion du secteur priv\u00e9 et d\u2019inclusion financi\u00e8re des personnes d\u00e9plac\u00e9es de force en R\u00e9publique d\u00e9mocratique du Congo (RDC).<\/p>\n\n\n\n<p class=\"wp-block-paragraph\">\u00ab Ce projet a pour but d\u2019offrir une assistance technique pour cr\u00e9er un environnement propice au d\u00e9veloppement du secteur priv\u00e9 dans les zones touch\u00e9es par les d\u00e9placements forc\u00e9s de citoyens congolais. En favorisant l\u2019investissement priv\u00e9 dans ces zones, le projet esp\u00e8re contribuer \u00e0 stabiliser la situation socio\u00e9conomique et am\u00e9liorer les conditions de vie des populations d\u00e9plac\u00e9es \u00bb, a expliqu\u00e9 Victorin Salifou, expert en digitalisation \u00e0 la Banque africaine de d\u00e9veloppement.<\/p>\n\n\n\n<p class=\"wp-block-paragraph\">La directrice g\u00e9n\u00e9rale du Fonds national de promotion et de service social, Alice Mirimo, s\u2019est f\u00e9licit\u00e9 de voir ce projet \u00eatre mis sur pied invitant les acteurs de la soci\u00e9t\u00e9 civile congolaise \u00e0 contribuer \u00e0 \u00e9laborer le projet qui vient en appui au gouvernement congolais.<\/p>\n\n\n\n<p class=\"wp-block-paragraph\">\u00ab La Banque africaine de d\u00e9veloppement est l\u00e0 pour soutenir le gouvernement de la RDC en termes d\u2019appui aux d\u00e9plac\u00e9s internes. C\u2019est un projet dont la phase pilote va d\u00e9buter dans la province du Grand Kasa\u00ef (au centre du pays) pour s\u2019\u00e9tendre ensuite dans d\u2019autres provinces du pays \u00bb, a ajout\u00e9 Alice Mirimo.<\/p>\n\n\n\n<p class=\"wp-block-paragraph\">L\u2019objectif principal de cette consultation \u00e9tait de recueillir des informations pr\u00e9cises sur les personnes d\u00e9plac\u00e9es internes et de s\u2019assurer que le projet est bien adapt\u00e9 \u00e0 leurs besoins. Les organisations de la soci\u00e9t\u00e9 civile qui ont pris part \u00e0 l\u2019atelier ont exprim\u00e9 leur soutien au projet, soulignant son importance pour les personnes d\u00e9plac\u00e9es de force. Elles ont salu\u00e9 l\u2019approche participative adopt\u00e9e par la Banque africaine de d\u00e9veloppement\u2026<\/p>\n\n\n\n<p class=\"wp-block-paragraph\">\u00ab Malgr\u00e9 les moyens limit\u00e9s dont elles disposent, les organisations de la soci\u00e9t\u00e9 civile ne cessent d\u2019apporter leur aide aux personnes d\u00e9plac\u00e9es de force \u00bb, a soulign\u00e9 Milenge Mwenelwata, responsable du Syndicat d\u2019entraide chr\u00e9tienne, une des organisations de la soci\u00e9t\u00e9 civile congolaise.<\/p>\n\n\n\n<p class=\"wp-block-paragraph\">\u00ab La consultation a permis de mieux comprendre les besoins des personnes d\u00e9plac\u00e9es de force en R\u00e9publique d\u00e9mocratique du Congo et de renforcer la collaboration entre la banque et les organisations de la soci\u00e9t\u00e9 civile pour un meilleur soutien aux personnes d\u00e9plac\u00e9es de force en RDC \u00bb, a d\u00e9clar\u00e9 Victorin Salifou.<\/p>\n\n\n\n<p class=\"wp-block-paragraph\">Les conflits et catastrophes naturelles ont engendr\u00e9 en 2021, un d\u00e9placement forc\u00e9 de pr\u00e8s de 12 millions de personnes en Afrique subsaharienne, ce chiffre tournait autour de trois millions de personnes pour la RDC selon le Centre de surveillance des d\u00e9placements internes (IDMC) (https:\/\/apo-opa.info\/3SVvwz9).<\/p>\n\n\n\n<p class=\"wp-block-paragraph\"><strong>Avec Communiqu\u00e9<\/strong><\/p>\n","protected":false},"excerpt":{"rendered":"<p>La Banque africaine de d\u00e9veloppement a organis\u00e9, le 28 f\u00e9vrier 2023 \u00e0 Kinshasa, une consultation avec une vingtaine d\u2019organisations de la soci\u00e9t\u00e9 civile pour \u00e9valuer le Projet d\u2019appui \u00e0 la promotion du secteur priv\u00e9 et d\u2019inclusion financi\u00e8re des personnes d\u00e9plac\u00e9es de force en R\u00e9publique d\u00e9mocratique du Congo (RDC). \u00ab Ce projet a pour but d\u2019offrir [&hellip;]<\/p>\n","protected":false},"author":4,"featured_media":17441,"comment_status":"open","ping_status":"closed","sticky":false,"template":"","format":"standard","meta":{"content-type":"","jnews-multi-image_gallery":[],"jnews_single_post":{"subtitle":"","format":"standard","video":"","gallery":"","source_name":"","source_url":"","via_name":"","via_url":"","override_template":"0","override":[{"template":"1","single_blog_custom":"","parallax":"1","fullscreen":"1","layout":"right-sidebar","sidebar":"default-sidebar","second_sidebar":"default-sidebar","sticky_sidebar":"1","share_position":"top","share_float_style":"share-monocrhome","show_share_counter":"1","show_view_counter":"1","show_featured":"1","show_post_meta":"1","show_post_author":"1","show_post_author_image":"1","show_post_date":"1","post_date_format":"default","post_date_format_custom":"Y\/m\/d","show_post_category":"1","show_post_reading_time":"0","post_reading_time_wpm":"300","show_zoom_button":"0","zoom_button_out_step":"2","zoom_button_in_step":"3","show_post_tag":"1","show_prev_next_post":"1","show_popup_post":"1","number_popup_post":"1","show_author_box":"0","show_post_related":"0","show_inline_post_related":"0"}],"override_image_size":"0","image_override":[{"single_post_thumbnail_size":"crop-500","single_post_gallery_size":"crop-500"}],"trending_post":"0","trending_post_position":"meta","trending_post_label":"Trending","sponsored_post":"0","sponsored_post_label":"Sponsored by","sponsored_post_name":"","sponsored_post_url":"","sponsored_post_logo_enable":"0","sponsored_post_logo":"","sponsored_post_desc":"","disable_ad":"0"},"jnews_primary_category":{"id":"","hide":""},"jnews_override_bookmark_settings":[],"jnews_review":[],"enable_review":"","type":"","name":"","summary":"","brand":"","sku":"","good":[],"bad":[],"score_override":"","override_value":"","rating":[],"price":[],"jnews_post_split":[],"footnotes":""},"categories":[14,43],"tags":[85,1835],"class_list":["post-47458","post","type-post","status-publish","format-standard","has-post-thumbnail","hentry","category-banks","category-eco-business","tag-investissement","tag-la-banque-africaine-de-developpement"],"_links":{"self":[{"href":"https:\/\/www.africanchallenges.com\/index.php?rest_route=\/wp\/v2\/posts\/47458","targetHints":{"allow":["GET"]}}],"collection":[{"href":"https:\/\/www.africanchallenges.com\/index.php?rest_route=\/wp\/v2\/posts"}],"about":[{"href":"https:\/\/www.africanchallenges.com\/index.php?rest_route=\/wp\/v2\/types\/post"}],"author":[{"embeddable":true,"href":"https:\/\/www.africanchallenges.com\/index.php?rest_route=\/wp\/v2\/users\/4"}],"replies":[{"embeddable":true,"href":"https:\/\/www.africanchallenges.com\/index.php?rest_route=%2Fwp%2Fv2%2Fcomments&post=47458"}],"version-history":[{"count":1,"href":"https:\/\/www.africanchallenges.com\/index.php?rest_route=\/wp\/v2\/posts\/47458\/revisions"}],"predecessor-version":[{"id":47460,"href":"https:\/\/www.africanchallenges.com\/index.php?rest_route=\/wp\/v2\/posts\/47458\/revisions\/47460"}],"wp:featuredmedia":[{"embeddable":true,"href":"https:\/\/www.africanchallenges.com\/index.php?rest_route=\/wp\/v2\/media\/17441"}],"wp:attachment":[{"href":"https:\/\/www.africanchallenges.com\/index.php?rest_route=%2Fwp%2Fv2%2Fmedia&parent=47458"}],"wp:term":[{"taxonomy":"category","embeddable":true,"href":"https:\/\/www.africanchallenges.com\/index.php?rest_route=%2Fwp%2Fv2%2Fcategories&post=47458"},{"taxonomy":"post_tag","embeddable":true,"href":"https:\/\/www.africanchallenges.com\/index.php?rest_route=%2Fwp%2Fv2%2Ftags&post=47458"}],"curies":[{"name":"wp","href":"https:\/\/api.w.org\/{rel}","templated":true}]}}