{"id":47413,"date":"2023-03-08T10:04:51","date_gmt":"2023-03-08T10:04:51","guid":{"rendered":"https:\/\/www.africanchallenges.com\/?p=47413"},"modified":"2023-03-08T10:06:57","modified_gmt":"2023-03-08T10:06:57","slug":"tunisie-ceremonie-douverture-de-la-21eme-edition-du-festival-de-la-chanson-tunisienne-fct-2023","status":"publish","type":"post","link":"https:\/\/www.africanchallenges.com\/?p=47413","title":{"rendered":"Tunisie : C\u00e9r\u00e9monie d&rsquo;ouverture de la  21\u00e8me \u00e9dition du Festival de la Chanson Tunisienne (FCT 2023)"},"content":{"rendered":"\n<p class=\"wp-block-paragraph\">La c\u00e9r\u00e9monie d\u2019ouverture de la 21<sup>\u00e8me<\/sup> \u00e9dition du Festival de la Chanson Tunisienne (FCT 2023), s\u2019est d\u00e9roul\u00e9e dans la soir\u00e9e du mardi 7 Mars 2023 au Th\u00e9\u00e2tre de l\u2019Op\u00e9ra dans une ambiance sobre et teint\u00e9e de nostalgie<strong>. <\/strong><strong><\/strong><\/p>\n\n\n\n<p class=\"wp-block-paragraph\">Rehauss\u00e9e de la pr\u00e9sence de la ministre des Affaires culturelles, Dr Hayet Guettat Guermazi, de repr\u00e9sentants du corps diplomatique accr\u00e9dit\u00e9s en Tunisie et naturellement des artistes, des vedettes et des m\u00e9dias, le somptueux clap d\u2019ouverture a \u00e9t\u00e9 donn\u00e9 par la projection d\u2019un documentaire sur des moments phares de l\u2019histoire du festival depuis sa naissance en 1987 avec le maestro Fethi Zghonda, jusqu\u2019aux derni\u00e8res \u00e9ditions avec des t\u00e9moignages d\u2019anciens directeurs du festival, Sonia M\u2019barek ( 2005-2008) et Chokri Bouzayane , \u00e0 la t\u00eate de la 20<sup>\u00e8me<\/sup> \u00e9dition.<\/p>\n\n\n\n<p class=\"wp-block-paragraph\">Dans un mot de bienvenue, le pr\u00e9sident du comit\u00e9 d\u2019organisation Mohamed H\u00e9di Jouini a \u00e9mis le v\u0153u de voir cette \u00e9dition de retrouvailles, de nostalgie et d\u2019hommages \u00e0 la hauteur de tous ceux qui ont balis\u00e9 la voie pour l\u2019\u00e9mergence de la chanson tunisienne et \u00e0 l\u2019honneur de ceux qui se d\u00e9ploient corps et \u00e2me pour la promouvoir dans toutes ses formes authentique et contemporaine pour la faire rayonner sur la sc\u00e8ne nationale et en dehors des fronti\u00e8res. Il a par ailleurs tenu \u00e0 remercier les invit\u00e9s qui ont r\u00e9pondu pr\u00e9sents pour l\u2019hommage \u00e0 la m\u00e9moire de Dhikra, notamment les artistes venant de l\u2019Egypte, de Libye et du Liban.<\/p>\n\n\n\n<p class=\"wp-block-paragraph\">Avant de d\u00e9clarer cette \u00e9dition ouverte, la ministre des affaires culturelles a fait part de sa grande joie de renouveler ce rendez-vous des paroliers, interpr\u00e8tes, compositeurs, arrangeurs, musiciens instrumentistes et de l\u2019ensemble des cr\u00e9ateurs autour de ce festival qui a r\u00e9ussi \u00e0 s\u2019imposer sur la sc\u00e8ne artistique, r\u00e9it\u00e9rant la volont\u00e9 de procurer soutien et encouragement aux jeunes talents en vue de promouvoir la chanson tunisienne avec ses douces m\u00e9lodies et ses paroles exaltantes.<\/p>\n\n\n\n<p class=\"wp-block-paragraph\">Elle a par ailleurs fait part de son \u00e9motion de voir le festival de la chanson tunisienne s\u2019ouvrir et se tenir avec des hommages aux l\u00e9gendes \u00e9ternelles.<\/p>\n\n\n\n<p class=\"wp-block-paragraph\">La ministre a \u00e0 cet effet, mis \u00e0 l\u2019honneur le grand compositeur Abderrahmane Ayadi, r\u00e9v\u00e9lateur depuis toujours de talents, dont Dhekra \u00e0 qui il a d\u00e9di\u00e9 pr\u00e8s de 28 chansons, et avec qui elle a sign\u00e9 sa magnifique chanson \u00ab&nbsp;Ila Hodhni Ommi&nbsp;\u00bb.&nbsp;<\/p>\n\n\n\n<p class=\"wp-block-paragraph\">Trois grands noms de la sc\u00e8ne arabe ayant eu une exp\u00e9rience avec Dhikra ont \u00e9t\u00e9 \u00e9galement honor\u00e9s sur sc\u00e8ne \u00e0 savoir l\u2019arrangeur \u00e9gyptien Mohamed Mostapha, le po\u00e8te Heni Abdelkarim et le compositeur Salah Charnoubi. Sans oublier aussi une grande figure de la sc\u00e8ne audio-visuelle \u00e9gyptienne, l\u2019animatrice t\u00e9l\u00e9vision Mona El-Shazly qui n\u2019a pas manqu\u00e9 de louer avec nostalgie et amour le parcours riche et dense de la regrett\u00e9e avec sa voix in\u00e9galable, inclassable et puissante surtout dans sa c\u00e9l\u00e8bre chanson \u00ab&nbsp;W hyeti andek&nbsp;\u00bb<\/p>\n\n\n\n<p class=\"wp-block-paragraph\">Pour cet hommage, l\u2019on a pu assister \u00e0 une projection de quelques extraits venant des archives de la t\u00e9l\u00e9vision tunisienne et qui reviennent sur le tout d\u00e9but de sa carri\u00e8re artistique, et restituant&nbsp; quelques moments forts de ses premiers passages dans les plateaux TV notamment avec feu Nejib Khattab.<\/p>\n\n\n\n<p class=\"wp-block-paragraph\">L\u2019Orchestre National de Musique sous la houlette du jeune maestro Youssef&nbsp; Belhani, &nbsp;a ensuite accompagn\u00e9 une belle brochette d\u2019artistes dans des &nbsp;prestations o\u00f9 les chanteuses Emna Dammak, Molka Cherni, Safa Saad, Nawel Ghachem, Eya Daghnouj, Olfa Ben Romdhane, Yosra Mahnouch et les chanteurs Ghazi Ayadi et Mohamed Jebali ont repris certains tubes parmi les 16 albums de la chanteuse Dhikra Mohamed, pour ne citer que \u00ab&nbsp;Ila Hodhn Ommi&nbsp;\u00bb, \u00ab&nbsp;W hyeti andek, \u00ab&nbsp;Ana zay Zaman&nbsp;\u00bb&nbsp;\u00bb Wselni jawab&nbsp;\u00bb, allah ghaleb&nbsp;\u00bb, youm lik youm alik&nbsp;\u00bb \u2026.<\/p>\n\n\n\n<p class=\"wp-block-paragraph\">Pour cet hommage au pluriel, ce sont des artistes tunisiens prestigieux et de grands noms de la sc\u00e8ne musicale arabe, des artistes qui l\u2019ayant connu et c\u00f4toy\u00e9, qui ont r\u00e9pondu pr\u00e9sents pour cette soir\u00e9e o\u00f9 les uns l\u2019ont chant\u00e9 et d\u2019autres ont chant\u00e9 pour elle comme Cheb Jilani, Mohamed El Helou, Heni Chaker \u2026.<\/p>\n\n\n\n<p class=\"wp-block-paragraph\">Pendant plus de deux heures, le th\u00e9\u00e2tre de l\u2019op\u00e9ra a vibr\u00e9 au rythme des c\u00e9l\u00e8bres chansons du r\u00e9pertoire de Dhekra plongeant les pr\u00e9sents dans les m\u00e9lodies d\u2019hier.<\/p>\n\n\n\n<p class=\"wp-block-paragraph\">Color\u00e9e de souvenirs lointains mais encore m\u00e9morables, la soir\u00e9e a transport\u00e9 la grande assistance dans un voyage \u00e0 travers le temps \u00e0 la recherche de la gloire de la chanson tunisienne des ann\u00e9es 80-90&nbsp;;&nbsp;<\/p>\n\n\n\n<p class=\"wp-block-paragraph\">Transmise en direct sur la Cha\u00eene nationale 1, la soir\u00e9e d\u2019ouverture fut exceptionnelle pour une \u00e9dition qui d\u00e8s le d\u00e9part misait sur l\u2019excellence \u00e0 plus d\u2019un titre.<\/p>\n\n\n\n<p class=\"wp-block-paragraph\">L\u2019organisation n\u2019a pas manqu\u00e9 de susciter l\u2019admiration des fans \u00e0 la Cit\u00e9 de la culture qui, par\u00e9e de toute sa beaut\u00e9 en lumi\u00e8res et en couleurs, a accueilli \u00e0 bras ouverts au beau milieu des m\u00e9dias tunisiens et \u00e9trangers, les invit\u00e9s, stars, vedettes, artistes avec un tapis rouge d\u00e9roul\u00e9, des schootings sous les feux de la rampe au grand bonheur des preneurs d\u2019images instantan\u00e9es.<\/p>\n\n\n\n<p class=\"wp-block-paragraph\">Avec cette soir\u00e9e d\u2019ouverture, qui marquera certes les annales de ce festival, c\u2019est d\u2019ores et d\u00e9j\u00e0 le compte \u00e0 rebours pour les candidats qui seront en lice afin de donner le meilleur d\u2019eux-m\u00eames pour d\u00e9crocher le microphone d\u2019Or.<\/p>\n\n\n\n<p class=\"wp-block-paragraph\">La soir\u00e9e du 8 mars 2023 sera r\u00e9serv\u00e9e \u00e0 cinq candidats dans la comp\u00e9tition chanson tunisienne. Une soir\u00e9e qui sera aux couleurs d\u2019un hommage posthume \u00e0 deux grands ma\u00eetres de la sc\u00e8ne musicale tunisienne Mohamed Jammoussi et Naama anim\u00e9e par Saber Rebai et Yosra Mahnouch.<\/p>\n","protected":false},"excerpt":{"rendered":"<p>La c\u00e9r\u00e9monie d\u2019ouverture de la 21\u00e8me \u00e9dition du Festival de la Chanson Tunisienne (FCT 2023), s\u2019est d\u00e9roul\u00e9e dans la soir\u00e9e du mardi 7 Mars 2023 au Th\u00e9\u00e2tre de l\u2019Op\u00e9ra dans une ambiance sobre et teint\u00e9e de nostalgie. Rehauss\u00e9e de la pr\u00e9sence de la ministre des Affaires culturelles, Dr Hayet Guettat Guermazi, de repr\u00e9sentants du corps [&hellip;]<\/p>\n","protected":false},"author":4,"featured_media":47414,"comment_status":"open","ping_status":"closed","sticky":false,"template":"","format":"standard","meta":{"content-type":"","jnews-multi-image_gallery":[],"jnews_single_post":{"subtitle":"","format":"standard","video":"","gallery":"","source_name":"","source_url":"","via_name":"","via_url":"","override_template":"0","override":[{"template":"1","single_blog_custom":"","parallax":"1","fullscreen":"1","layout":"right-sidebar","sidebar":"default-sidebar","second_sidebar":"default-sidebar","sticky_sidebar":"1","share_position":"top","share_float_style":"share-monocrhome","show_share_counter":"1","show_view_counter":"1","show_featured":"1","show_post_meta":"1","show_post_author":"1","show_post_author_image":"1","show_post_date":"1","post_date_format":"default","post_date_format_custom":"Y\/m\/d","show_post_category":"1","show_post_reading_time":"0","post_reading_time_wpm":"300","show_zoom_button":"0","zoom_button_out_step":"2","zoom_button_in_step":"3","show_post_tag":"1","show_prev_next_post":"1","show_popup_post":"1","number_popup_post":"1","show_author_box":"0","show_post_related":"0","show_inline_post_related":"0"}],"override_image_size":"0","image_override":[{"single_post_thumbnail_size":"crop-500","single_post_gallery_size":"crop-500"}],"trending_post":"0","trending_post_position":"meta","trending_post_label":"Trending","sponsored_post":"0","sponsored_post_label":"Sponsored by","sponsored_post_name":"","sponsored_post_url":"","sponsored_post_logo_enable":"0","sponsored_post_logo":"","sponsored_post_desc":"","disable_ad":"0"},"jnews_primary_category":{"id":"","hide":""},"jnews_override_bookmark_settings":[],"jnews_review":[],"enable_review":"","type":"","name":"","summary":"","brand":"","sku":"","good":[],"bad":[],"score_override":"","override_value":"","rating":[],"price":[],"jnews_post_split":[],"footnotes":""},"categories":[17],"tags":[229,638,234],"class_list":["post-47413","post","type-post","status-publish","format-standard","has-post-thumbnail","hentry","category-entertainment","tag-ceremonie","tag-festival","tag-ouverture"],"_links":{"self":[{"href":"https:\/\/www.africanchallenges.com\/index.php?rest_route=\/wp\/v2\/posts\/47413","targetHints":{"allow":["GET"]}}],"collection":[{"href":"https:\/\/www.africanchallenges.com\/index.php?rest_route=\/wp\/v2\/posts"}],"about":[{"href":"https:\/\/www.africanchallenges.com\/index.php?rest_route=\/wp\/v2\/types\/post"}],"author":[{"embeddable":true,"href":"https:\/\/www.africanchallenges.com\/index.php?rest_route=\/wp\/v2\/users\/4"}],"replies":[{"embeddable":true,"href":"https:\/\/www.africanchallenges.com\/index.php?rest_route=%2Fwp%2Fv2%2Fcomments&post=47413"}],"version-history":[{"count":1,"href":"https:\/\/www.africanchallenges.com\/index.php?rest_route=\/wp\/v2\/posts\/47413\/revisions"}],"predecessor-version":[{"id":47415,"href":"https:\/\/www.africanchallenges.com\/index.php?rest_route=\/wp\/v2\/posts\/47413\/revisions\/47415"}],"wp:featuredmedia":[{"embeddable":true,"href":"https:\/\/www.africanchallenges.com\/index.php?rest_route=\/wp\/v2\/media\/47414"}],"wp:attachment":[{"href":"https:\/\/www.africanchallenges.com\/index.php?rest_route=%2Fwp%2Fv2%2Fmedia&parent=47413"}],"wp:term":[{"taxonomy":"category","embeddable":true,"href":"https:\/\/www.africanchallenges.com\/index.php?rest_route=%2Fwp%2Fv2%2Fcategories&post=47413"},{"taxonomy":"post_tag","embeddable":true,"href":"https:\/\/www.africanchallenges.com\/index.php?rest_route=%2Fwp%2Fv2%2Ftags&post=47413"}],"curies":[{"name":"wp","href":"https:\/\/api.w.org\/{rel}","templated":true}]}}