{"id":46958,"date":"2023-02-17T13:00:26","date_gmt":"2023-02-17T13:00:26","guid":{"rendered":"https:\/\/www.africanchallenges.com\/?p=46958"},"modified":"2023-02-17T13:06:49","modified_gmt":"2023-02-17T13:06:49","slug":"tunisie-la-cooperation-financiere-et-la-relance-de-linvestissement-et-du-partenariat-entre-au-coeur-de-la-rencontre-entre-le-ministre-de-leconomie-et-de-la-planification-samir-sa","status":"publish","type":"post","link":"https:\/\/www.africanchallenges.com\/?p=46958","title":{"rendered":"Tunisie :  La coop\u00e9ration financi\u00e8re et la relance de l\u2019investissement et du partenariat entre au c\u0153ur de la rencontre entre le ministre de l\u2019Economie et de la Planification, Samir Sa\u00efed, et l\u2019ambassadeur de Kowe\u00eft \u00e0 Tunis, Mansour Khaled"},"content":{"rendered":"\n<p class=\"wp-block-paragraph\">\u00a0Le ministre de l\u2019Economie et de la Planification, Samir Sa\u00efed, a re\u00e7u hier  jeudi 16 f\u00e9vrier l\u2019ambassadeur de Kowe\u00eft \u00e0 Tunis, Mansour Khaled.<\/p>\n\n\n\n<p class=\"wp-block-paragraph\">&nbsp;La coop\u00e9ration financi\u00e8re et la relance de l\u2019investissement et du partenariat entre les deux pays, ont \u00e9t\u00e9 au centre de la rencontre, a indiqu\u00e9 un communiqu\u00e9 de presse publi\u00e9 par le minist\u00e8re.<\/p>\n\n\n\n<p class=\"wp-block-paragraph\">Samir Sa\u00efed a salu\u00e9 \u00ab le r\u00f4le du FADES (fonds arabe pour le d\u00e9veloppement \u00e9conomique et social), en mati\u00e8re de financement de nombreux projets de d\u00e9veloppement en Tunisie dans des secteurs vitaux, \u00e0 l\u2019instar du secteur de l\u2019eau, de la sant\u00e9, l\u2019am\u00e9nagement de pistes agricoles, et autres \u00bb.<\/p>\n\n\n\n<p class=\"wp-block-paragraph\">Le ministre a affirm\u00e9 la d\u00e9termination \u00ab de consolider davantage la coop\u00e9ration la prochaine p\u00e9riode, d\u2019assurer le suivi des projets en cours, et d\u2019en acc\u00e9l\u00e9rer la r\u00e9alisation \u00bb.<\/p>\n\n\n\n<p class=\"wp-block-paragraph\">Il &nbsp;a \u00e9voqu\u00e9 \u00ab les opportunit\u00e9s existantes pour consolider l\u2019investissement kowe\u00eftien en Tunisie, \u00e0 la lumi\u00e8re de l\u2019am\u00e9lioration du climat des affaires, \u00e9num\u00e9rant les secteurs pouvant accueillir de tels investissements, \u00e0 l\u2019instar des industries pharmaceutiques, de l\u2019agroalimentaire, des industries des composants automobiles, du renouveau technologique, outre le tourisme o\u00f9 les investissements kowe\u00eftiens ont r\u00e9alis\u00e9 de nombreuses r\u00e9ussites depuis des d\u00e9cennies \u00bb.<\/p>\n\n\n\n<p class=\"wp-block-paragraph\">La coop\u00e9ration financi\u00e8re dans les domaines \u00e0 caract\u00e8re social, \u00e0 travers la contribution aux programmes d\u2019autonomisation \u00e9conomique au profit des cat\u00e9gories pr\u00e9caires a \u00e9t\u00e9, de surcro\u00eet, \u00e9voqu\u00e9e.<\/p>\n\n\n\n<p class=\"wp-block-paragraph\">Les deux parties ont affirm\u00e9 l\u2019importance de renforcer les transport a\u00e9rien et maritime, du fait de \u00ab leur impact direct sur le co\u00fbt des op\u00e9rations exportatrices et sur la capacit\u00e9 comp\u00e9titive des produits tunisiens \u00bb.<\/p>\n\n\n\n<p class=\"wp-block-paragraph\">Pour sa part , le diplomate kowe\u00eftien a affirm\u00e9 la d\u00e9termination de son pays \u00e0 renforcer la coop\u00e9ration bilat\u00e9rale dans tous les domaines, notamment ceux financier, d\u2019investissement, ainsi que la r\u00e9alisation de projets communs.<\/p>\n\n\n\n<p class=\"wp-block-paragraph\">Il a soulign\u00e9 l\u2019int\u00e9r\u00eat du secteur priv\u00e9 kowe\u00eftien \u00e0 investir en Tunisie, du fait des Success Stories enregistr\u00e9es, et des atouts pr\u00e9f\u00e9rentiels.<\/p>\n","protected":false},"excerpt":{"rendered":"<p>\u00a0Le ministre de l\u2019Economie et de la Planification, Samir Sa\u00efed, a re\u00e7u hier jeudi 16 f\u00e9vrier l\u2019ambassadeur de Kowe\u00eft \u00e0 Tunis, Mansour Khaled. &nbsp;La coop\u00e9ration financi\u00e8re et la relance de l\u2019investissement et du partenariat entre les deux pays, ont \u00e9t\u00e9 au centre de la rencontre, a indiqu\u00e9 un communiqu\u00e9 de presse publi\u00e9 par le minist\u00e8re. [&hellip;]<\/p>\n","protected":false},"author":4,"featured_media":46959,"comment_status":"open","ping_status":"closed","sticky":false,"template":"","format":"standard","meta":{"content-type":"","jnews-multi-image_gallery":[],"jnews_single_post":{"subtitle":"","format":"standard","video":"","gallery":"","source_name":"","source_url":"","via_name":"","via_url":"","override_template":"0","override":[{"template":"1","single_blog_custom":"","parallax":"1","fullscreen":"1","layout":"right-sidebar","sidebar":"default-sidebar","second_sidebar":"default-sidebar","sticky_sidebar":"1","share_position":"top","share_float_style":"share-monocrhome","show_share_counter":"1","show_view_counter":"1","show_featured":"1","show_post_meta":"1","show_post_author":"1","show_post_author_image":"1","show_post_date":"1","post_date_format":"default","post_date_format_custom":"Y\/m\/d","show_post_category":"1","show_post_reading_time":"0","post_reading_time_wpm":"300","show_zoom_button":"0","zoom_button_out_step":"2","zoom_button_in_step":"3","show_post_tag":"1","show_prev_next_post":"1","show_popup_post":"1","number_popup_post":"1","show_author_box":"0","show_post_related":"0","show_inline_post_related":"0"}],"override_image_size":"0","image_override":[{"single_post_thumbnail_size":"crop-500","single_post_gallery_size":"crop-500"}],"trending_post":"0","trending_post_position":"meta","trending_post_label":"Trending","sponsored_post":"0","sponsored_post_label":"Sponsored by","sponsored_post_name":"","sponsored_post_url":"","sponsored_post_logo_enable":"0","sponsored_post_logo":"","sponsored_post_desc":"","disable_ad":"0"},"jnews_primary_category":{"id":"","hide":""},"jnews_override_bookmark_settings":[],"jnews_review":[],"enable_review":"","type":"","name":"","summary":"","brand":"","sku":"","good":[],"bad":[],"score_override":"","override_value":"","rating":[],"price":[],"jnews_post_split":[],"footnotes":""},"categories":[43,73],"tags":[9960,9961,8044],"class_list":["post-46958","post","type-post","status-publish","format-standard","has-post-thumbnail","hentry","category-eco-business","category-eco","tag-cooperation-financiere","tag-mansour-khaled","tag-relance"],"_links":{"self":[{"href":"https:\/\/www.africanchallenges.com\/index.php?rest_route=\/wp\/v2\/posts\/46958","targetHints":{"allow":["GET"]}}],"collection":[{"href":"https:\/\/www.africanchallenges.com\/index.php?rest_route=\/wp\/v2\/posts"}],"about":[{"href":"https:\/\/www.africanchallenges.com\/index.php?rest_route=\/wp\/v2\/types\/post"}],"author":[{"embeddable":true,"href":"https:\/\/www.africanchallenges.com\/index.php?rest_route=\/wp\/v2\/users\/4"}],"replies":[{"embeddable":true,"href":"https:\/\/www.africanchallenges.com\/index.php?rest_route=%2Fwp%2Fv2%2Fcomments&post=46958"}],"version-history":[{"count":1,"href":"https:\/\/www.africanchallenges.com\/index.php?rest_route=\/wp\/v2\/posts\/46958\/revisions"}],"predecessor-version":[{"id":46960,"href":"https:\/\/www.africanchallenges.com\/index.php?rest_route=\/wp\/v2\/posts\/46958\/revisions\/46960"}],"wp:featuredmedia":[{"embeddable":true,"href":"https:\/\/www.africanchallenges.com\/index.php?rest_route=\/wp\/v2\/media\/46959"}],"wp:attachment":[{"href":"https:\/\/www.africanchallenges.com\/index.php?rest_route=%2Fwp%2Fv2%2Fmedia&parent=46958"}],"wp:term":[{"taxonomy":"category","embeddable":true,"href":"https:\/\/www.africanchallenges.com\/index.php?rest_route=%2Fwp%2Fv2%2Fcategories&post=46958"},{"taxonomy":"post_tag","embeddable":true,"href":"https:\/\/www.africanchallenges.com\/index.php?rest_route=%2Fwp%2Fv2%2Ftags&post=46958"}],"curies":[{"name":"wp","href":"https:\/\/api.w.org\/{rel}","templated":true}]}}