{"id":46757,"date":"2023-02-08T09:33:25","date_gmt":"2023-02-08T09:33:25","guid":{"rendered":"https:\/\/www.africanchallenges.com\/?p=46757"},"modified":"2023-02-08T09:59:09","modified_gmt":"2023-02-08T09:59:09","slug":"tunisie-le-chef-de-letat-appelle-a-contrer-tous-ceux-qui-continuent-a-creer-des-crises-a-semer-la-discorde","status":"publish","type":"post","link":"https:\/\/www.africanchallenges.com\/?p=46757","title":{"rendered":"Tunisie : Le chef de l&rsquo;Etat appelle \u00a0\u00bb \u00e0 contrer tous ceux qui continuent \u00e0 cr\u00e9er des crises, \u00e0 semer la discorde \u00ab\u00a0"},"content":{"rendered":"\n<p class=\"wp-block-paragraph\">Le pr\u00e9sident de la r\u00e9publique, Ka\u00efs Sa\u00efed, a re\u00e7u hier \u00a0mardi 07 f\u00e9vrier 2023, la cheffe du gouvernement, Najla Bouden, \u00e0 Carthage.<\/p>\n\n\n\n<p class=\"wp-block-paragraph\">Le chef de l\u2019Etat \u00a0a appel\u00e9\u00a0 \u00ab \u00e0 contrer tous ceux qui continuent \u00e0 cr\u00e9er des crises, \u00e0 semer la discorde et \u00e0 propager des rumeurs \u00bb.<\/p>\n\n\n\n<p class=\"wp-block-paragraph\">Saied a affirm\u00e9 que \u00ab la responsabilit\u00e9 est, aujourd\u2019hui, un devoir sacr\u00e9, et revient \u00e0 r\u00e9pondre aux revendications des Tunisiens, aucun responsable ne peut les d\u00e9cevoir \u00bb, lit-on dans un communiqu\u00e9 de la pr\u00e9sidence de la R\u00e9publique.<\/p>\n\n\n\n<p class=\"wp-block-paragraph\">Cette rencontre a port\u00e9 sur \u00ab un nombre de projets, objet de discontinuit\u00e9 en mati\u00e8re de r\u00e9alisation,&nbsp; \u00e0 l\u2019instar du projet du port en eaux profondes d\u2019Enfidha \u00bb, selon la m\u00eame source.<\/p>\n\n\n\n<p class=\"wp-block-paragraph\">Ka\u00efs Sa\u00efed a, par ailleurs, appel\u00e9 \u00e0 acc\u00e9l\u00e9rer le d\u00e9marrage d\u2019un certain nombre d\u2019organismes, \u00e0 l\u2019instar de la fondation Fida, \u00e9tant entendu que \u00ab les institutions ne sont mises en place que pour r\u00e9aliser les objectifs pour lesquels, elles ont \u00e9t\u00e9 cr\u00e9\u00e9es \u00bb.<\/p>\n\n\n\n<p class=\"wp-block-paragraph\">Le pr\u00e9sident de la R\u00e9publique a, \u00e9galement, exhort\u00e9 \u00ab \u00e0 travailler sans interruption pour \u00e9courter les chemins \u00bb, consid\u00e9rant \u00ab inacceptable \u00bb, les lenteurs. \u00ab Tout retard ne fait qu\u2019exacerber la situation, et sera exploit\u00e9 par ceux qui n\u2019ont d\u2019autre souci que la suspicion, outre le fait que cela leur donne la possibilit\u00e9 de comploter davantage contre l\u2019Etat et la patrie \u00bb, a-t-il soulign\u00e9.<\/p>\n","protected":false},"excerpt":{"rendered":"<p>Le pr\u00e9sident de la r\u00e9publique, Ka\u00efs Sa\u00efed, a re\u00e7u hier \u00a0mardi 07 f\u00e9vrier 2023, la cheffe du gouvernement, Najla Bouden, \u00e0 Carthage. Le chef de l\u2019Etat \u00a0a appel\u00e9\u00a0 \u00ab \u00e0 contrer tous ceux qui continuent \u00e0 cr\u00e9er des crises, \u00e0 semer la discorde et \u00e0 propager des rumeurs \u00bb. Saied a affirm\u00e9 que \u00ab la [&hellip;]<\/p>\n","protected":false},"author":4,"featured_media":46759,"comment_status":"open","ping_status":"closed","sticky":false,"template":"","format":"standard","meta":{"content-type":"","jnews-multi-image_gallery":[],"jnews_single_post":{"subtitle":"","format":"standard","video":"","gallery":"","source_name":"","source_url":"","via_name":"","via_url":"","override_template":"0","override":[{"template":"1","single_blog_custom":"","parallax":"1","fullscreen":"1","layout":"right-sidebar","sidebar":"default-sidebar","second_sidebar":"default-sidebar","sticky_sidebar":"1","share_position":"top","share_float_style":"share-monocrhome","show_share_counter":"1","show_view_counter":"1","show_featured":"1","show_post_meta":"1","show_post_author":"1","show_post_author_image":"1","show_post_date":"1","post_date_format":"default","post_date_format_custom":"Y\/m\/d","show_post_category":"1","show_post_reading_time":"0","post_reading_time_wpm":"300","show_zoom_button":"0","zoom_button_out_step":"2","zoom_button_in_step":"3","show_post_tag":"1","show_prev_next_post":"1","show_popup_post":"1","number_popup_post":"1","show_author_box":"0","show_post_related":"0","show_inline_post_related":"0"}],"override_image_size":"0","image_override":[{"single_post_thumbnail_size":"crop-500","single_post_gallery_size":"crop-500"}],"trending_post":"0","trending_post_position":"meta","trending_post_label":"Trending","sponsored_post":"0","sponsored_post_label":"Sponsored by","sponsored_post_name":"","sponsored_post_url":"","sponsored_post_logo_enable":"0","sponsored_post_logo":"","sponsored_post_desc":"","disable_ad":"0"},"jnews_primary_category":{"id":"","hide":""},"jnews_override_bookmark_settings":[],"jnews_review":[],"enable_review":"","type":"","name":"","summary":"","brand":"","sku":"","good":[],"bad":[],"score_override":"","override_value":"","rating":[],"price":[],"jnews_post_split":[],"footnotes":""},"categories":[2],"tags":[9907,9908,3694,7678],"class_list":["post-46757","post","type-post","status-publish","format-standard","has-post-thumbnail","hentry","category-news-politique","tag-crises","tag-fondation-fida","tag-kais-saied","tag-najla-bouden"],"_links":{"self":[{"href":"https:\/\/www.africanchallenges.com\/index.php?rest_route=\/wp\/v2\/posts\/46757","targetHints":{"allow":["GET"]}}],"collection":[{"href":"https:\/\/www.africanchallenges.com\/index.php?rest_route=\/wp\/v2\/posts"}],"about":[{"href":"https:\/\/www.africanchallenges.com\/index.php?rest_route=\/wp\/v2\/types\/post"}],"author":[{"embeddable":true,"href":"https:\/\/www.africanchallenges.com\/index.php?rest_route=\/wp\/v2\/users\/4"}],"replies":[{"embeddable":true,"href":"https:\/\/www.africanchallenges.com\/index.php?rest_route=%2Fwp%2Fv2%2Fcomments&post=46757"}],"version-history":[{"count":2,"href":"https:\/\/www.africanchallenges.com\/index.php?rest_route=\/wp\/v2\/posts\/46757\/revisions"}],"predecessor-version":[{"id":46760,"href":"https:\/\/www.africanchallenges.com\/index.php?rest_route=\/wp\/v2\/posts\/46757\/revisions\/46760"}],"wp:featuredmedia":[{"embeddable":true,"href":"https:\/\/www.africanchallenges.com\/index.php?rest_route=\/wp\/v2\/media\/46759"}],"wp:attachment":[{"href":"https:\/\/www.africanchallenges.com\/index.php?rest_route=%2Fwp%2Fv2%2Fmedia&parent=46757"}],"wp:term":[{"taxonomy":"category","embeddable":true,"href":"https:\/\/www.africanchallenges.com\/index.php?rest_route=%2Fwp%2Fv2%2Fcategories&post=46757"},{"taxonomy":"post_tag","embeddable":true,"href":"https:\/\/www.africanchallenges.com\/index.php?rest_route=%2Fwp%2Fv2%2Ftags&post=46757"}],"curies":[{"name":"wp","href":"https:\/\/api.w.org\/{rel}","templated":true}]}}