{"id":46699,"date":"2023-02-06T10:14:00","date_gmt":"2023-02-06T10:14:00","guid":{"rendered":"https:\/\/www.africanchallenges.com\/?p=46699"},"modified":"2023-02-06T22:17:54","modified_gmt":"2023-02-06T22:17:54","slug":"tunisie-neila-nouira-gongi-inaugure-la-32e-edition-du-salon-du-meuble-de-tunis-2023","status":"publish","type":"post","link":"https:\/\/www.africanchallenges.com\/?p=46699","title":{"rendered":"Tunisie\u00a0: \u00a0Neila Nouira Gongi inaugure la 32e \u00e9dition du Salon du meuble de Tunis 2023"},"content":{"rendered":"\n<p class=\"wp-block-paragraph\">La ministre de l&rsquo;Industrie, des Mines et de l\u2019\u00e9nergie, Mme Neila Nouira Gongi, a inaugur\u00e9 \u00a0le 3 f\u00e9vrier 2023, la 32e \u00e9dition du Salon du meuble de Tunis\u00a0; organis\u00e9e par la soci\u00e9t\u00e9 des Foire Internationales de Tunis en coop\u00e9ration avec la F\u00e9d\u00e9ration Nationale du Bois et de l&rsquo;Ameublement et Centre technique de l&rsquo;industrie du bois et de l&rsquo;ameublement , au parc des exposition le Karam qui se d\u00e9roulera \u00a0du \u00a03 au 12 f\u00e9vrier 2023, lit-on dans un communiqu\u00e9 publi\u00e9 par le minist\u00e8re.<\/p>\n\n\n\n<p class=\"wp-block-paragraph\">Le ministre a examin\u00e9 les derniers produits tunisiens et les derni\u00e8res innovations dans le domaine de l&rsquo;industrie du mobilier en pr\u00e9sence du pr\u00e9sident de l\u2019UTICA, M. Samir Majoul et un certain nombre de membres du bureau ex\u00e9cutif de l\u2019Union, et de la F\u00e9d\u00e9ration Nationale du Bois et de l&rsquo;Ameublement, M. Khaled Al -Salami.<\/p>\n\n\n\n<p class=\"wp-block-paragraph\">Lors d&rsquo;une visite des rayons &nbsp;du salon , Mme Neila Nouira Gongi a soulign\u00e9 l&rsquo;importance de cette exposition, qui joue un r\u00f4le important dans l&rsquo;introduction du produit tunisien et de l&rsquo;avancement du secteur, notant que le secteur du bois et du meuble est caract\u00e9ris\u00e9 par le Capacit\u00e9 \u00e0 d\u00e9velopper des cha\u00eenes de valeur et \u00e0 fournir des produits de grande valeur pour suivre le rythme des exigences de l&rsquo;\u00e9poque en fabriquant des produits de qualit\u00e9 compense le bois et pr\u00e9serve l&rsquo;environnement.<\/p>\n\n\n\n<p class=\"wp-block-paragraph\">Gongi &nbsp;a indiqu\u00e9 que le minist\u00e8re travaille \u00e0 am\u00e9liorer la comp\u00e9titivit\u00e9 du secteur et \u00e0 ouvrir de nouveaux march\u00e9s, notamment en Afrique, en pr\u00e9parant un plan d&rsquo;action avec toutes les parties prenantes \u00e0 court et moyen terme.&nbsp;<\/p>\n\n\n\n<p class=\"wp-block-paragraph\">Environ 150 exposants participeront \u00e0 l&rsquo;\u00e9v\u00e9nement et l&rsquo;exposition devrait attirer environ 80 000 visiteurs.&nbsp;<\/p>\n\n\n\n<p class=\"wp-block-paragraph\">Le Salon du meuble de Tunis&nbsp; est un rendez-vous annuel au niveau national permettant aux fabricants les plus importants du secteur de mettre en valeur leur savoir-faire cr\u00e9atif et leurs nouveaux designs \u00e0 la lumi\u00e8re d&rsquo;un esprit d&rsquo;innovation et de comp\u00e9tition qui garantit un choix riche et vari\u00e9.<\/p>\n\n\n\n<p class=\"wp-block-paragraph\">Environ 180 \u00e9tablissements industriels op\u00e9rant dans le secteur du bois et de l&rsquo;ameublement emploient plus de 10 personnes, dont 17 institutions enti\u00e8rement exportatrices. Il y a litt\u00e9ralement environ 11 000 personnes qui travaillent \u00e9galement dans ce secteur.<\/p>\n\n\n\n<p class=\"wp-block-paragraph\">Les exportations du secteur ont enregistr\u00e9 une croissance d&rsquo;environ 550 millions de dinars, \u00e0 2021, tandis que les importations sont pass\u00e9es \u00e0 765 millions de dinars au cours de la m\u00eame p\u00e9riode.<\/p>\n","protected":false},"excerpt":{"rendered":"<p>La ministre de l&rsquo;Industrie, des Mines et de l\u2019\u00e9nergie, Mme Neila Nouira Gongi, a inaugur\u00e9 \u00a0le 3 f\u00e9vrier 2023, la 32e \u00e9dition du Salon du meuble de Tunis\u00a0; organis\u00e9e par la soci\u00e9t\u00e9 des Foire Internationales de Tunis en coop\u00e9ration avec la F\u00e9d\u00e9ration Nationale du Bois et de l&rsquo;Ameublement et Centre technique de l&rsquo;industrie du bois [&hellip;]<\/p>\n","protected":false},"author":4,"featured_media":46700,"comment_status":"open","ping_status":"closed","sticky":false,"template":"","format":"standard","meta":{"content-type":"","jnews-multi-image_gallery":[],"jnews_single_post":{"subtitle":"","format":"standard","video":"","gallery":"","source_name":"","source_url":"","via_name":"","via_url":"","override_template":"0","override":[{"template":"1","single_blog_custom":"","parallax":"1","fullscreen":"1","layout":"right-sidebar","sidebar":"default-sidebar","second_sidebar":"default-sidebar","sticky_sidebar":"1","share_position":"top","share_float_style":"share-monocrhome","show_share_counter":"1","show_view_counter":"1","show_featured":"1","show_post_meta":"1","show_post_author":"1","show_post_author_image":"1","show_post_date":"1","post_date_format":"default","post_date_format_custom":"Y\/m\/d","show_post_category":"1","show_post_reading_time":"0","post_reading_time_wpm":"300","show_zoom_button":"0","zoom_button_out_step":"2","zoom_button_in_step":"3","show_post_tag":"1","show_prev_next_post":"1","show_popup_post":"1","number_popup_post":"1","show_author_box":"0","show_post_related":"0","show_inline_post_related":"0"}],"override_image_size":"0","image_override":[{"single_post_thumbnail_size":"crop-500","single_post_gallery_size":"crop-500"}],"trending_post":"0","trending_post_position":"meta","trending_post_label":"Trending","sponsored_post":"0","sponsored_post_label":"Sponsored by","sponsored_post_name":"","sponsored_post_url":"","sponsored_post_logo_enable":"0","sponsored_post_logo":"","sponsored_post_desc":"","disable_ad":"0"},"jnews_primary_category":{"id":"","hide":""},"jnews_override_bookmark_settings":[],"jnews_review":[],"enable_review":"","type":"","name":"","summary":"","brand":"","sku":"","good":[],"bad":[],"score_override":"","override_value":"","rating":[],"price":[],"jnews_post_split":[],"footnotes":""},"categories":[43,73],"tags":[8480,9899],"class_list":["post-46699","post","type-post","status-publish","format-standard","has-post-thumbnail","hentry","category-eco-business","category-eco","tag-neila-nouira-gongi-2","tag-salon-du-meuble-de-tunis-2023"],"_links":{"self":[{"href":"https:\/\/www.africanchallenges.com\/index.php?rest_route=\/wp\/v2\/posts\/46699","targetHints":{"allow":["GET"]}}],"collection":[{"href":"https:\/\/www.africanchallenges.com\/index.php?rest_route=\/wp\/v2\/posts"}],"about":[{"href":"https:\/\/www.africanchallenges.com\/index.php?rest_route=\/wp\/v2\/types\/post"}],"author":[{"embeddable":true,"href":"https:\/\/www.africanchallenges.com\/index.php?rest_route=\/wp\/v2\/users\/4"}],"replies":[{"embeddable":true,"href":"https:\/\/www.africanchallenges.com\/index.php?rest_route=%2Fwp%2Fv2%2Fcomments&post=46699"}],"version-history":[{"count":3,"href":"https:\/\/www.africanchallenges.com\/index.php?rest_route=\/wp\/v2\/posts\/46699\/revisions"}],"predecessor-version":[{"id":46703,"href":"https:\/\/www.africanchallenges.com\/index.php?rest_route=\/wp\/v2\/posts\/46699\/revisions\/46703"}],"wp:featuredmedia":[{"embeddable":true,"href":"https:\/\/www.africanchallenges.com\/index.php?rest_route=\/wp\/v2\/media\/46700"}],"wp:attachment":[{"href":"https:\/\/www.africanchallenges.com\/index.php?rest_route=%2Fwp%2Fv2%2Fmedia&parent=46699"}],"wp:term":[{"taxonomy":"category","embeddable":true,"href":"https:\/\/www.africanchallenges.com\/index.php?rest_route=%2Fwp%2Fv2%2Fcategories&post=46699"},{"taxonomy":"post_tag","embeddable":true,"href":"https:\/\/www.africanchallenges.com\/index.php?rest_route=%2Fwp%2Fv2%2Ftags&post=46699"}],"curies":[{"name":"wp","href":"https:\/\/api.w.org\/{rel}","templated":true}]}}