{"id":46650,"date":"2023-02-03T14:14:48","date_gmt":"2023-02-03T14:14:48","guid":{"rendered":"https:\/\/www.africanchallenges.com\/?p=46650"},"modified":"2023-02-03T14:14:52","modified_gmt":"2023-02-03T14:14:52","slug":"pour-la-premiere-fois-en-tunisie-lexposition-photographique-corps-en-scene-de-lartiste-sylvie-lancrenon-a-la-galerie-muskandamber","status":"publish","type":"post","link":"https:\/\/www.africanchallenges.com\/?p=46650","title":{"rendered":"Pour la premi\u00e8re fois en Tunisie, l\u2019exposition photographique \u00ab\u00a0Corps en sc\u00e8ne\u00a0\u00bb de l\u2019artiste Sylvie Lancrenon, \u00e0 la galerie MuskandAmber\u00a0"},"content":{"rendered":"\n<p class=\"wp-block-paragraph\"><\/p>\n\n\n\n<p class=\"wp-block-paragraph\"><strong>Le vernissage de l\u2019exposition photographique \u00ab Corps en sc\u00e8ne \u00bb de l\u2019artiste fran\u00e7aise SYLVIE LANCRENON, a eu lieu le samedi 28 janvier 2023, \u00e0 la galerie Musk &amp; Amber, et<\/strong><\/p>\n\n\n\n<p class=\"wp-block-paragraph\"><strong>se poursuivra jusqu\u2019au 28 f\u00e9vrier 2023.<\/strong><\/p>\n\n\n\n<h5 class=\"wp-block-heading\">Pour la premi\u00e8re fois en Tunisie, la c\u00e9l\u00e8bre photographe fran\u00e7aise Sylvie Lancrenon fera d\u00e9couvrir une partie de ses \u0153uvres \u00e0 Tunis \u00e0 la galerie MuskandAmber. \u00ab\u00a0Corps en sc\u00e8ne\u00a0\u00bb r\u00e9unit des portraits dec\u00e9l\u00e9brit\u00e9set capte \u00e9galement des moments magiques et en mouvementdes danseurs de l\u2019Op\u00e9ra de Paris.<\/h5>\n\n\n\n<h2 class=\"wp-block-heading\">Pourquoi la Tunisie\u00a0?<\/h2>\n\n\n\n<p class=\"wp-block-paragraph\">Cette exposition est n\u00e9e d\u2019une rencontre entre Lamia Ben Ayed, fondatrice de la Galerie MuskandAmber, et Sylvie Lancrenon, lors de la pr\u00e9sentation de son livre \u00ab&nbsp;Ombres et Lumi\u00e8res&nbsp;\u00bb \u00e0 l\u2019Agora de La Marsa. Dans ce livre, elle prend part \u00e0 la campagne nationale de 2021 sur l\u2019inclusion des personnes porteuses de handicap. A cette occasion, Lamia Ben Ayed, attentive \u00e0 d\u00e9nicher des artistes \u00e9trangers pour les pr\u00e9senter au public tunisien, a d\u00e9couvert les photographies inspirantes de Sylvie Lancrenon et lui a tout de suite propos\u00e9 de les exposer au sein de sa galerie.<\/p>\n\n\n\n<h2 class=\"wp-block-heading\">Qui est Sylvie Lancrenon&nbsp;?<\/h2>\n\n\n\n<p class=\"wp-block-paragraph\">Une photographe anim\u00e9e et engag\u00e9e, un regard de chercheuse d\u2019\u00e2me, elle est parmi les photographes les plus demand\u00e9s du showbiz. Pas seulement \u00e0 cause de son sens inn\u00e9 des cadrages, de la lumi\u00e8re, des couleurs, mais surtout parce qu\u2019elle poss\u00e8de une intuition aff\u00fbt\u00e9e. Il faut la voir travailler : en douceur, elle pilote les postures, les regards, l\u2019imperceptible expression.<\/p>\n\n\n\n<p class=\"wp-block-paragraph\">\u00ab&nbsp;J&rsquo;ai traqu\u00e9 la beaut\u00e9, \u00e0 la recherche d&rsquo;un paradis perdu\u2026 J&rsquo;ai regard\u00e9 le monde \u00e0 travers mon appareil pour oublier, pour m&rsquo;oublier. J&rsquo;ai fonctionn\u00e9 \u00e0 l&rsquo;instinct, sans me retourner.<br>Il est temps d&rsquo;arracher le masque&nbsp;\u00bb.<\/p>\n\n\n\n<p class=\"wp-block-paragraph\"><strong>Son parcours \u2026<\/strong><\/p>\n\n\n\n<p class=\"wp-block-paragraph\">La carri\u00e8re de Sylvie Lancrenon d\u00e9bute \u00e0 18 ans sur un plateau de tournage de Claude Lelouch.&nbsp;Elle a collabor\u00e9 pendant une dizaine d&rsquo;ann\u00e9es en tant que photographe de plateau avec des r\u00e9alisateurs tels que Jean Becker ou Pascal Thomas. C\u2019est l\u00e0 qu\u2019elle apprend \u00e0 mettre en sc\u00e8ne la beaut\u00e9 avec le cadrage d\u2019un film.<\/p>\n\n\n\n<p class=\"wp-block-paragraph\">Photographe de l\u2019intime, ellecapture \u00e0 travers l\u2019appareil les plus belles femmes du monde. Elle apprivoise leur myst\u00e8re. Elle voile un regard et elle d\u00e9voile un corps. Le grain du papier est charnel, vibrant, lumineux.<\/p>\n\n\n\n<p class=\"wp-block-paragraph\">Photographier les actrices \u2013 et les acteurs \u2013 au plus pr\u00e8s de leurs \u00e9motions est au c\u0153ur de la vie de Sylvie Lancrenon depuis son plus jeune \u00e2ge quand d\u00e9j\u00e0, elle traquait ses amies avec son appareil<\/p>\n\n\n\n<p class=\"wp-block-paragraph\">Assez vite, Sylvie Lancrenon pr\u00e9f\u00e8re l\u2019ind\u00e9pendance, elle cr\u00e9e ses univers, choisit ses d\u00e9cors, ses personnages \u2013venus du cin\u00e9ma, du th\u00e9\u00e2tre, de la mode \u2013, r\u00e9pond \u00e0 l\u2019appel des magazines, de la publicit\u00e9.<\/p>\n\n\n\n<p class=\"wp-block-paragraph\">Sa production est constitu\u00e9e de photographies de beaut\u00e9, mode, portraits de personnalit\u00e9s ou de danseurs. Elle est \u00e9galement auteur de campagnes publicitaires sans oublier des films courts, magnifiant une actrice, un mod\u00e8le ou r\u00e9v\u00e9lant la fragilit\u00e9 de son sujet, comme r\u00e9cemment la m\u00e9lancolique M\u00e9lanie Thierry.<\/p>\n\n\n\n<p class=\"wp-block-paragraph\">En 2019, elle expose \u00e0 l\u2019H\u00f4tel Costes, la s\u00e9rie \u00ab&nbsp;Autour de la danse&nbsp;\u00bb consacr\u00e9e aux danseurs de l\u2019op\u00e9ra de Paris, suivie de la publication du livre \u2018 Danse\u2019 publi\u00e9 chez Flammarion.<\/p>\n\n\n\n<p class=\"wp-block-paragraph\">En 2015, son livre \u00ab&nbsp;Fragile&nbsp;\u00bb est publi\u00e9 chez Anne Carri\u00e8re. Il regroupe 90 photographies ponctu\u00e9es de textes et de chansons de Myl\u00e8ne Farmer, suivi d&rsquo;une exposition en juin \u00e0 la galerie&nbsp;Acte2rivegauche.<\/p>\n\n\n\n<p class=\"wp-block-paragraph\">Sa nouvelle s\u00e9rie \u00ab&nbsp;Comme au cin\u00e9ma&nbsp;\u00bb a \u00e9t\u00e9 expos\u00e9e \u00e0 la galerie Vellutini du 15 d\u00e9cembre 2022 au 12 janvier 2023, \u00e0 Paris.<\/p>\n","protected":false},"excerpt":{"rendered":"<p>Le vernissage de l\u2019exposition photographique \u00ab Corps en sc\u00e8ne \u00bb de l\u2019artiste fran\u00e7aise SYLVIE LANCRENON, a eu lieu le samedi 28 janvier 2023, \u00e0 la galerie Musk &amp; Amber, et se poursuivra jusqu\u2019au 28 f\u00e9vrier 2023. Pour la premi\u00e8re fois en Tunisie, la c\u00e9l\u00e8bre photographe fran\u00e7aise Sylvie Lancrenon fera d\u00e9couvrir une partie de ses \u0153uvres [&hellip;]<\/p>\n","protected":false},"author":4,"featured_media":46657,"comment_status":"open","ping_status":"closed","sticky":false,"template":"","format":"standard","meta":{"content-type":"","jnews-multi-image_gallery":[],"jnews_single_post":{"subtitle":"","format":"standard","video":"","gallery":"","source_name":"","source_url":"","via_name":"","via_url":"","override_template":"0","override":[{"template":"1","single_blog_custom":"","parallax":"1","fullscreen":"1","layout":"right-sidebar","sidebar":"default-sidebar","second_sidebar":"default-sidebar","sticky_sidebar":"1","share_position":"top","share_float_style":"share-monocrhome","show_share_counter":"1","show_view_counter":"1","show_featured":"1","show_post_meta":"1","show_post_author":"1","show_post_author_image":"1","show_post_date":"1","post_date_format":"default","post_date_format_custom":"Y\/m\/d","show_post_category":"1","show_post_reading_time":"0","post_reading_time_wpm":"300","show_zoom_button":"0","zoom_button_out_step":"2","zoom_button_in_step":"3","show_post_tag":"1","show_prev_next_post":"1","show_popup_post":"1","number_popup_post":"1","show_author_box":"0","show_post_related":"0","show_inline_post_related":"0"}],"override_image_size":"0","image_override":[{"single_post_thumbnail_size":"crop-500","single_post_gallery_size":"crop-500"}],"trending_post":"0","trending_post_position":"meta","trending_post_label":"Trending","sponsored_post":"0","sponsored_post_label":"Sponsored by","sponsored_post_name":"","sponsored_post_url":"","sponsored_post_logo_enable":"0","sponsored_post_logo":"","sponsored_post_desc":"","disable_ad":"0"},"jnews_primary_category":{"id":"","hide":""},"jnews_override_bookmark_settings":[],"jnews_review":[],"enable_review":"","type":"","name":"","summary":"","brand":"","sku":"","good":[],"bad":[],"score_override":"","override_value":"","rating":[],"price":[],"jnews_post_split":[],"footnotes":""},"categories":[17,7],"tags":[9889,9891,9890],"class_list":["post-46650","post","type-post","status-publish","format-standard","has-post-thumbnail","hentry","category-entertainment","category-lifestyle","tag-exposition-photographique","tag-galerie-muskandamber","tag-sylvie-lancrenon"],"_links":{"self":[{"href":"https:\/\/www.africanchallenges.com\/index.php?rest_route=\/wp\/v2\/posts\/46650","targetHints":{"allow":["GET"]}}],"collection":[{"href":"https:\/\/www.africanchallenges.com\/index.php?rest_route=\/wp\/v2\/posts"}],"about":[{"href":"https:\/\/www.africanchallenges.com\/index.php?rest_route=\/wp\/v2\/types\/post"}],"author":[{"embeddable":true,"href":"https:\/\/www.africanchallenges.com\/index.php?rest_route=\/wp\/v2\/users\/4"}],"replies":[{"embeddable":true,"href":"https:\/\/www.africanchallenges.com\/index.php?rest_route=%2Fwp%2Fv2%2Fcomments&post=46650"}],"version-history":[{"count":2,"href":"https:\/\/www.africanchallenges.com\/index.php?rest_route=\/wp\/v2\/posts\/46650\/revisions"}],"predecessor-version":[{"id":46659,"href":"https:\/\/www.africanchallenges.com\/index.php?rest_route=\/wp\/v2\/posts\/46650\/revisions\/46659"}],"wp:featuredmedia":[{"embeddable":true,"href":"https:\/\/www.africanchallenges.com\/index.php?rest_route=\/wp\/v2\/media\/46657"}],"wp:attachment":[{"href":"https:\/\/www.africanchallenges.com\/index.php?rest_route=%2Fwp%2Fv2%2Fmedia&parent=46650"}],"wp:term":[{"taxonomy":"category","embeddable":true,"href":"https:\/\/www.africanchallenges.com\/index.php?rest_route=%2Fwp%2Fv2%2Fcategories&post=46650"},{"taxonomy":"post_tag","embeddable":true,"href":"https:\/\/www.africanchallenges.com\/index.php?rest_route=%2Fwp%2Fv2%2Ftags&post=46650"}],"curies":[{"name":"wp","href":"https:\/\/api.w.org\/{rel}","templated":true}]}}