{"id":46475,"date":"2023-01-30T18:45:10","date_gmt":"2023-01-30T18:45:10","guid":{"rendered":"https:\/\/www.africanchallenges.com\/?p=46475"},"modified":"2023-01-30T20:00:22","modified_gmt":"2023-01-30T20:00:22","slug":"tunisie-les-problemes-fonciers-rencontres-en-matiere-de-realisation-des-projets-dinvestissement-dans-les-secteurs-du-tourisme-et-de-lartisanat","status":"publish","type":"post","link":"https:\/\/www.africanchallenges.com\/?p=46475","title":{"rendered":"Tunisie : Les probl\u00e8mes fonciers rencontr\u00e9s en mati\u00e8re de r\u00e9alisation des projets d\u2019investissement dans les secteurs du tourisme et de l\u2019artisanat"},"content":{"rendered":"\n<p class=\"wp-block-paragraph\">Les probl\u00e8mes fonciers rencontr\u00e9s en mati\u00e8re de r\u00e9alisation des projets d\u2019investissement dans les secteurs du tourisme et de l\u2019artisanat a \u00e9t\u00e9 au centre d\u2019une s\u00e9ance de travail tenue ce lundi 30 janvier 2023, sous la copr\u00e9sidence de Mohamed Moez Belhassine et Mohamed Rekik, respectivement, ministre du Tourisme et de l\u2019Artisanat, et ministre des domaines de l\u2019Etat et&nbsp; des affaires fonci\u00e8res, en pr\u00e9sence de leur chef de cabinet, des cadres des deux minist\u00e8res, et des premiers responsables des institutions sous leur tutelle.<\/p>\n\n\n\n<p class=\"wp-block-paragraph\">Les questions examin\u00e9es portent sur la mise \u00e0 disposition du foncier au profit des investisseurs priv\u00e9s, et de l\u2019agence fonci\u00e8re du tourisme, la r\u00e9gularisation de la situation fonci\u00e8re inh\u00e9rente \u00e0 la r\u00e9alisation des villages artisanaux, ainsi que la r\u00e9gularisation de la situation fonci\u00e8re de certaines zones touristiques, a indiqu\u00e9 un communiqu\u00e9 de presse diffus\u00e9 par le minist\u00e8re du Tourisme .<\/p>\n\n\n\n<p class=\"wp-block-paragraph\">La r\u00e9union a, \u00e9galement, \u00e9tudi\u00e9 l\u2019\u00e9ventualit\u00e9 de consacrer un immobilier vacant de l\u2019Etat, \u00e0 l\u2019agence de formation dans les m\u00e9tiers du tourisme.<\/p>\n","protected":false},"excerpt":{"rendered":"<p>Les probl\u00e8mes fonciers rencontr\u00e9s en mati\u00e8re de r\u00e9alisation des projets d\u2019investissement dans les secteurs du tourisme et de l\u2019artisanat a \u00e9t\u00e9 au centre d\u2019une s\u00e9ance de travail tenue ce lundi 30 janvier 2023, sous la copr\u00e9sidence de Mohamed Moez Belhassine et Mohamed Rekik, respectivement, ministre du Tourisme et de l\u2019Artisanat, et ministre des domaines de [&hellip;]<\/p>\n","protected":false},"author":4,"featured_media":46477,"comment_status":"open","ping_status":"closed","sticky":false,"template":"","format":"standard","meta":{"content-type":"","jnews-multi-image_gallery":[],"jnews_single_post":{"subtitle":"","format":"standard","video":"","gallery":"","source_name":"","source_url":"","via_name":"","via_url":"","override_template":"0","override":[{"template":"1","single_blog_custom":"","parallax":"1","fullscreen":"1","layout":"right-sidebar","sidebar":"default-sidebar","second_sidebar":"default-sidebar","sticky_sidebar":"1","share_position":"top","share_float_style":"share-monocrhome","show_share_counter":"1","show_view_counter":"1","show_featured":"1","show_post_meta":"1","show_post_author":"1","show_post_author_image":"1","show_post_date":"1","post_date_format":"default","post_date_format_custom":"Y\/m\/d","show_post_category":"1","show_post_reading_time":"0","post_reading_time_wpm":"300","show_zoom_button":"0","zoom_button_out_step":"2","zoom_button_in_step":"3","show_post_tag":"1","show_prev_next_post":"1","show_popup_post":"1","number_popup_post":"1","show_author_box":"0","show_post_related":"0","show_inline_post_related":"0"}],"override_image_size":"0","image_override":[{"single_post_thumbnail_size":"crop-500","single_post_gallery_size":"crop-500"}],"trending_post":"0","trending_post_position":"meta","trending_post_label":"Trending","sponsored_post":"0","sponsored_post_label":"Sponsored by","sponsored_post_name":"","sponsored_post_url":"","sponsored_post_logo_enable":"0","sponsored_post_logo":"","sponsored_post_desc":"","disable_ad":"0"},"jnews_primary_category":{"id":"","hide":""},"jnews_override_bookmark_settings":[],"jnews_review":[],"enable_review":"","type":"","name":"","summary":"","brand":"","sku":"","good":[],"bad":[],"score_override":"","override_value":"","rating":[],"price":[],"jnews_post_split":[],"footnotes":""},"categories":[61],"tags":[9866,9864,9865,7381,144],"class_list":["post-46475","post","type-post","status-publish","format-standard","has-post-thumbnail","hentry","category-societe","tag-lartisanat","tag-problemes-fonciers","tag-projets-dinvestissement","tag-realisation","tag-tourisme"],"_links":{"self":[{"href":"https:\/\/www.africanchallenges.com\/index.php?rest_route=\/wp\/v2\/posts\/46475","targetHints":{"allow":["GET"]}}],"collection":[{"href":"https:\/\/www.africanchallenges.com\/index.php?rest_route=\/wp\/v2\/posts"}],"about":[{"href":"https:\/\/www.africanchallenges.com\/index.php?rest_route=\/wp\/v2\/types\/post"}],"author":[{"embeddable":true,"href":"https:\/\/www.africanchallenges.com\/index.php?rest_route=\/wp\/v2\/users\/4"}],"replies":[{"embeddable":true,"href":"https:\/\/www.africanchallenges.com\/index.php?rest_route=%2Fwp%2Fv2%2Fcomments&post=46475"}],"version-history":[{"count":1,"href":"https:\/\/www.africanchallenges.com\/index.php?rest_route=\/wp\/v2\/posts\/46475\/revisions"}],"predecessor-version":[{"id":46476,"href":"https:\/\/www.africanchallenges.com\/index.php?rest_route=\/wp\/v2\/posts\/46475\/revisions\/46476"}],"wp:featuredmedia":[{"embeddable":true,"href":"https:\/\/www.africanchallenges.com\/index.php?rest_route=\/wp\/v2\/media\/46477"}],"wp:attachment":[{"href":"https:\/\/www.africanchallenges.com\/index.php?rest_route=%2Fwp%2Fv2%2Fmedia&parent=46475"}],"wp:term":[{"taxonomy":"category","embeddable":true,"href":"https:\/\/www.africanchallenges.com\/index.php?rest_route=%2Fwp%2Fv2%2Fcategories&post=46475"},{"taxonomy":"post_tag","embeddable":true,"href":"https:\/\/www.africanchallenges.com\/index.php?rest_route=%2Fwp%2Fv2%2Ftags&post=46475"}],"curies":[{"name":"wp","href":"https:\/\/api.w.org\/{rel}","templated":true}]}}