{"id":46417,"date":"2023-01-26T18:46:16","date_gmt":"2023-01-26T18:46:16","guid":{"rendered":"https:\/\/www.africanchallenges.com\/?p=46417"},"modified":"2023-01-26T18:58:25","modified_gmt":"2023-01-26T18:58:25","slug":"tunisie-le-terrorisme-et-la-crime-organise-au-centre-de-la-reunion-entre-kais-saied-et-le-ministre-de-linterieur","status":"publish","type":"post","link":"https:\/\/www.africanchallenges.com\/?p=46417","title":{"rendered":"Tunisie: Le terrorisme et le crime organis\u00e9 au centre de la r\u00e9union entre Kais Saied et le ministre de l&rsquo;int\u00e9rieur"},"content":{"rendered":"\n<p class=\"wp-block-paragraph\">Le pr\u00e9sident de la R\u00e9publique, Ka\u00efs Sa\u00efed a re\u00e7u, jeudi 26 janvier 2023, le ministre de l\u2019Int\u00e9rieur, Taoufik Charfeddine, qui lui avait remis le rapport d\u2019\u00e9valuation annuel autour de l\u2019extr\u00e9misme, le terrorisme et le crime organis\u00e9, a indiqu\u00e9 un communiqu\u00e9 publi\u00e9 par Carthage.<\/p>\n\n\n\n<p class=\"wp-block-paragraph\">Le &nbsp;pr\u00e9sident de la R\u00e9publique a soulign\u00e9 la n\u00e9cessit\u00e9 d\u2019aborder tous ces fl\u00e9aux s\u00e9vissant dans le monde entier \u00e0 travers une approche reposant sur le traitement des causes ayant conduit \u00e0 leur prolif\u00e9ration outre la n\u00e9cessit\u00e9 d\u2019y faire face.<\/p>\n\n\n\n<p class=\"wp-block-paragraph\">Kais Saied &nbsp;a, \u00e9galement, insist\u00e9 sur les causes li\u00e9es \u00e0 l\u2019\u00e9ducation, l\u2019enseignement et la culture pour prot\u00e9ger la soci\u00e9t\u00e9. \u00ab La pens\u00e9e libre est la meilleure protection face \u00e0 l\u2019extr\u00e9misme, le terrorisme et le crime sur les plans national et international \u00bb, a-t-il d\u00e9clar\u00e9.<\/p>\n\n\n\n<p class=\"wp-block-paragraph\">Le chef de l\u2019Etat a \u00e9voqu\u00e9 les situations \u00e9conomique et sociale qui constituent, \u00e0 leur tour, une cause principale de la hausse de la criminalit\u00e9, mais aussi \u00ab l\u2019exploitation de ces situations par les marchands de la pauvret\u00e9 et la mis\u00e8re pour commettre les pires crimes soit pour porter atteinte \u00e0 la paix sociale, ou pour faire exploser les \u00c9tats \u00e0 travers leurs institutions ou encore pour disloquer les soci\u00e9t\u00e9s par tous les moyens afin que les valeurs s\u2019effondrent \u00bb.<\/p>\n","protected":false},"excerpt":{"rendered":"<p>Le pr\u00e9sident de la R\u00e9publique, Ka\u00efs Sa\u00efed a re\u00e7u, jeudi 26 janvier 2023, le ministre de l\u2019Int\u00e9rieur, Taoufik Charfeddine, qui lui avait remis le rapport d\u2019\u00e9valuation annuel autour de l\u2019extr\u00e9misme, le terrorisme et le crime organis\u00e9, a indiqu\u00e9 un communiqu\u00e9 publi\u00e9 par Carthage. Le &nbsp;pr\u00e9sident de la R\u00e9publique a soulign\u00e9 la n\u00e9cessit\u00e9 d\u2019aborder tous ces [&hellip;]<\/p>\n","protected":false},"author":4,"featured_media":46418,"comment_status":"open","ping_status":"closed","sticky":false,"template":"","format":"standard","meta":{"content-type":"","jnews-multi-image_gallery":[],"jnews_single_post":{"subtitle":"","format":"standard","video":"","gallery":"","source_name":"","source_url":"","via_name":"","via_url":"","override_template":"0","override":[{"template":"1","single_blog_custom":"","parallax":"1","fullscreen":"1","layout":"right-sidebar","sidebar":"default-sidebar","second_sidebar":"default-sidebar","sticky_sidebar":"1","share_position":"top","share_float_style":"share-monocrhome","show_share_counter":"1","show_view_counter":"1","show_featured":"1","show_post_meta":"1","show_post_author":"1","show_post_author_image":"1","show_post_date":"1","post_date_format":"default","post_date_format_custom":"Y\/m\/d","show_post_category":"1","show_post_reading_time":"0","post_reading_time_wpm":"300","show_zoom_button":"0","zoom_button_out_step":"2","zoom_button_in_step":"3","show_post_tag":"1","show_prev_next_post":"1","show_popup_post":"1","number_popup_post":"1","show_author_box":"0","show_post_related":"0","show_inline_post_related":"0"}],"override_image_size":"0","image_override":[{"single_post_thumbnail_size":"crop-500","single_post_gallery_size":"crop-500"}],"trending_post":"0","trending_post_position":"meta","trending_post_label":"Trending","sponsored_post":"0","sponsored_post_label":"Sponsored by","sponsored_post_name":"","sponsored_post_url":"","sponsored_post_logo_enable":"0","sponsored_post_logo":"","sponsored_post_desc":"","disable_ad":"0"},"jnews_primary_category":{"id":"","hide":""},"jnews_override_bookmark_settings":[],"jnews_review":[],"enable_review":"","type":"","name":"","summary":"","brand":"","sku":"","good":[],"bad":[],"score_override":"","override_value":"","rating":[],"price":[],"jnews_post_split":[],"footnotes":""},"categories":[7950],"tags":[3712,9838,1797,5302,2320],"class_list":["post-46417","post","type-post","status-publish","format-standard","has-post-thumbnail","hentry","category-politique","tag-kais-saied-2","tag-le-ministre-de-linterieur-2","tag-reunion","tag-taoufik-charfeddine","tag-terrorisme"],"_links":{"self":[{"href":"https:\/\/www.africanchallenges.com\/index.php?rest_route=\/wp\/v2\/posts\/46417","targetHints":{"allow":["GET"]}}],"collection":[{"href":"https:\/\/www.africanchallenges.com\/index.php?rest_route=\/wp\/v2\/posts"}],"about":[{"href":"https:\/\/www.africanchallenges.com\/index.php?rest_route=\/wp\/v2\/types\/post"}],"author":[{"embeddable":true,"href":"https:\/\/www.africanchallenges.com\/index.php?rest_route=\/wp\/v2\/users\/4"}],"replies":[{"embeddable":true,"href":"https:\/\/www.africanchallenges.com\/index.php?rest_route=%2Fwp%2Fv2%2Fcomments&post=46417"}],"version-history":[{"count":3,"href":"https:\/\/www.africanchallenges.com\/index.php?rest_route=\/wp\/v2\/posts\/46417\/revisions"}],"predecessor-version":[{"id":46424,"href":"https:\/\/www.africanchallenges.com\/index.php?rest_route=\/wp\/v2\/posts\/46417\/revisions\/46424"}],"wp:featuredmedia":[{"embeddable":true,"href":"https:\/\/www.africanchallenges.com\/index.php?rest_route=\/wp\/v2\/media\/46418"}],"wp:attachment":[{"href":"https:\/\/www.africanchallenges.com\/index.php?rest_route=%2Fwp%2Fv2%2Fmedia&parent=46417"}],"wp:term":[{"taxonomy":"category","embeddable":true,"href":"https:\/\/www.africanchallenges.com\/index.php?rest_route=%2Fwp%2Fv2%2Fcategories&post=46417"},{"taxonomy":"post_tag","embeddable":true,"href":"https:\/\/www.africanchallenges.com\/index.php?rest_route=%2Fwp%2Fv2%2Ftags&post=46417"}],"curies":[{"name":"wp","href":"https:\/\/api.w.org\/{rel}","templated":true}]}}