{"id":45998,"date":"2023-01-11T17:14:00","date_gmt":"2023-01-11T17:14:00","guid":{"rendered":"https:\/\/www.africanchallenges.com\/?p=45998"},"modified":"2023-01-11T17:20:12","modified_gmt":"2023-01-11T17:20:12","slug":"tunisie-les-pensions-de-retraite-de-janvier-seront-majorees-dans-la-fonction-publique-et-le-secteur-public","status":"publish","type":"post","link":"https:\/\/www.africanchallenges.com\/?p=45998","title":{"rendered":"Tunisie : Les pensions de retraite de janvier seront major\u00e9es dans la fonction publique et le secteur public"},"content":{"rendered":"\n<p class=\"wp-block-paragraph\">Le ministre des Affaires sociales, Malek Zahi, s\u2019est rendu, ce mercredi 11 janvier 2023 en visite au si\u00e8ge de la caisse nationale de retraite et de pr\u00e9voyance sociale (CNRPS), accompagn\u00e9 du Directeur G\u00e9n\u00e9ral de la S\u00e9curit\u00e9 sociale, Nader Ajabi, o\u00f9 il s\u2019est enquis des conditions de la marche du travail au sein de la caisse.<\/p>\n\n\n\n<p class=\"wp-block-paragraph\">Malek Zahi a affirm\u00e9, lors de sa rencontre avec le Directeur G\u00e9n\u00e9ral de la CNRPS, Kamel Madouri, \u00ab la d\u00e9termination de la caisse \u00e0 assurer le versement des pensions et des sommes redevables aux retrait\u00e9s dans les d\u00e9lais \u00bb, a indiqu\u00e9 un communiqu\u00e9 du minist\u00e8re des Affaires sociales.<\/p>\n\n\n\n<p class=\"wp-block-paragraph\">Contrairement \u00e0 ce qui \u00e9tait relay\u00e9 la derni\u00e8re p\u00e9riode, le minist\u00e8re a indiqu\u00e9 qu&rsquo; \u00bbil n\u2019y aura pas une baisse des pensions du mois de janvier, mais elles seront revaloris\u00e9es, en vertu du syst\u00e8me de p\u00e9r\u00e9quation, au titre des majorations g\u00e9n\u00e9rales dans la fonction publique et le secteur public d\u00e9cid\u00e9es pour les ann\u00e9es 2022, 2023 et 2024\u2033.<\/p>\n\n\n\n<p class=\"wp-block-paragraph\">Les arri\u00e9r\u00e9s de cette r\u00e9vision seront vers\u00e9s aux retrait\u00e9s \u00e0 compter du mois de f\u00e9vrier 2023, a-t-il dit.<\/p>\n","protected":false},"excerpt":{"rendered":"<p>Le ministre des Affaires sociales, Malek Zahi, s\u2019est rendu, ce mercredi 11 janvier 2023 en visite au si\u00e8ge de la caisse nationale de retraite et de pr\u00e9voyance sociale (CNRPS), accompagn\u00e9 du Directeur G\u00e9n\u00e9ral de la S\u00e9curit\u00e9 sociale, Nader Ajabi, o\u00f9 il s\u2019est enquis des conditions de la marche du travail au sein de la caisse. [&hellip;]<\/p>\n","protected":false},"author":4,"featured_media":46000,"comment_status":"open","ping_status":"closed","sticky":false,"template":"","format":"standard","meta":{"content-type":"","jnews-multi-image_gallery":[],"jnews_single_post":{"subtitle":"","format":"standard","video":"","gallery":"","source_name":"","source_url":"","via_name":"","via_url":"","override_template":"0","override":[{"template":"1","single_blog_custom":"","parallax":"1","fullscreen":"1","layout":"right-sidebar","sidebar":"default-sidebar","second_sidebar":"default-sidebar","sticky_sidebar":"1","share_position":"top","share_float_style":"share-monocrhome","show_share_counter":"1","show_view_counter":"1","show_featured":"1","show_post_meta":"1","show_post_author":"1","show_post_author_image":"1","show_post_date":"1","post_date_format":"default","post_date_format_custom":"Y\/m\/d","show_post_category":"1","show_post_reading_time":"0","post_reading_time_wpm":"300","show_zoom_button":"0","zoom_button_out_step":"2","zoom_button_in_step":"3","show_post_tag":"1","show_prev_next_post":"1","show_popup_post":"1","number_popup_post":"1","show_author_box":"0","show_post_related":"0","show_inline_post_related":"0"}],"override_image_size":"0","image_override":[{"single_post_thumbnail_size":"crop-500","single_post_gallery_size":"crop-500"}],"trending_post":"0","trending_post_position":"meta","trending_post_label":"Trending","sponsored_post":"0","sponsored_post_label":"Sponsored by","sponsored_post_name":"","sponsored_post_url":"","sponsored_post_logo_enable":"0","sponsored_post_logo":"","sponsored_post_desc":"","disable_ad":"0"},"jnews_primary_category":{"id":"","hide":""},"jnews_override_bookmark_settings":[],"jnews_review":[],"enable_review":"","type":"","name":"","summary":"","brand":"","sku":"","good":[],"bad":[],"score_override":"","override_value":"","rating":[],"price":[],"jnews_post_split":[],"footnotes":""},"categories":[61],"tags":[7782,9732,616],"class_list":["post-45998","post","type-post","status-publish","format-standard","has-post-thumbnail","hentry","category-societe","tag-fonction-publique","tag-kamel-madouri","tag-pensions-de-retraite"],"_links":{"self":[{"href":"https:\/\/www.africanchallenges.com\/index.php?rest_route=\/wp\/v2\/posts\/45998","targetHints":{"allow":["GET"]}}],"collection":[{"href":"https:\/\/www.africanchallenges.com\/index.php?rest_route=\/wp\/v2\/posts"}],"about":[{"href":"https:\/\/www.africanchallenges.com\/index.php?rest_route=\/wp\/v2\/types\/post"}],"author":[{"embeddable":true,"href":"https:\/\/www.africanchallenges.com\/index.php?rest_route=\/wp\/v2\/users\/4"}],"replies":[{"embeddable":true,"href":"https:\/\/www.africanchallenges.com\/index.php?rest_route=%2Fwp%2Fv2%2Fcomments&post=45998"}],"version-history":[{"count":1,"href":"https:\/\/www.africanchallenges.com\/index.php?rest_route=\/wp\/v2\/posts\/45998\/revisions"}],"predecessor-version":[{"id":45999,"href":"https:\/\/www.africanchallenges.com\/index.php?rest_route=\/wp\/v2\/posts\/45998\/revisions\/45999"}],"wp:featuredmedia":[{"embeddable":true,"href":"https:\/\/www.africanchallenges.com\/index.php?rest_route=\/wp\/v2\/media\/46000"}],"wp:attachment":[{"href":"https:\/\/www.africanchallenges.com\/index.php?rest_route=%2Fwp%2Fv2%2Fmedia&parent=45998"}],"wp:term":[{"taxonomy":"category","embeddable":true,"href":"https:\/\/www.africanchallenges.com\/index.php?rest_route=%2Fwp%2Fv2%2Fcategories&post=45998"},{"taxonomy":"post_tag","embeddable":true,"href":"https:\/\/www.africanchallenges.com\/index.php?rest_route=%2Fwp%2Fv2%2Ftags&post=45998"}],"curies":[{"name":"wp","href":"https:\/\/api.w.org\/{rel}","templated":true}]}}