{"id":45600,"date":"2022-12-15T12:36:17","date_gmt":"2022-12-15T12:36:17","guid":{"rendered":"https:\/\/www.africanchallenges.com\/?p=45600"},"modified":"2022-12-15T12:43:43","modified_gmt":"2022-12-15T12:43:43","slug":"tunisie-la-banque-centrale-explique-les-raisons-du-report-de-la-reunion-du-fmi-sur-la-tunisie","status":"publish","type":"post","link":"https:\/\/www.africanchallenges.com\/?p=45600","title":{"rendered":"Tunisie : La banque centrale explique les raisons du report de la r\u00e9union du FMI sur la Tunisie"},"content":{"rendered":"\n<p class=\"wp-block-paragraph\">Une nouvelle date sera convenue entre les autorit\u00e9s tunisiennes et le Fonds mon\u00e9taire international (FMI) concernant l\u2019examen et l\u2019approbation de la Facilit\u00e9 \u00e9largie de cr\u00e9dit pour la Tunisie, afin de donner aux autorit\u00e9s du pays davantage du temps pour finaliser les d\u00e9tails du programme de r\u00e9forme qu\u2019elles lui ont pr\u00e9sent\u00e9, a appris jeudi, l\u2019Agence TAP aupr\u00e8s d\u2019une source officielle.<\/p>\n\n\n\n<p class=\"wp-block-paragraph\">Le Secr\u00e9tariat du Fonds Mon\u00e9taire International (FMI) a report\u00e9, mercredi, le point pr\u00e9vu \u00e0 l\u2019ordre du jour des r\u00e9unions de son Conseil d\u2019administration (qui devait se tenir le 19 d\u00e9cembre 2022 et la Tunisie envisage de pr\u00e9senter \u00e0 nouveau le dossier, lors de la reprise des r\u00e9unions de la direction du FMI apr\u00e8s les vacances de fin d\u2019ann\u00e9e, durant le mois de janvier 2023, a ajout\u00e9 la m\u00eame source \u00e0 l\u2019Agence.<\/p>\n\n\n\n<p class=\"wp-block-paragraph\">Des consultations relatives \u00e0 la nouvelle date sont pr\u00e9vues dans les prochains jours, entre les deux parties.<\/p>\n\n\n\n<p class=\"wp-block-paragraph\">Selon le calendrier actualis\u00e9 publi\u00e9 mercredi par le FMI, le dossier relatif au programme de r\u00e9formes de la Tunisie n\u2019est plus \u00e0 l\u2019ordre du jour de la r\u00e9union du conseil d\u2019administration du Fonds, inscrit initialement pour le 19 d\u00e9cembre 2022, Le dossier tunisien ne figure pas \u00e0 l\u2019ordre du jour d\u2019aucune r\u00e9union de l\u2019institution financi\u00e8re internationale du moins, jusqu\u2019\u00e0 la date du 22 d\u00e9cembre courant, selon le site du FMI qui pr\u00e9cise n\u00e9anmoins que le calendrier est susceptible d\u2019\u00eatre modifi\u00e9 et que l\u2019ordre du jour de chaque r\u00e9union est g\u00e9n\u00e9ralement finalis\u00e9 la vielle de la r\u00e9union.<\/p>\n\n\n\n<p class=\"wp-block-paragraph\">Le 15 octobre 2022, le FMI avait annonc\u00e9 que ses services et les autorit\u00e9s tunisiennes sont parvenus \u00e0 un accord au niveau des services pour soutenir les politiques \u00e9conomiques de la Tunisie avec un accord de 48 mois, au titre du M\u00e9canisme \u00e9largi de cr\u00e9dit, d\u2019environ 1,9 milliard de dollars.<\/p>\n\n\n\n<p class=\"wp-block-paragraph\">L\u2019institution financi\u00e8re avait pr\u00e9cis\u00e9, dans un communiqu\u00e9, que la validation finale de cet accord doit se faire au niveau du conseil d\u2019administration du fonds qui doit se r\u00e9unir en d\u00e9cembre 2022 pour examiner la demande de la Tunisie.<\/p>\n\n\n\n<p class=\"wp-block-paragraph\">Le repr\u00e9sentant du FMI en Tunisie , Marc G\u00e9rard avait indiqu\u00e9, \u00e0 Sousse, dans une d\u00e9claration aux m\u00e9dias, en marge de la 36\u00e8me \u00e9dition des Journ\u00e9es de l\u2019Entreprise, que le d\u00e9caissement de la premi\u00e8re tranche du pr\u00eat est tributaire de la d\u00e9cision du Conseil d\u2019administration du FMI.Il avait \u00e9galement soulign\u00e9 que l\u2019examen du programme de r\u00e9formes pr\u00e9sent\u00e9 par la Tunisie se poursuivra au niveau du conseil d\u2019administration du FMI, ajoutant que ces r\u00e9formes auront un impact positif sur le pays.<\/p>\n\n\n\n<p class=\"wp-block-paragraph\">La Tunisie compte sur les financements du FMI pour fiancer son budget et ouvrir de nouvelles perspectives de financement avec d\u2019autres bailleurs de fonds internationaux.<\/p>\n\n\n\n<p class=\"wp-block-paragraph\"><strong>Avec TAP<\/strong><\/p>\n","protected":false},"excerpt":{"rendered":"<p>Une nouvelle date sera convenue entre les autorit\u00e9s tunisiennes et le Fonds mon\u00e9taire international (FMI) concernant l\u2019examen et l\u2019approbation de la Facilit\u00e9 \u00e9largie de cr\u00e9dit pour la Tunisie, afin de donner aux autorit\u00e9s du pays davantage du temps pour finaliser les d\u00e9tails du programme de r\u00e9forme qu\u2019elles lui ont pr\u00e9sent\u00e9, a appris jeudi, l\u2019Agence TAP [&hellip;]<\/p>\n","protected":false},"author":4,"featured_media":1904,"comment_status":"open","ping_status":"closed","sticky":false,"template":"","format":"standard","meta":{"content-type":"","jnews-multi-image_gallery":[],"jnews_single_post":{"subtitle":"","format":"standard","video":"","gallery":"","source_name":"","source_url":"","via_name":"","via_url":"","override_template":"0","override":[{"template":"1","single_blog_custom":"","parallax":"1","fullscreen":"1","layout":"right-sidebar","sidebar":"default-sidebar","second_sidebar":"default-sidebar","sticky_sidebar":"1","share_position":"top","share_float_style":"share-monocrhome","show_share_counter":"1","show_view_counter":"1","show_featured":"1","show_post_meta":"1","show_post_author":"1","show_post_author_image":"1","show_post_date":"1","post_date_format":"default","post_date_format_custom":"Y\/m\/d","show_post_category":"1","show_post_reading_time":"0","post_reading_time_wpm":"300","show_zoom_button":"0","zoom_button_out_step":"2","zoom_button_in_step":"3","show_post_tag":"1","show_prev_next_post":"1","show_popup_post":"1","number_popup_post":"1","show_author_box":"0","show_post_related":"0","show_inline_post_related":"0"}],"override_image_size":"0","image_override":[{"single_post_thumbnail_size":"crop-500","single_post_gallery_size":"crop-500"}],"trending_post":"0","trending_post_position":"meta","trending_post_label":"Trending","sponsored_post":"0","sponsored_post_label":"Sponsored by","sponsored_post_name":"","sponsored_post_url":"","sponsored_post_logo_enable":"0","sponsored_post_logo":"","sponsored_post_desc":"","disable_ad":"0"},"jnews_primary_category":{"id":"","hide":""},"jnews_override_bookmark_settings":[],"jnews_review":[],"enable_review":"","type":"","name":"","summary":"","brand":"","sku":"","good":[],"bad":[],"score_override":"","override_value":"","rating":[],"price":[],"jnews_post_split":[],"footnotes":""},"categories":[43,73],"tags":[2102,318,294,1797],"class_list":["post-45600","post","type-post","status-publish","format-standard","has-post-thumbnail","hentry","category-eco-business","category-eco","tag-banque-centrale","tag-fmi","tag-report","tag-reunion"],"_links":{"self":[{"href":"https:\/\/www.africanchallenges.com\/index.php?rest_route=\/wp\/v2\/posts\/45600","targetHints":{"allow":["GET"]}}],"collection":[{"href":"https:\/\/www.africanchallenges.com\/index.php?rest_route=\/wp\/v2\/posts"}],"about":[{"href":"https:\/\/www.africanchallenges.com\/index.php?rest_route=\/wp\/v2\/types\/post"}],"author":[{"embeddable":true,"href":"https:\/\/www.africanchallenges.com\/index.php?rest_route=\/wp\/v2\/users\/4"}],"replies":[{"embeddable":true,"href":"https:\/\/www.africanchallenges.com\/index.php?rest_route=%2Fwp%2Fv2%2Fcomments&post=45600"}],"version-history":[{"count":1,"href":"https:\/\/www.africanchallenges.com\/index.php?rest_route=\/wp\/v2\/posts\/45600\/revisions"}],"predecessor-version":[{"id":45601,"href":"https:\/\/www.africanchallenges.com\/index.php?rest_route=\/wp\/v2\/posts\/45600\/revisions\/45601"}],"wp:featuredmedia":[{"embeddable":true,"href":"https:\/\/www.africanchallenges.com\/index.php?rest_route=\/wp\/v2\/media\/1904"}],"wp:attachment":[{"href":"https:\/\/www.africanchallenges.com\/index.php?rest_route=%2Fwp%2Fv2%2Fmedia&parent=45600"}],"wp:term":[{"taxonomy":"category","embeddable":true,"href":"https:\/\/www.africanchallenges.com\/index.php?rest_route=%2Fwp%2Fv2%2Fcategories&post=45600"},{"taxonomy":"post_tag","embeddable":true,"href":"https:\/\/www.africanchallenges.com\/index.php?rest_route=%2Fwp%2Fv2%2Ftags&post=45600"}],"curies":[{"name":"wp","href":"https:\/\/api.w.org\/{rel}","templated":true}]}}