{"id":45406,"date":"2022-12-09T22:12:38","date_gmt":"2022-12-09T22:12:38","guid":{"rendered":"https:\/\/www.africanchallenges.com\/?p=45406"},"modified":"2022-12-09T23:08:53","modified_gmt":"2022-12-09T23:08:53","slug":"tunisie-quatre-nouveaux-portails-sur-le-passage-frontalier-de-ras-jedir","status":"publish","type":"post","link":"https:\/\/www.africanchallenges.com\/?p=45406","title":{"rendered":"Tunisie : Quatre nouveaux portails sur le passage frontalier de Ras Jedir"},"content":{"rendered":"\n<p class=\"wp-block-paragraph\">Quatre nouveaux \u00a0portails \u00a0viennent d\u2019\u00eatre ouverts \u00e0 Ras Jedir,\u00a0hier jeudi 8 d\u00e9cembre 2022, en vue d\u2019assurer plus de fluidit\u00e9 de la circulation entre la Tunisie et la Libye afin d\u2019offrir des services efficaces aux passagers entre les deux pays.<\/p>\n\n\n\n<p class=\"wp-block-paragraph\">L\u2019ouverture s\u2019inscrit dans le cadre \u00a0des derni\u00e8res conventions \u00a0entre le ministre du Transport, M. Rabie Majidi et le ministre du Transport du gouvernement national libyen, M. . Mohamed Salem Al -Chahbi, \u00e9manant des s\u00e9ances de travail du 14, 19, 19 juillet, 16 et 30 novembre 2022 visant \u00e0 am\u00e9liorer la qualit\u00e9 et l\u2019efficacit\u00e9 de ses services et \u00e0 le d\u00e9velopper davantage, en ad\u00e9quation avec le volume des transactions entre les deux pays lit-on dans un communiqu\u00e9 publi\u00e9 par le minist\u00e8re du transport.<\/p>\n\n\n\n<p class=\"wp-block-paragraph\">Ces quatre passages ont \u00e9t\u00e9 ouverts en pr\u00e9sence du gouverneur de M\u00e9denine, Sa\u00efd Ben Za\u00efd, des hauts responsables des minist\u00e8res de l\u2019Int\u00e9rieur et du Transport, de la douane tunisienne et libyenne.<\/p>\n","protected":false},"excerpt":{"rendered":"<p>Quatre nouveaux \u00a0portails \u00a0viennent d\u2019\u00eatre ouverts \u00e0 Ras Jedir,\u00a0hier jeudi 8 d\u00e9cembre 2022, en vue d\u2019assurer plus de fluidit\u00e9 de la circulation entre la Tunisie et la Libye afin d\u2019offrir des services efficaces aux passagers entre les deux pays. L\u2019ouverture s\u2019inscrit dans le cadre \u00a0des derni\u00e8res conventions \u00a0entre le ministre du Transport, M. Rabie Majidi [&hellip;]<\/p>\n","protected":false},"author":4,"featured_media":45416,"comment_status":"open","ping_status":"closed","sticky":false,"template":"","format":"standard","meta":{"content-type":"","jnews-multi-image_gallery":[],"jnews_single_post":{"subtitle":"","format":"standard","video":"","gallery":"","source_name":"","source_url":"","via_name":"","via_url":"","override_template":"0","override":[{"template":"1","single_blog_custom":"","parallax":"1","fullscreen":"1","layout":"right-sidebar","sidebar":"default-sidebar","second_sidebar":"default-sidebar","sticky_sidebar":"1","share_position":"top","share_float_style":"share-monocrhome","show_share_counter":"1","show_view_counter":"1","show_featured":"1","show_post_meta":"1","show_post_author":"1","show_post_author_image":"1","show_post_date":"1","post_date_format":"default","post_date_format_custom":"Y\/m\/d","show_post_category":"1","show_post_reading_time":"0","post_reading_time_wpm":"300","show_zoom_button":"0","zoom_button_out_step":"2","zoom_button_in_step":"3","show_post_tag":"1","show_prev_next_post":"1","show_popup_post":"1","number_popup_post":"1","show_author_box":"0","show_post_related":"0","show_inline_post_related":"0"}],"override_image_size":"0","image_override":[{"single_post_thumbnail_size":"crop-500","single_post_gallery_size":"crop-500"}],"trending_post":"0","trending_post_position":"meta","trending_post_label":"Trending","sponsored_post":"0","sponsored_post_label":"Sponsored by","sponsored_post_name":"","sponsored_post_url":"","sponsored_post_logo_enable":"0","sponsored_post_logo":"","sponsored_post_desc":"","disable_ad":"0"},"jnews_primary_category":{"id":"","hide":""},"jnews_override_bookmark_settings":[],"jnews_review":[],"enable_review":"","type":"","name":"","summary":"","brand":"","sku":"","good":[],"bad":[],"score_override":"","override_value":"","rating":[],"price":[],"jnews_post_split":[],"footnotes":""},"categories":[61],"tags":[9528,9527,8406],"class_list":["post-45406","post","type-post","status-publish","format-standard","has-post-thumbnail","hentry","category-societe","tag-passage-frontalier","tag-portails","tag-ras-jedir"],"_links":{"self":[{"href":"https:\/\/www.africanchallenges.com\/index.php?rest_route=\/wp\/v2\/posts\/45406","targetHints":{"allow":["GET"]}}],"collection":[{"href":"https:\/\/www.africanchallenges.com\/index.php?rest_route=\/wp\/v2\/posts"}],"about":[{"href":"https:\/\/www.africanchallenges.com\/index.php?rest_route=\/wp\/v2\/types\/post"}],"author":[{"embeddable":true,"href":"https:\/\/www.africanchallenges.com\/index.php?rest_route=\/wp\/v2\/users\/4"}],"replies":[{"embeddable":true,"href":"https:\/\/www.africanchallenges.com\/index.php?rest_route=%2Fwp%2Fv2%2Fcomments&post=45406"}],"version-history":[{"count":5,"href":"https:\/\/www.africanchallenges.com\/index.php?rest_route=\/wp\/v2\/posts\/45406\/revisions"}],"predecessor-version":[{"id":45418,"href":"https:\/\/www.africanchallenges.com\/index.php?rest_route=\/wp\/v2\/posts\/45406\/revisions\/45418"}],"wp:featuredmedia":[{"embeddable":true,"href":"https:\/\/www.africanchallenges.com\/index.php?rest_route=\/wp\/v2\/media\/45416"}],"wp:attachment":[{"href":"https:\/\/www.africanchallenges.com\/index.php?rest_route=%2Fwp%2Fv2%2Fmedia&parent=45406"}],"wp:term":[{"taxonomy":"category","embeddable":true,"href":"https:\/\/www.africanchallenges.com\/index.php?rest_route=%2Fwp%2Fv2%2Fcategories&post=45406"},{"taxonomy":"post_tag","embeddable":true,"href":"https:\/\/www.africanchallenges.com\/index.php?rest_route=%2Fwp%2Fv2%2Ftags&post=45406"}],"curies":[{"name":"wp","href":"https:\/\/api.w.org\/{rel}","templated":true}]}}