{"id":45369,"date":"2022-12-07T22:11:28","date_gmt":"2022-12-07T22:11:28","guid":{"rendered":"https:\/\/www.africanchallenges.com\/?p=45369"},"modified":"2022-12-07T22:15:32","modified_gmt":"2022-12-07T22:15:32","slug":"tunisie-lagence-francaise-de-developpement-fete-ses-30-ans-dactivite-en-tunisie","status":"publish","type":"post","link":"https:\/\/www.africanchallenges.com\/?p=45369","title":{"rendered":"Tunisie: L&rsquo;Agence Fran\u00e7aise de D\u00e9veloppement  f\u00eate ses 30 ans d&rsquo;activit\u00e9 en Tunisie"},"content":{"rendered":"\n<p class=\"wp-block-paragraph\"><strong>Quelques jours apr\u00e8s avoir souffl\u00e9 sa 81\u00e8me bougie, l&rsquo;Agence Fran\u00e7aise de D\u00e9veloppement a f\u00eat\u00e9 ses 30 ans d&rsquo;activit\u00e9 en Tunisi<em>e.<\/em><\/strong><\/p>\n\n\n\n<p class=\"wp-block-paragraph\">Une collaboration qui a vu le jour en 1992 et qui depuis, a donn\u00e9 lieu au financement de 200 projets repr\u00e9sentant 4 milliards d&rsquo;euros d&rsquo;engagements depuis trente ans (dont un milliard d&rsquo;euros sur les 6 derni\u00e8res ann\u00e9es). En plus d&rsquo;une coop\u00e9ration et d&rsquo;un soutien sans faille dans la transition \u00e9conomique, sociale et \u00e9cologique tunisienne.<\/p>\n\n\n\n<p class=\"wp-block-paragraph\">C&rsquo;est au sein de l&rsquo;INSAT (Institut national des sciences appliqu\u00e9es et de technologie) et entour\u00e9e des g\u00e9n\u00e9rations futures de la Tunisie que le Groupe AFD, compos\u00e9 de l&rsquo;Agence Fran\u00e7aise de D\u00e9veloppement, de Proparco, d&rsquo;Expertise France et de Digital Africa, a choisi de c\u00e9l\u00e9brer cette occasion.<\/p>\n\n\n\n<p class=\"wp-block-paragraph\">Une journ\u00e9e compl\u00e8te d&rsquo;activit\u00e9s intitul\u00e9e \u00a0\u00bb&nbsp;30 ans d&rsquo;actions en faveur de la jeunesse et de l&rsquo;entrepreneuriat en Tunisie&nbsp;\u00a0\u00bb et d\u00e9di\u00e9e aux jeunes \u00e9tudiants et entrepreneurs a \u00e9t\u00e9 organis\u00e9e ce mercredi 07 d\u00e9cembre 2022.<\/p>\n\n\n\n<p class=\"wp-block-paragraph\">Un \u00e9v\u00e8nement accueillant notamment le Ministre de la Formation professionnelle et de l&rsquo;Emploi, Monsieur Nasreddine NSIBI, le Ministre de l&rsquo;Enseignement Sup\u00e9rieur et de la Recherche Scientifique, M. Moncef BOUKTHIR, Son Excellence, Monsieur Andr\u00e9 PARANT, Ambassadeur de France en Tunisie, le Directeur Afrique de l&rsquo;AFD, Monsieur Christian YOKA, la Directrice du R\u00e9seau et membre du Comit\u00e9 Ex\u00e9cutif de Proparco, Mme. Myriam BRIGUI, le Directeur de l&rsquo;AFD en Tunisie, Monsieur Yazid SAFIR, ou encore le Directeur de l&rsquo;INSAT, Monsieur Samir HAMZA.<\/p>\n\n\n\n<p class=\"wp-block-paragraph\">Guid\u00e9e par son esprit d&rsquo;humanisme ind\u00e9l\u00e9bile et de lutte contre les in\u00e9galit\u00e9s, le Groupe AFD, n&rsquo;a cess\u00e9 au cours de ses ann\u00e9es d&rsquo;activit\u00e9s en Tunisie d&rsquo;\u00eatre un point d&rsquo;appui pour toute une jeunesse aspirant \u00e0 am\u00e9liorer et faire \u00e9voluer les choses. Environnement, promotion de l&rsquo;agriculture, formation des jeunes et lutte contre le changement climatique. L&rsquo;AFD n&rsquo;a jamais l\u00e9sin\u00e9 sur les moyens ni les efforts afin de venir en aide \u00e0 des acteurs nationaux d\u00e9sireux de faire avancer les choses, de casser les barri\u00e8res et r\u00e9duire les foss\u00e9s existants.<\/p>\n\n\n\n<p class=\"wp-block-paragraph\">Cet \u00e9v\u00e8nement a donc \u00e9t\u00e9 l&rsquo;occasion de r\u00e9unir plusieurs acteurs universitaires, financiers tunisiens et fran\u00e7ais, entrepreneurs et \u00e9galement des partenaires techniques pour \u00e0 la fois traiter des sujets de formation des jeunes, comme le panel autour l&rsquo;\u00e9volution de la formation d&rsquo;ing\u00e9nieurs en Tunisie, mais du \u00a0\u00bb&nbsp;Sport et d\u00e9veloppement&nbsp;\u00a0\u00bb \u00e0 l&rsquo;occasion du tournoi de basket organis\u00e9 pour les \u00e9tudiants de l&rsquo;INSAT.<\/p>\n\n\n\n<p class=\"wp-block-paragraph\">Une journ\u00e9e riche en enseignements, o\u00f9 de nombreux workshops et formations ont \u00e9t\u00e9 organis\u00e9s par les experts pr\u00e9sents sur place, \u00e0 l&rsquo;instar de Lab&rsquo;ess, l&rsquo;incubateur tunisien \u00e0 impact social et environnemental, The DOT, 1er hub d&rsquo;innovation digitale en Tunisie ou encore de Minassa, l&rsquo;incubateur de la sc\u00e8ne culturelle et cr\u00e9ative Tunisienne.<\/p>\n\n\n\n<p class=\"wp-block-paragraph\">L&rsquo;objectif de d\u00e9veloppement durable, v\u00e9ritable fer de lance de l&rsquo;AFD a \u00e9galement \u00e9t\u00e9 au c\u0153ur de cette journ\u00e9e, \u00e0 travers un concours d&rsquo;id\u00e9es entrepreneuriales contribuant ainsi au d\u00e9veloppement d&rsquo;id\u00e9es innovantes et r\u00e9pondant \u00e9galement aux d\u00e9fis du d\u00e9veloppement durable auxquelles les g\u00e9n\u00e9rations futures sont confront\u00e9es. Les laur\u00e9ats ont \u00e9t\u00e9 r\u00e9compens\u00e9s apr\u00e8s d\u00e9lib\u00e9ration d&rsquo;un jury compos\u00e9 d&rsquo;experts de l&rsquo;\u00e9cosyst\u00e8me entrepreneurial.<\/p>\n\n\n\n<p class=\"wp-block-paragraph\">L&rsquo;\u00e9v\u00e9nement a \u00e9galement \u00e9t\u00e9 l&rsquo;occasion de faire intervenir trois personnalit\u00e9s aux parcours professionnels inspirants,&nbsp;venus partager leur exp\u00e9rience avec un auditoire pr\u00e9sent en grand nombre : Mme Emna Kharouf, ancienne directrice de l&rsquo;Atuge et Associ\u00e9e Deloitte, Mme Lamia Fourati, Chief Strategy Officer du groupe OneTech, ainsi que M. Iheb Triki, co-fondateur et CEO de la prometteuse startup Kumulus.<\/p>\n\n\n\n<p class=\"wp-block-paragraph\">Enfin, la journ\u00e9e s&rsquo;est cl\u00f4tur\u00e9e avec le concert du duo \u00a0\u00bb&nbsp;Noor Arjoun x Selim Arjoun&nbsp;\u00a0\u00bb produit par Akacia Productions un des b\u00e9n\u00e9ficiaires du programme \u00a0\u00bb&nbsp;Afrique Cr\u00e9ative&nbsp;\u00a0\u00bb financ\u00e9 par le Groupe AFD au profit des entrepreneurs des industries culturelles et cr\u00e9atives.<\/p>\n\n\n\n<p class=\"wp-block-paragraph\">C&rsquo;est dire des efforts d\u00e9ploy\u00e9s par le Groupe AFD afin d&rsquo;aider la Tunisie \u00e0 faire face aux enjeux futurs qui se profilent.<\/p>\n\n\n\n<p class=\"wp-block-paragraph\"><strong>Avec<\/strong> <strong>Communiqu\u00e9<\/strong><\/p>\n","protected":false},"excerpt":{"rendered":"<p>Quelques jours apr\u00e8s avoir souffl\u00e9 sa 81\u00e8me bougie, l&rsquo;Agence Fran\u00e7aise de D\u00e9veloppement a f\u00eat\u00e9 ses 30 ans d&rsquo;activit\u00e9 en Tunisie. Une collaboration qui a vu le jour en 1992 et qui depuis, a donn\u00e9 lieu au financement de 200 projets repr\u00e9sentant 4 milliards d&rsquo;euros d&rsquo;engagements depuis trente ans (dont un milliard d&rsquo;euros sur les 6 [&hellip;]<\/p>\n","protected":false},"author":4,"featured_media":45371,"comment_status":"open","ping_status":"closed","sticky":false,"template":"","format":"standard","meta":{"content-type":"","jnews-multi-image_gallery":[],"jnews_single_post":{"subtitle":"","format":"standard","video":"","gallery":"","source_name":"","source_url":"","via_name":"","via_url":"","override_template":"0","override":[{"template":"1","single_blog_custom":"","parallax":"1","fullscreen":"1","layout":"right-sidebar","sidebar":"default-sidebar","second_sidebar":"default-sidebar","sticky_sidebar":"1","share_position":"top","share_float_style":"share-monocrhome","show_share_counter":"1","show_view_counter":"1","show_featured":"1","show_post_meta":"1","show_post_author":"1","show_post_author_image":"1","show_post_date":"1","post_date_format":"default","post_date_format_custom":"Y\/m\/d","show_post_category":"1","show_post_reading_time":"0","post_reading_time_wpm":"300","show_zoom_button":"0","zoom_button_out_step":"2","zoom_button_in_step":"3","show_post_tag":"1","show_prev_next_post":"1","show_popup_post":"1","number_popup_post":"1","show_author_box":"0","show_post_related":"0","show_inline_post_related":"0"}],"override_image_size":"0","image_override":[{"single_post_thumbnail_size":"crop-500","single_post_gallery_size":"crop-500"}],"trending_post":"0","trending_post_position":"meta","trending_post_label":"Trending","sponsored_post":"0","sponsored_post_label":"Sponsored by","sponsored_post_name":"","sponsored_post_url":"","sponsored_post_logo_enable":"0","sponsored_post_logo":"","sponsored_post_desc":"","disable_ad":"0"},"jnews_primary_category":{"id":"","hide":""},"jnews_override_bookmark_settings":[],"jnews_review":[],"enable_review":"","type":"","name":"","summary":"","brand":"","sku":"","good":[],"bad":[],"score_override":"","override_value":"","rating":[],"price":[],"jnews_post_split":[],"footnotes":""},"categories":[43,73],"tags":[4517,9522],"class_list":["post-45369","post","type-post","status-publish","format-standard","has-post-thumbnail","hentry","category-eco-business","category-eco","tag-activite","tag-lagence-francaise-de-developpement-2"],"_links":{"self":[{"href":"https:\/\/www.africanchallenges.com\/index.php?rest_route=\/wp\/v2\/posts\/45369","targetHints":{"allow":["GET"]}}],"collection":[{"href":"https:\/\/www.africanchallenges.com\/index.php?rest_route=\/wp\/v2\/posts"}],"about":[{"href":"https:\/\/www.africanchallenges.com\/index.php?rest_route=\/wp\/v2\/types\/post"}],"author":[{"embeddable":true,"href":"https:\/\/www.africanchallenges.com\/index.php?rest_route=\/wp\/v2\/users\/4"}],"replies":[{"embeddable":true,"href":"https:\/\/www.africanchallenges.com\/index.php?rest_route=%2Fwp%2Fv2%2Fcomments&post=45369"}],"version-history":[{"count":1,"href":"https:\/\/www.africanchallenges.com\/index.php?rest_route=\/wp\/v2\/posts\/45369\/revisions"}],"predecessor-version":[{"id":45370,"href":"https:\/\/www.africanchallenges.com\/index.php?rest_route=\/wp\/v2\/posts\/45369\/revisions\/45370"}],"wp:featuredmedia":[{"embeddable":true,"href":"https:\/\/www.africanchallenges.com\/index.php?rest_route=\/wp\/v2\/media\/45371"}],"wp:attachment":[{"href":"https:\/\/www.africanchallenges.com\/index.php?rest_route=%2Fwp%2Fv2%2Fmedia&parent=45369"}],"wp:term":[{"taxonomy":"category","embeddable":true,"href":"https:\/\/www.africanchallenges.com\/index.php?rest_route=%2Fwp%2Fv2%2Fcategories&post=45369"},{"taxonomy":"post_tag","embeddable":true,"href":"https:\/\/www.africanchallenges.com\/index.php?rest_route=%2Fwp%2Fv2%2Ftags&post=45369"}],"curies":[{"name":"wp","href":"https:\/\/api.w.org\/{rel}","templated":true}]}}