{"id":45231,"date":"2022-12-05T10:38:10","date_gmt":"2022-12-05T10:38:10","guid":{"rendered":"https:\/\/www.africanchallenges.com\/?p=45231"},"modified":"2022-12-05T10:38:54","modified_gmt":"2022-12-05T10:38:54","slug":"tunisie-ceremonie-douverture-de-la-23eme-edition-des-jtc","status":"publish","type":"post","link":"https:\/\/www.africanchallenges.com\/?p=45231","title":{"rendered":"Tunisie :  C\u00e9r\u00e9monie d\u2019ouverture\u00a0de la 23\u00e8me \u00e9dition des Journ\u00e9es Th\u00e9\u00e2trales de Carthage"},"content":{"rendered":"\n<p class=\"wp-block-paragraph\">Des animations musicales et des spectacles de rue ont illumin\u00e9, d\u00e9s les premi\u00e8res heures de l\u2019apr\u00e8s midi du samedi 3 d\u00e9cembre,&nbsp; l\u2019avenue principale de la capitale tunisienne Habib Bourguiba ainsi que les espaces ext\u00e9rieurs de la Cit\u00e9 de la Culture annon\u00e7ant ainsi les d\u00e9buts des festivit\u00e9s pour la 23<sup>\u00e8me<\/sup> \u00e9dition des Journ\u00e9es Th\u00e9\u00e2trales de Carthage,&nbsp; des journ\u00e9es co\u00efncidant cette ann\u00e9e avec l\u2019\u00e9v\u00e9nement de la Coupe du Monde. En d\u00e9pit de la liesse populaire pour le ballon rond,&nbsp; l\u2019engouement du public pour le 4<sup>\u00e8me<\/sup> art n\u2019a pas faibli et ils \u00e9taient&nbsp; nombreux \u00e0 assister aux diff\u00e9rentes festivit\u00e9s.<\/p>\n\n\n\n<p class=\"wp-block-paragraph\">En pr\u00e9sence des prestigieux invit\u00e9s, des artistes et d\u2019un large public, la c\u00e9r\u00e9monie d\u2019ouverture&nbsp; des JTC 2022 a d\u00e9marr\u00e9 \u00e0 19h&nbsp; dans la salle du Th\u00e9\u00e2tre de l\u2019Op\u00e9ra (Cit\u00e9 de la Culture)&nbsp; pr\u00e9sent\u00e9 par le journaliste Imed Dabbour.<\/p>\n\n\n\n<p class=\"wp-block-paragraph\">Sous le signe de la passion, les JTC 2022&nbsp; f\u00eateront le th\u00e9\u00e2tre et ses cr\u00e9ateurs tout en \u0153uvrant \u00e0 se d\u00e9velopper et se renouveler en vue de devenir un projet artistique&nbsp; qui participe activement dans le cycle \u00e9conomique du pays \u00e0 travers la mise en place d\u2019un march\u00e9 artistique arabe et africain, c\u2019est ainsi que la directrice des JTC, Nisaf Ben Hafsia a pr\u00e9sent\u00e9 les principaux axes de cette 23<sup>\u00e8me<\/sup>&nbsp; \u00e9dition.<\/p>\n\n\n\n<p class=\"wp-block-paragraph\">Avant de donner le coup d\u2019envoi de la 23 \u00e8me \u00e9dition des JTC, la ministre des affaires culturelles Dr.Hayet Ketat Guermazi a mis l\u2019accent sur l\u2019importance de cette manifestation qui a su au fil des ann\u00e9es se d\u00e9marquer et se forger une identit\u00e9 sur la sc\u00e8ne culturelle africaine et mondiale ajoutant que cette \u00e9dition sera l\u2019occasion de f\u00eater \u00e0 la fois le 4<sup>\u00e8me<\/sup> art mais aussi une occasion pour r\u00e9fl\u00e9chir sur la n\u00e9cessit\u00e9 de d\u00e9velopper le festival pour se transformer d\u2019une simple plateforme de spectacles vers un march\u00e9 des arts de spectacle.<\/p>\n\n\n\n<p class=\"wp-block-paragraph\">Au cours de la c\u00e9r\u00e9monie, un hommage posthume a \u00e9t\u00e9 rendu aux artistes et aux hommes qui ont marqu\u00e9 la sc\u00e8ne th\u00e9\u00e2trale tunisienne et qui nous ont quitt\u00e9 \u00e0 savoir&nbsp;: Hichem Rostom, Tawfik Bahri, Sadok Mejri, Mongi Tounsi, Ismail Bouslama, Bechir Khamouma, Adel Habbassi et Adel Megdiche.<\/p>\n\n\n\n<p class=\"wp-block-paragraph\">La c\u00e9r\u00e9monie a \u00e9t\u00e9 aussi ponctu\u00e9e par des interm\u00e8des musicaux sign\u00e9&nbsp; Yasser Jraidi&nbsp; Lobna Noomane et d\u2019un duo lyrique Amira Loubiri&nbsp; et Bruno Tukam accompagn\u00e9 par le pianiste Abdelmalek Loubiri. La danse- Th\u00e9\u00e2tre a \u00e9t\u00e9 aussi au rendez-vous avec un num\u00e9ro de claquette&nbsp; de Lotfi Bousadra ainsi qu\u2019une performance des deux acteurs Neji Kanawati et Hamouda Ben Hassine autour de l\u2019essence du th\u00e9\u00e2tre et de la magie de la sc\u00e8ne.<\/p>\n\n\n\n<p class=\"wp-block-paragraph\">En guise de cl\u00f4ture, des hommages ont \u00e9t\u00e9 attribu\u00e9s aux femmes et hommes de th\u00e9\u00e2tre&nbsp; qui ont contribu\u00e9 \u00e0 l\u2019essor de la sc\u00e8ne artistique arabe et africaine \u00e0 savoir l\u2019\u00e9gyptienne&nbsp; Souhir Morchedi, le tunisien Mohamed Yangui, le syrien Ayman Zayden, le malien Habib Demb\u00e9l\u00e9, l\u2019irakien Kacem Bayati, le tunisien Alaeddine Ayoub,<\/p>\n\n\n\n<p class=\"wp-block-paragraph\">D\u00e8s&nbsp; la fin de la c\u00e9r\u00e9monie d\u2019ouverture,&nbsp; le public a commenc\u00e9 \u00e0 assister aux spectacles avec&nbsp; deux pi\u00e8ces th\u00e9\u00e2trales tunisiennes \u00ab&nbsp;Moi, le Roi&nbsp;\u00bb de Moez Hamza et Chawq (Juste un sourire) de Hatem Derbal.&nbsp; Les spectacles se poursuivent dimanche 4 d\u00e9cembre avec la participation de plus de 20 pays jusqu\u2019au samedi 10 d\u00e9cembre prochain.<\/p>\n","protected":false},"excerpt":{"rendered":"<p>Des animations musicales et des spectacles de rue ont illumin\u00e9, d\u00e9s les premi\u00e8res heures de l\u2019apr\u00e8s midi du samedi 3 d\u00e9cembre,&nbsp; l\u2019avenue principale de la capitale tunisienne Habib Bourguiba ainsi que les espaces ext\u00e9rieurs de la Cit\u00e9 de la Culture annon\u00e7ant ainsi les d\u00e9buts des festivit\u00e9s pour la 23\u00e8me \u00e9dition des Journ\u00e9es Th\u00e9\u00e2trales de Carthage,&nbsp; [&hellip;]<\/p>\n","protected":false},"author":4,"featured_media":45232,"comment_status":"open","ping_status":"closed","sticky":false,"template":"","format":"standard","meta":{"content-type":"","jnews-multi-image_gallery":[],"jnews_single_post":{"subtitle":"","format":"standard","video":"","gallery":"","source_name":"","source_url":"","via_name":"","via_url":"","override_template":"0","override":[{"template":"1","single_blog_custom":"","parallax":"1","fullscreen":"1","layout":"right-sidebar","sidebar":"default-sidebar","second_sidebar":"default-sidebar","sticky_sidebar":"1","share_position":"top","share_float_style":"share-monocrhome","show_share_counter":"1","show_view_counter":"1","show_featured":"1","show_post_meta":"1","show_post_author":"1","show_post_author_image":"1","show_post_date":"1","post_date_format":"default","post_date_format_custom":"Y\/m\/d","show_post_category":"1","show_post_reading_time":"0","post_reading_time_wpm":"300","show_zoom_button":"0","zoom_button_out_step":"2","zoom_button_in_step":"3","show_post_tag":"1","show_prev_next_post":"1","show_popup_post":"1","number_popup_post":"1","show_author_box":"0","show_post_related":"0","show_inline_post_related":"0"}],"override_image_size":"0","image_override":[{"single_post_thumbnail_size":"crop-500","single_post_gallery_size":"crop-500"}],"trending_post":"0","trending_post_position":"meta","trending_post_label":"Trending","sponsored_post":"0","sponsored_post_label":"Sponsored by","sponsored_post_name":"","sponsored_post_url":"","sponsored_post_logo_enable":"0","sponsored_post_logo":"","sponsored_post_desc":"","disable_ad":"0"},"jnews_primary_category":{"id":"","hide":""},"jnews_override_bookmark_settings":[],"jnews_review":[],"enable_review":"","type":"","name":"","summary":"","brand":"","sku":"","good":[],"bad":[],"score_override":"","override_value":"","rating":[],"price":[],"jnews_post_split":[],"footnotes":""},"categories":[17],"tags":[229,1790,234],"class_list":["post-45231","post","type-post","status-publish","format-standard","has-post-thumbnail","hentry","category-entertainment","tag-ceremonie","tag-journees-theatrales-de-carthage","tag-ouverture"],"_links":{"self":[{"href":"https:\/\/www.africanchallenges.com\/index.php?rest_route=\/wp\/v2\/posts\/45231","targetHints":{"allow":["GET"]}}],"collection":[{"href":"https:\/\/www.africanchallenges.com\/index.php?rest_route=\/wp\/v2\/posts"}],"about":[{"href":"https:\/\/www.africanchallenges.com\/index.php?rest_route=\/wp\/v2\/types\/post"}],"author":[{"embeddable":true,"href":"https:\/\/www.africanchallenges.com\/index.php?rest_route=\/wp\/v2\/users\/4"}],"replies":[{"embeddable":true,"href":"https:\/\/www.africanchallenges.com\/index.php?rest_route=%2Fwp%2Fv2%2Fcomments&post=45231"}],"version-history":[{"count":3,"href":"https:\/\/www.africanchallenges.com\/index.php?rest_route=\/wp\/v2\/posts\/45231\/revisions"}],"predecessor-version":[{"id":45235,"href":"https:\/\/www.africanchallenges.com\/index.php?rest_route=\/wp\/v2\/posts\/45231\/revisions\/45235"}],"wp:featuredmedia":[{"embeddable":true,"href":"https:\/\/www.africanchallenges.com\/index.php?rest_route=\/wp\/v2\/media\/45232"}],"wp:attachment":[{"href":"https:\/\/www.africanchallenges.com\/index.php?rest_route=%2Fwp%2Fv2%2Fmedia&parent=45231"}],"wp:term":[{"taxonomy":"category","embeddable":true,"href":"https:\/\/www.africanchallenges.com\/index.php?rest_route=%2Fwp%2Fv2%2Fcategories&post=45231"},{"taxonomy":"post_tag","embeddable":true,"href":"https:\/\/www.africanchallenges.com\/index.php?rest_route=%2Fwp%2Fv2%2Ftags&post=45231"}],"curies":[{"name":"wp","href":"https:\/\/api.w.org\/{rel}","templated":true}]}}