{"id":45099,"date":"2022-11-30T16:40:06","date_gmt":"2022-11-30T16:40:06","guid":{"rendered":"https:\/\/www.africanchallenges.com\/?p=45099"},"modified":"2022-11-30T16:49:34","modified_gmt":"2022-11-30T16:49:34","slug":"tunisie-communique-du-syndicat-des-journalistes-tunisiens-suite-a-la-condamnation-de-khalifa-guesmi","status":"publish","type":"post","link":"https:\/\/www.africanchallenges.com\/?p=45099","title":{"rendered":"Tunisie : Communiqu\u00e9 du syndicat des journalistes tunisiens suite \u00e0 la condamnation de Khalifa Guesmi"},"content":{"rendered":"\n<p class=\"wp-block-paragraph\">La peine de prison \u00e0 l\u2019encontre du journaliste Khalifa Guesmi est un s\u00e9rieux revers pour la libert\u00e9 d\u2019opinion et d\u2019expression.<\/p>\n\n\n\n<p class=\"wp-block-paragraph\">Dans la continuit\u00e9 de la politique de criminalisation du travail journalistique et de violation des lois nationales et des engagements internationaux, la division sp\u00e9cialis\u00e9e dans les affaires terroristes , a condamn\u00e9&nbsp; le mardi, 29 novembre 2022 Khalifa Guesmi journaliste \u00e0 la radio mosa\u00efque fm \u00e0 un an d\u2019emprisonnement dans le cadre de la loi antiterroriste.<\/p>\n\n\n\n<p class=\"wp-block-paragraph\">Ces derniers mois, plusieurs officiers de&nbsp; la police judiciaire ont \u00e9cout\u00e9 des journalistes apr\u00e8s avoir port\u00e9 plainte contre eux sous la base de lois \u00e0 caract\u00e8re r\u00e9pressif, comme le Code p\u00e9nal et le d\u00e9cret 54, consid\u00e9r\u00e9 comme un indice dangereux de la tendance \u00e0 la criminalisation du travail journalistique.<\/p>\n\n\n\n<p class=\"wp-block-paragraph\">Cette situation est en totale contradiction avec les d\u00e9clarations du Pr\u00e9sident de la R\u00e9publique, qui pr\u00e9tend toujours qu\u2019il n\u2019y a pas de restrictions ou de proc\u00e8s contre les journalistes, alors que les faits prouvent&nbsp; le contraire.<\/p>\n\n\n\n<p class=\"wp-block-paragraph\">Le Syndicat national des journalistes tunisiens condamne le jugement&nbsp; rendu contre son coll\u00e8gue Khlifa Guesmi et le reste des jugements de d\u00e9tention dans des affaires de publication et d\u2019opinion rendues par la justice tunisienne et le consid\u00e8re comme un revers majeur pour le syst\u00e8me judiciaire.<\/p>\n\n\n\n<p class=\"wp-block-paragraph\">Le Syndicat met en garde contre la grave d\u00e9rive dans le traitement judiciaire des affaires li\u00e9es \u00e0 la libert\u00e9 de la presse et la consid\u00e8re comme une atteinte envers la d\u00e9mocratie et du respect des droits de l\u2019homme et des libert\u00e9s en Tunisie.<\/p>\n\n\n\n<p class=\"wp-block-paragraph\">Le Syndicat national des journalistes tunisiens d\u00e9nonce l\u2019abandon d\u00e9lib\u00e9r\u00e9 du d\u00e9cret 115 comme le seul texte par lequel les journalistes sont jug\u00e9s dans les affaires de publication, ce qui est consid\u00e9r\u00e9 comme une politique p\u00e9nale syst\u00e9matique visant \u00e0 restreindre la libert\u00e9 de la presse et d\u2019expression.<\/p>\n\n\n\n<p class=\"wp-block-paragraph\">Le Syndicat annonce le lancement d\u2019une campagne de plaidoyer aux niveaux local et international concernant le cas de Khalifa Guesmi et le reste des affaires d\u2019\u00e9dition et d\u2019opinion, dans le but de d\u00e9fendre les journalistes et de prot\u00e9ger la libert\u00e9 de la presse et d\u2019expression face aux attaques syst\u00e9matiques.<\/p>\n\n\n\n<p class=\"wp-block-paragraph\"><strong>Avec Communiqu\u00e9<\/strong><\/p>\n","protected":false},"excerpt":{"rendered":"<p>La peine de prison \u00e0 l\u2019encontre du journaliste Khalifa Guesmi est un s\u00e9rieux revers pour la libert\u00e9 d\u2019opinion et d\u2019expression. Dans la continuit\u00e9 de la politique de criminalisation du travail journalistique et de violation des lois nationales et des engagements internationaux, la division sp\u00e9cialis\u00e9e dans les affaires terroristes , a condamn\u00e9&nbsp; le mardi, 29 novembre [&hellip;]<\/p>\n","protected":false},"author":4,"featured_media":39710,"comment_status":"open","ping_status":"closed","sticky":false,"template":"","format":"standard","meta":{"content-type":"","jnews-multi-image_gallery":[],"jnews_single_post":{"subtitle":"","format":"standard","video":"","gallery":"","source_name":"","source_url":"","via_name":"","via_url":"","override_template":"0","override":[{"template":"1","single_blog_custom":"","parallax":"1","fullscreen":"1","layout":"right-sidebar","sidebar":"default-sidebar","second_sidebar":"default-sidebar","sticky_sidebar":"1","share_position":"top","share_float_style":"share-monocrhome","show_share_counter":"1","show_view_counter":"1","show_featured":"1","show_post_meta":"1","show_post_author":"1","show_post_author_image":"1","show_post_date":"1","post_date_format":"default","post_date_format_custom":"Y\/m\/d","show_post_category":"1","show_post_reading_time":"0","post_reading_time_wpm":"300","show_zoom_button":"0","zoom_button_out_step":"2","zoom_button_in_step":"3","show_post_tag":"1","show_prev_next_post":"1","show_popup_post":"1","number_popup_post":"1","show_author_box":"0","show_post_related":"0","show_inline_post_related":"0"}],"override_image_size":"0","image_override":[{"single_post_thumbnail_size":"crop-500","single_post_gallery_size":"crop-500"}],"trending_post":"0","trending_post_position":"meta","trending_post_label":"Trending","sponsored_post":"0","sponsored_post_label":"Sponsored by","sponsored_post_name":"","sponsored_post_url":"","sponsored_post_logo_enable":"0","sponsored_post_logo":"","sponsored_post_desc":"","disable_ad":"0"},"jnews_primary_category":{"id":"","hide":""},"jnews_override_bookmark_settings":[],"jnews_review":[],"enable_review":"","type":"","name":"","summary":"","brand":"","sku":"","good":[],"bad":[],"score_override":"","override_value":"","rating":[],"price":[],"jnews_post_split":[],"footnotes":""},"categories":[61],"tags":[839,9459,7709,9458],"class_list":["post-45099","post","type-post","status-publish","format-standard","has-post-thumbnail","hentry","category-societe","tag-communique","tag-condamnation","tag-khalifa-guesmi","tag-syndicat-des-journalistes-tunisiens"],"_links":{"self":[{"href":"https:\/\/www.africanchallenges.com\/index.php?rest_route=\/wp\/v2\/posts\/45099","targetHints":{"allow":["GET"]}}],"collection":[{"href":"https:\/\/www.africanchallenges.com\/index.php?rest_route=\/wp\/v2\/posts"}],"about":[{"href":"https:\/\/www.africanchallenges.com\/index.php?rest_route=\/wp\/v2\/types\/post"}],"author":[{"embeddable":true,"href":"https:\/\/www.africanchallenges.com\/index.php?rest_route=\/wp\/v2\/users\/4"}],"replies":[{"embeddable":true,"href":"https:\/\/www.africanchallenges.com\/index.php?rest_route=%2Fwp%2Fv2%2Fcomments&post=45099"}],"version-history":[{"count":1,"href":"https:\/\/www.africanchallenges.com\/index.php?rest_route=\/wp\/v2\/posts\/45099\/revisions"}],"predecessor-version":[{"id":45100,"href":"https:\/\/www.africanchallenges.com\/index.php?rest_route=\/wp\/v2\/posts\/45099\/revisions\/45100"}],"wp:featuredmedia":[{"embeddable":true,"href":"https:\/\/www.africanchallenges.com\/index.php?rest_route=\/wp\/v2\/media\/39710"}],"wp:attachment":[{"href":"https:\/\/www.africanchallenges.com\/index.php?rest_route=%2Fwp%2Fv2%2Fmedia&parent=45099"}],"wp:term":[{"taxonomy":"category","embeddable":true,"href":"https:\/\/www.africanchallenges.com\/index.php?rest_route=%2Fwp%2Fv2%2Fcategories&post=45099"},{"taxonomy":"post_tag","embeddable":true,"href":"https:\/\/www.africanchallenges.com\/index.php?rest_route=%2Fwp%2Fv2%2Ftags&post=45099"}],"curies":[{"name":"wp","href":"https:\/\/api.w.org\/{rel}","templated":true}]}}