{"id":44977,"date":"2022-11-25T19:42:59","date_gmt":"2022-11-25T19:42:59","guid":{"rendered":"https:\/\/www.africanchallenges.com\/?p=44977"},"modified":"2022-11-25T19:54:49","modified_gmt":"2022-11-25T19:54:49","slug":"la-tunisie-exhorte-la-france-a-assouplir-la-delivrance-des-visas","status":"publish","type":"post","link":"https:\/\/www.africanchallenges.com\/?p=44977","title":{"rendered":"La Tunisie exhorte la France \u00e0 assouplir la d\u00e9livrance des visas"},"content":{"rendered":"\n<p class=\"wp-block-paragraph\">Lors d\u2019un entretien avec la ministre de l\u2019Europe et des Affaires \u00e9trang\u00e8res, Catherine Colonna, en marge du sommet de la Francophonie, les 18 et 19 novembre &nbsp;, le ministre des Affaires \u00e9trang\u00e8res, de la Migration et des Tunisiens de l\u2019\u00e9tranger, Othman Jarandi, a appel\u00e9 la partie fran\u00e7aise \u00e0 opter pour plus de souplesse en mati\u00e8re de proc\u00e9dures d\u2019octroi du visa.<\/p>\n\n\n\n<p class=\"wp-block-paragraph\">Le ministre a exprim\u00e9 \u00ab le soulagement des autorit\u00e9s tunisiennes, envers la d\u00e9cision de la partie fran\u00e7aise, de lever les restrictions impos\u00e9es en mati\u00e8re de d\u00e9livrance de visa.<\/p>\n\n\n\n<p class=\"wp-block-paragraph\">S\u2019agissant de la question migratoire, le ministre a affirm\u00e9 \u00ab la n\u00e9cessit\u00e9 d\u2019opter pour une approche globale en la mati\u00e8re, ne reposant pas uniquement sur la dimension s\u00e9curitaire, mais aussi sur le concept de d\u00e9veloppement solidaire \u00bb.<\/p>\n\n\n\n<p class=\"wp-block-paragraph\">Othman Jarandi a affirm\u00e9 \u00ab la n\u00e9cessit\u00e9 de consolider les formes de coop\u00e9ration tuniso-fran\u00e7aise dans l\u2019ensemble des domaines, en en explorant des perspectives plus larges, ce qui est \u00e0 m\u00eame de conf\u00e9rer une nouvelle dynamique aux relations bilat\u00e9rales, et de r\u00e9pondre aux d\u00e9fis internationaux, qui requi\u00e8rent plus de solidarit\u00e9 et de coordination \u00bb.<\/p>\n\n\n\n<p class=\"wp-block-paragraph\">Il a appel\u00e9, \u00e0 cet effet, \u00e0 la tenue du conseil sup\u00e9rieur de coop\u00e9ration tuniso-fran\u00e7ais, \u00e9tant l\u2019un des principaux m\u00e9canismes de coop\u00e9ration bilat\u00e9rale entre les deux pays.<\/p>\n\n\n\n<p class=\"wp-block-paragraph\">Concernant la situation en Libye, le ministre a appel\u00e9 \u00e0 aider \u00e0 un r\u00e8glement sur la base des d\u00e9nominateurs communs entre les Libyens, en vue de parvenir \u00e0 une solution rendant sa stabilit\u00e9 \u00e0 la Libye, et \u00e0 m\u00eame de pr\u00e9venir toute exacerbation, \u00e0 m\u00eame d\u2019impacter la s\u00e9curit\u00e9 et la paix, notamment face aux r\u00e9percussions de la crise russe en Ukraine, et de la mont\u00e9e de la migration informelle. \u00bb.<\/p>\n","protected":false},"excerpt":{"rendered":"<p>Lors d\u2019un entretien avec la ministre de l\u2019Europe et des Affaires \u00e9trang\u00e8res, Catherine Colonna, en marge du sommet de la Francophonie, les 18 et 19 novembre &nbsp;, le ministre des Affaires \u00e9trang\u00e8res, de la Migration et des Tunisiens de l\u2019\u00e9tranger, Othman Jarandi, a appel\u00e9 la partie fran\u00e7aise \u00e0 opter pour plus de souplesse en mati\u00e8re [&hellip;]<\/p>\n","protected":false},"author":4,"featured_media":44978,"comment_status":"open","ping_status":"closed","sticky":false,"template":"","format":"standard","meta":{"content-type":"","jnews-multi-image_gallery":[],"jnews_single_post":{"subtitle":"","format":"standard","video":"","gallery":"","source_name":"","source_url":"","via_name":"","via_url":"","override_template":"0","override":[{"template":"1","single_blog_custom":"","parallax":"1","fullscreen":"1","layout":"right-sidebar","sidebar":"default-sidebar","second_sidebar":"default-sidebar","sticky_sidebar":"1","share_position":"top","share_float_style":"share-monocrhome","show_share_counter":"1","show_view_counter":"1","show_featured":"1","show_post_meta":"1","show_post_author":"1","show_post_author_image":"1","show_post_date":"1","post_date_format":"default","post_date_format_custom":"Y\/m\/d","show_post_category":"1","show_post_reading_time":"0","post_reading_time_wpm":"300","show_zoom_button":"0","zoom_button_out_step":"2","zoom_button_in_step":"3","show_post_tag":"1","show_prev_next_post":"1","show_popup_post":"1","number_popup_post":"1","show_author_box":"0","show_post_related":"0","show_inline_post_related":"0"}],"override_image_size":"0","image_override":[{"single_post_thumbnail_size":"crop-500","single_post_gallery_size":"crop-500"}],"trending_post":"0","trending_post_position":"meta","trending_post_label":"Trending","sponsored_post":"0","sponsored_post_label":"Sponsored by","sponsored_post_name":"","sponsored_post_url":"","sponsored_post_logo_enable":"0","sponsored_post_logo":"","sponsored_post_desc":"","disable_ad":"0"},"jnews_primary_category":{"id":"","hide":""},"jnews_override_bookmark_settings":[],"jnews_review":[],"enable_review":"","type":"","name":"","summary":"","brand":"","sku":"","good":[],"bad":[],"score_override":"","override_value":"","rating":[],"price":[],"jnews_post_split":[],"footnotes":""},"categories":[2],"tags":[9401,7573,2382],"class_list":["post-44977","post","type-post","status-publish","format-standard","has-post-thumbnail","hentry","category-news-politique","tag-catherine-colonna","tag-othman-jarandi","tag-visas"],"_links":{"self":[{"href":"https:\/\/www.africanchallenges.com\/index.php?rest_route=\/wp\/v2\/posts\/44977","targetHints":{"allow":["GET"]}}],"collection":[{"href":"https:\/\/www.africanchallenges.com\/index.php?rest_route=\/wp\/v2\/posts"}],"about":[{"href":"https:\/\/www.africanchallenges.com\/index.php?rest_route=\/wp\/v2\/types\/post"}],"author":[{"embeddable":true,"href":"https:\/\/www.africanchallenges.com\/index.php?rest_route=\/wp\/v2\/users\/4"}],"replies":[{"embeddable":true,"href":"https:\/\/www.africanchallenges.com\/index.php?rest_route=%2Fwp%2Fv2%2Fcomments&post=44977"}],"version-history":[{"count":1,"href":"https:\/\/www.africanchallenges.com\/index.php?rest_route=\/wp\/v2\/posts\/44977\/revisions"}],"predecessor-version":[{"id":44979,"href":"https:\/\/www.africanchallenges.com\/index.php?rest_route=\/wp\/v2\/posts\/44977\/revisions\/44979"}],"wp:featuredmedia":[{"embeddable":true,"href":"https:\/\/www.africanchallenges.com\/index.php?rest_route=\/wp\/v2\/media\/44978"}],"wp:attachment":[{"href":"https:\/\/www.africanchallenges.com\/index.php?rest_route=%2Fwp%2Fv2%2Fmedia&parent=44977"}],"wp:term":[{"taxonomy":"category","embeddable":true,"href":"https:\/\/www.africanchallenges.com\/index.php?rest_route=%2Fwp%2Fv2%2Fcategories&post=44977"},{"taxonomy":"post_tag","embeddable":true,"href":"https:\/\/www.africanchallenges.com\/index.php?rest_route=%2Fwp%2Fv2%2Ftags&post=44977"}],"curies":[{"name":"wp","href":"https:\/\/api.w.org\/{rel}","templated":true}]}}