{"id":44836,"date":"2022-11-21T13:55:35","date_gmt":"2022-11-21T13:55:35","guid":{"rendered":"https:\/\/www.africanchallenges.com\/?p=44836"},"modified":"2022-11-21T14:05:34","modified_gmt":"2022-11-21T14:05:34","slug":"tunisie-kais-saied-recoit-le-le-premier-ministre-du-quebec-francois-legault-et-salue-lintegration-reussie-des-tunisiens-dans-la-province-canadienne","status":"publish","type":"post","link":"https:\/\/www.africanchallenges.com\/?p=44836","title":{"rendered":"Tunisie : Kais Saied re\u00e7oit le le Premier ministre du Qu\u00e9bec, Fran\u00e7ois Legault  et salue l\u2019int\u00e9gration r\u00e9ussie des Tunisiens dans la province canadienne"},"content":{"rendered":"\n<p class=\"wp-block-paragraph\">Le pr\u00e9sident de la R\u00e9publique, Ka\u00efs Sa\u00efed, s\u2019est entretenu, dimanche 20 novembre \u00e0 l\u2019\u00cele de Djerba, avec le Premier ministre de la province canadienne du Qu\u00e9bec, Fran\u00e7ois Legault.<\/p>\n\n\n\n<p class=\"wp-block-paragraph\">Sa\u00efed s\u2019est dit soulag\u00e9 de \u00ab l\u2019int\u00e9gration r\u00e9ussie des Tunisiens dans la province du Qu\u00e9bec, et du niveau de l\u2019\u00e9change estudiantin et de la coop\u00e9ration bilat\u00e9rale dans le domaine de la recherche scientifique \u00bb.<\/p>\n\n\n\n<p class=\"wp-block-paragraph\">Il a exprim\u00e9 son \u00ab ambition de consolider davantage ces relations et de les diversifier, notamment dans les domaines \u00e9conomique, commercial, touristique et culturel \u00bb, a indiqu\u00e9 &nbsp;un communiqu\u00e9 de presse&nbsp; diffus\u00e9 par la pr\u00e9sidence de la R\u00e9publique.<\/p>\n\n\n\n<p class=\"wp-block-paragraph\">Fran\u00e7ois Legault a affirm\u00e9 \u00ab les dispositions de la province du Qu\u00e9bec \u00e0 renforcer ses relations avec la Tunisie, notamment en mati\u00e8re \u00e9conomique et commerciale, de l\u2019\u00e9conomie verte et des \u00e9nergies renouvelables \u00bb.<\/p>\n\n\n\n<p class=\"wp-block-paragraph\">Le &nbsp;Premier ministre &nbsp;canadien a \u00e9voqu\u00e9 \u00ab la participation massive des acteurs \u00e9conomiques de la province, au forum \u00e9conomique francophone et les rencontres fructueuses men\u00e9es avec des hommes d\u2019affaires tunisiens. \u00bb<\/p>\n\n\n\n<p class=\"wp-block-paragraph\">Fran\u00e7ois Legault a pr\u00e9sent\u00e9 ses f\u00e9licitations \u00e0 la Tunisie pour avoir r\u00e9ussi \u00e0 organiser le sommet de la Francophonie, saluant l\u2019hospitalit\u00e9, ainsi que la richesse des th\u00e9matiques et du d\u00e9bat lors du sommet.<\/p>\n\n\n\n<p class=\"wp-block-paragraph\">Le pr\u00e9sident de la r\u00e9publique a adress\u00e9 une invitation officielle \u00e0 Fran\u00e7ois Legault, de se rendre en&nbsp; Tunisie, chose \u00e0 laquelle le Premier ministre qu\u00e9b\u00e9cois a r\u00e9pondu favorablement.<\/p>\n","protected":false},"excerpt":{"rendered":"<p>Le pr\u00e9sident de la R\u00e9publique, Ka\u00efs Sa\u00efed, s\u2019est entretenu, dimanche 20 novembre \u00e0 l\u2019\u00cele de Djerba, avec le Premier ministre de la province canadienne du Qu\u00e9bec, Fran\u00e7ois Legault. Sa\u00efed s\u2019est dit soulag\u00e9 de \u00ab l\u2019int\u00e9gration r\u00e9ussie des Tunisiens dans la province du Qu\u00e9bec, et du niveau de l\u2019\u00e9change estudiantin et de la coop\u00e9ration bilat\u00e9rale dans [&hellip;]<\/p>\n","protected":false},"author":4,"featured_media":44837,"comment_status":"open","ping_status":"closed","sticky":false,"template":"","format":"standard","meta":{"content-type":"","jnews-multi-image_gallery":[],"jnews_single_post":{"subtitle":"","format":"standard","video":"","gallery":"","source_name":"","source_url":"","via_name":"","via_url":"","override_template":"0","override":[{"template":"1","single_blog_custom":"","parallax":"1","fullscreen":"1","layout":"right-sidebar","sidebar":"default-sidebar","second_sidebar":"default-sidebar","sticky_sidebar":"1","share_position":"top","share_float_style":"share-monocrhome","show_share_counter":"1","show_view_counter":"1","show_featured":"1","show_post_meta":"1","show_post_author":"1","show_post_author_image":"1","show_post_date":"1","post_date_format":"default","post_date_format_custom":"Y\/m\/d","show_post_category":"1","show_post_reading_time":"0","post_reading_time_wpm":"300","show_zoom_button":"0","zoom_button_out_step":"2","zoom_button_in_step":"3","show_post_tag":"1","show_prev_next_post":"1","show_popup_post":"1","number_popup_post":"1","show_author_box":"0","show_post_related":"0","show_inline_post_related":"0"}],"override_image_size":"0","image_override":[{"single_post_thumbnail_size":"crop-500","single_post_gallery_size":"crop-500"}],"trending_post":"0","trending_post_position":"meta","trending_post_label":"Trending","sponsored_post":"0","sponsored_post_label":"Sponsored by","sponsored_post_name":"","sponsored_post_url":"","sponsored_post_logo_enable":"0","sponsored_post_logo":"","sponsored_post_desc":"","disable_ad":"0"},"jnews_primary_category":{"id":""},"jnews_override_bookmark_settings":[],"jnews_review":[],"enable_review":"","type":"","name":"","summary":"","brand":"","sku":"","good":[],"bad":[],"score_override":"","override_value":"","rating":[],"price":[],"jnews_post_split":[],"footnotes":""},"categories":[2],"tags":[9419,1080],"class_list":["post-44836","post","type-post","status-publish","format-standard","has-post-thumbnail","hentry","category-news-politique","tag-francois-legault","tag-integration"],"_links":{"self":[{"href":"https:\/\/www.africanchallenges.com\/index.php?rest_route=\/wp\/v2\/posts\/44836","targetHints":{"allow":["GET"]}}],"collection":[{"href":"https:\/\/www.africanchallenges.com\/index.php?rest_route=\/wp\/v2\/posts"}],"about":[{"href":"https:\/\/www.africanchallenges.com\/index.php?rest_route=\/wp\/v2\/types\/post"}],"author":[{"embeddable":true,"href":"https:\/\/www.africanchallenges.com\/index.php?rest_route=\/wp\/v2\/users\/4"}],"replies":[{"embeddable":true,"href":"https:\/\/www.africanchallenges.com\/index.php?rest_route=%2Fwp%2Fv2%2Fcomments&post=44836"}],"version-history":[{"count":1,"href":"https:\/\/www.africanchallenges.com\/index.php?rest_route=\/wp\/v2\/posts\/44836\/revisions"}],"predecessor-version":[{"id":44838,"href":"https:\/\/www.africanchallenges.com\/index.php?rest_route=\/wp\/v2\/posts\/44836\/revisions\/44838"}],"wp:featuredmedia":[{"embeddable":true,"href":"https:\/\/www.africanchallenges.com\/index.php?rest_route=\/wp\/v2\/media\/44837"}],"wp:attachment":[{"href":"https:\/\/www.africanchallenges.com\/index.php?rest_route=%2Fwp%2Fv2%2Fmedia&parent=44836"}],"wp:term":[{"taxonomy":"category","embeddable":true,"href":"https:\/\/www.africanchallenges.com\/index.php?rest_route=%2Fwp%2Fv2%2Fcategories&post=44836"},{"taxonomy":"post_tag","embeddable":true,"href":"https:\/\/www.africanchallenges.com\/index.php?rest_route=%2Fwp%2Fv2%2Ftags&post=44836"}],"curies":[{"name":"wp","href":"https:\/\/api.w.org\/{rel}","templated":true}]}}