{"id":44451,"date":"2022-11-03T16:38:47","date_gmt":"2022-11-03T16:38:47","guid":{"rendered":"https:\/\/www.africanchallenges.com\/?p=44451"},"modified":"2022-11-05T11:34:25","modified_gmt":"2022-11-05T11:34:25","slug":"tunisie-journee-du-volontariat-francais-jvf-le-4-novembre-2022-a-linstitut-francais-de-tunisie","status":"publish","type":"post","link":"https:\/\/www.africanchallenges.com\/?p=44451","title":{"rendered":"Tunisie : Journ\u00e9e du Volontariat Fran\u00e7ais (JVF) , le 4 novembre 2022 \u00e0 l&rsquo;Institut Fran\u00e7ais de Tunisie"},"content":{"rendered":"\n<p class=\"wp-block-paragraph\">Chaque ann\u00e9e, la Journ\u00e9e du volontariat fran\u00e7ais (JVF) r\u00e9unit dans 23 pays aux quatre coins du monde&nbsp;: acteurs du volontariat, structures d\u2018accueil et d\u2019envoi, partenaires, volontaires locaux et internationaux \u2013 notamment fran\u00e7ais. Cet \u00e9v\u00e9nement cherche \u00e0 promouvoir un type d\u2019engagement original pour les jeunes, ancr\u00e9 dans des valeurs de solidarit\u00e9, de d\u00e9couverte et d\u2019\u00e9changes culturels, et \u00e0 fort impact.<\/p>\n\n\n\n<p class=\"wp-block-paragraph\">Plac\u00e9e sous le th\u00e8me \u00ab&nbsp;<strong>Nouvelles ambitions pour le volontariat&nbsp;<\/strong>\u00bb, l\u2019\u00e9dition 2022, organis\u00e9e par France Volontaires en partenariat avec l\u2019Ambassade de France, l\u2019Institut Fran\u00e7ais et Business France aura lieu le vendredi 4 novembre 2022 \u00e0 l\u2019Institut fran\u00e7ais de Tunis (IFT) de 14h30 \u00e0 17h30.<\/p>\n\n\n\n<p class=\"wp-block-paragraph\"><strong>Le volontariat international favorise une coop\u00e9ration de proximit\u00e9 et une compr\u00e9hension partag\u00e9e<\/strong>&nbsp;des enjeux. Il cr\u00e9e des liens sp\u00e9cifiques et concrets entre les soci\u00e9t\u00e9s. Il se d\u00e9cline en trois formules&nbsp;:<\/p>\n\n\n\n<p class=\"wp-block-paragraph\">&#8211;&nbsp;&nbsp;&nbsp;&nbsp;&nbsp;&nbsp;&nbsp;<strong>le volontariat international de solidarit\u00e9<\/strong>&nbsp;\u2013 pilot\u00e9 par la plateforme&nbsp;<strong>France Volontaires<\/strong>&nbsp;\u2013 a permis d\u2019envoyer en Tunisie plus de 1000 jeunes fran\u00e7ais entre 2018 et 2022 dans des collectivit\u00e9s locales, des coop\u00e9ratives et des associations sur l\u2019ensemble du territoire tunisien pour des projets li\u00e9s \u00e0 l\u2019\u00e9ducation, de l\u2019\u00e9galit\u00e9 entre les sexes, de l\u2019\u00e9nergie propre, de l\u2019industrie et de l\u2019innovation, la paix et la justice, la r\u00e9duction des in\u00e9galit\u00e9s ainsi que les probl\u00e9matiques environnementales.<\/p>\n\n\n\n<p class=\"wp-block-paragraph\">&#8211;&nbsp;&nbsp;&nbsp;&nbsp;&nbsp;&nbsp;&nbsp;g\u00e9r\u00e9 par Business France, le volontariat international en entreprise (VIE) ou en administration (VIA) est un dispositif qui permet aux jeunes fran\u00e7ais et ressortissants d&rsquo;un pays de l&rsquo;Espace Economique Europ\u00e9en, \u00e2g\u00e9s de 18 \u00e0 28 ans, de d\u00e9buter leur carri\u00e8re \u00e0 l\u2019international. C\u2019est un outil d\u2019insertion dans le monde du travail tr\u00e8s efficace&nbsp;: plus de 92% des volontaires \u00e9tant recrut\u00e9s \u00e0 l\u2019issue de leur exp\u00e9rience.<\/p>\n\n\n\n<p class=\"wp-block-paragraph\"><strong>En Tunisie,&nbsp;<\/strong><strong>o\u00f9 le dispositif est actif depuis plus de vingt ans, ce sont plus de 500 jeunes qui ont effectu\u00e9 une mission de VIE. Plus de 30 d\u2019entre eux sont actuellement en poste dans des administrations fran\u00e7aises et des entreprises implant\u00e9es en Tunisie.<\/strong><\/p>\n\n\n\n<p class=\"wp-block-paragraph\">Suivant le m\u00eame principe de mobilit\u00e9 professionnelle circulaire,&nbsp;<strong>l\u2019accord franco-tunisien<\/strong>&nbsp;sur les \u00ab&nbsp;Jeunes professionnels&nbsp;\u00bb de 2003, pilot\u00e9 par l\u2019Office fran\u00e7ais de l\u2019Immigration et de l\u2019Int\u00e9gration (OFII), permet \u00e0 de jeunes&nbsp;<strong>tunisiens d\u2019acqu\u00e9rir une exp\u00e9rience en France<\/strong>. Au moment de leur retour en Tunisie, ils peuvent demander \u00e0 b\u00e9n\u00e9ficier d\u2019une aide \u00e0 la r\u00e9insertion qui prend la forme d\u2019un soutien moral, administratif et financier \u00e0 leur projet professionnel.<\/p>\n\n\n\n<p class=\"wp-block-paragraph\"><strong>Lien&nbsp;:<\/strong><\/p>\n\n\n\n<p class=\"wp-block-paragraph\"><a href=\"https:\/\/www.facebook.com\/events\/654338112987329\/\">https:\/\/www.facebook.com\/events\/654338112987329\/<\/a><\/p>\n","protected":false},"excerpt":{"rendered":"<p>Chaque ann\u00e9e, la Journ\u00e9e du volontariat fran\u00e7ais (JVF) r\u00e9unit dans 23 pays aux quatre coins du monde&nbsp;: acteurs du volontariat, structures d\u2018accueil et d\u2019envoi, partenaires, volontaires locaux et internationaux \u2013 notamment fran\u00e7ais. Cet \u00e9v\u00e9nement cherche \u00e0 promouvoir un type d\u2019engagement original pour les jeunes, ancr\u00e9 dans des valeurs de solidarit\u00e9, de d\u00e9couverte et d\u2019\u00e9changes culturels, [&hellip;]<\/p>\n","protected":false},"author":4,"featured_media":44452,"comment_status":"open","ping_status":"closed","sticky":false,"template":"","format":"standard","meta":{"content-type":"","jnews-multi-image_gallery":[],"jnews_single_post":{"subtitle":"","format":"standard","video":"","gallery":"","source_name":"","source_url":"","via_name":"","via_url":"","override_template":"0","override":[{"template":"1","single_blog_custom":"","parallax":"1","fullscreen":"1","layout":"right-sidebar","sidebar":"default-sidebar","second_sidebar":"default-sidebar","sticky_sidebar":"1","share_position":"top","share_float_style":"share-monocrhome","show_share_counter":"1","show_view_counter":"1","show_featured":"1","show_post_meta":"1","show_post_author":"1","show_post_author_image":"1","show_post_date":"1","post_date_format":"default","post_date_format_custom":"Y\/m\/d","show_post_category":"1","show_post_reading_time":"0","post_reading_time_wpm":"300","show_zoom_button":"0","zoom_button_out_step":"2","zoom_button_in_step":"3","show_post_tag":"1","show_prev_next_post":"1","show_popup_post":"1","number_popup_post":"1","show_author_box":"0","show_post_related":"0","show_inline_post_related":"0"}],"override_image_size":"0","image_override":[{"single_post_thumbnail_size":"crop-500","single_post_gallery_size":"crop-500"}],"trending_post":"0","trending_post_position":"meta","trending_post_label":"Trending","sponsored_post":"0","sponsored_post_label":"Sponsored by","sponsored_post_name":"","sponsored_post_url":"","sponsored_post_logo_enable":"0","sponsored_post_logo":"","sponsored_post_desc":"","disable_ad":"0"},"jnews_primary_category":{"id":""},"jnews_override_bookmark_settings":[],"jnews_review":[],"enable_review":"","type":"","name":"","summary":"","brand":"","sku":"","good":[],"bad":[],"score_override":"","override_value":"","rating":[],"price":[],"jnews_post_split":[],"footnotes":""},"categories":[61],"tags":[9342],"class_list":["post-44451","post","type-post","status-publish","format-standard","has-post-thumbnail","hentry","category-societe","tag-journee-du-volontariat-francais"],"_links":{"self":[{"href":"https:\/\/www.africanchallenges.com\/index.php?rest_route=\/wp\/v2\/posts\/44451","targetHints":{"allow":["GET"]}}],"collection":[{"href":"https:\/\/www.africanchallenges.com\/index.php?rest_route=\/wp\/v2\/posts"}],"about":[{"href":"https:\/\/www.africanchallenges.com\/index.php?rest_route=\/wp\/v2\/types\/post"}],"author":[{"embeddable":true,"href":"https:\/\/www.africanchallenges.com\/index.php?rest_route=\/wp\/v2\/users\/4"}],"replies":[{"embeddable":true,"href":"https:\/\/www.africanchallenges.com\/index.php?rest_route=%2Fwp%2Fv2%2Fcomments&post=44451"}],"version-history":[{"count":2,"href":"https:\/\/www.africanchallenges.com\/index.php?rest_route=\/wp\/v2\/posts\/44451\/revisions"}],"predecessor-version":[{"id":44455,"href":"https:\/\/www.africanchallenges.com\/index.php?rest_route=\/wp\/v2\/posts\/44451\/revisions\/44455"}],"wp:featuredmedia":[{"embeddable":true,"href":"https:\/\/www.africanchallenges.com\/index.php?rest_route=\/wp\/v2\/media\/44452"}],"wp:attachment":[{"href":"https:\/\/www.africanchallenges.com\/index.php?rest_route=%2Fwp%2Fv2%2Fmedia&parent=44451"}],"wp:term":[{"taxonomy":"category","embeddable":true,"href":"https:\/\/www.africanchallenges.com\/index.php?rest_route=%2Fwp%2Fv2%2Fcategories&post=44451"},{"taxonomy":"post_tag","embeddable":true,"href":"https:\/\/www.africanchallenges.com\/index.php?rest_route=%2Fwp%2Fv2%2Ftags&post=44451"}],"curies":[{"name":"wp","href":"https:\/\/api.w.org\/{rel}","templated":true}]}}