{"id":43486,"date":"2022-09-22T21:53:47","date_gmt":"2022-09-22T21:53:47","guid":{"rendered":"https:\/\/www.africanchallenges.com\/?p=43486"},"modified":"2022-09-22T22:01:57","modified_gmt":"2022-09-22T22:01:57","slug":"tunisie-france-lambassadeur-de-france-en-tunisie-andre-parant-preside-la-ceremonie-de-pose-de-la-premiere-pierre-du-futur-nouvel-institut-francais-de-sousse","status":"publish","type":"post","link":"https:\/\/www.africanchallenges.com\/?p=43486","title":{"rendered":"Tunisie-France : L&rsquo;ambassadeur de France en Tunisie , Andr\u00e9 Parant pr\u00e9side la c\u00e9r\u00e9monie de pose de la premi\u00e8re pierre du futur nouvel Institut fran\u00e7ais de Sousse"},"content":{"rendered":"\n<p class=\"wp-block-paragraph\">L\u2019Ambassadeur Andr\u00e9 Parant a pr\u00e9sid\u00e9 ce jeudi 22 septembre 2022, &nbsp;la c\u00e9r\u00e9monie de pose de la premi\u00e8re pierre du futur nouvel Institut fran\u00e7ais de Sousse .<\/p>\n\n\n\n<p class=\"wp-block-paragraph\">Install\u00e9 dans l\u2019ancienne \u00e9cole Guy de Maupassant, ce nouvel espace culturel et \u00e9ducatif rattach\u00e9 \u00e0 l\u2019Institut fran\u00e7ais de Tunisie, ouvrira ses portes au public en septembre 2023. Dot\u00e9 d&rsquo;installations modernes (centre de langues complet, espace Campus France,&nbsp; cin\u00e9ma de 100 places, grande m\u00e9diath\u00e8que, salle d&rsquo;exposition, caf\u00e9t\u00e9ria), il accueillera un tr\u00e8s large public, jeunes, \u00e9tudiants, associations, artistes, etc. et rayonnera dans l&rsquo;ensemble de la r\u00e9gion de Sousse..<\/p>\n\n\n\n<p class=\"wp-block-paragraph\">Enfin, ce lieu ambitionne d\u2019\u00eatre exemplaire sur le plan \u00e9nerg\u00e9tique \u00e0 travers, notamment, l\u2019installation de panneaux photovolta\u00efques et le label \u00ab Institut vert \u00bb.<\/p>\n\n\n\n<p class=\"wp-block-paragraph\">&nbsp; La c\u00e9r\u00e9monie de lancement des travaux s\u2019est faite en pr\u00e9sence du gouverneur de Sousse, du maire de la ville et des partenaires de l&rsquo;institut fran\u00e7ais de Tunisie (associations, acteurs culturels, entreprises et artistes.)<\/p>\n","protected":false},"excerpt":{"rendered":"<p>L\u2019Ambassadeur Andr\u00e9 Parant a pr\u00e9sid\u00e9 ce jeudi 22 septembre 2022, &nbsp;la c\u00e9r\u00e9monie de pose de la premi\u00e8re pierre du futur nouvel Institut fran\u00e7ais de Sousse . Install\u00e9 dans l\u2019ancienne \u00e9cole Guy de Maupassant, ce nouvel espace culturel et \u00e9ducatif rattach\u00e9 \u00e0 l\u2019Institut fran\u00e7ais de Tunisie, ouvrira ses portes au public en septembre 2023. Dot\u00e9 d&rsquo;installations [&hellip;]<\/p>\n","protected":false},"author":4,"featured_media":43487,"comment_status":"open","ping_status":"closed","sticky":false,"template":"","format":"standard","meta":{"content-type":"","jnews-multi-image_gallery":[],"jnews_single_post":{"subtitle":"","format":"standard","video":"","gallery":"","source_name":"","source_url":"","via_name":"","via_url":"","override_template":"0","override":[{"template":"1","single_blog_custom":"","parallax":"1","fullscreen":"1","layout":"right-sidebar","sidebar":"default-sidebar","second_sidebar":"default-sidebar","sticky_sidebar":"1","share_position":"top","share_float_style":"share-monocrhome","show_share_counter":"1","show_view_counter":"1","show_featured":"1","show_post_meta":"1","show_post_author":"1","show_post_author_image":"1","show_post_date":"1","post_date_format":"default","post_date_format_custom":"Y\/m\/d","show_post_category":"1","show_post_reading_time":"0","post_reading_time_wpm":"300","show_zoom_button":"0","zoom_button_out_step":"2","zoom_button_in_step":"3","show_post_tag":"1","show_prev_next_post":"1","show_popup_post":"1","number_popup_post":"1","show_author_box":"0","show_post_related":"0","show_inline_post_related":"0"}],"override_image_size":"0","image_override":[{"single_post_thumbnail_size":"crop-500","single_post_gallery_size":"crop-500"}],"trending_post":"0","trending_post_position":"meta","trending_post_label":"Trending","sponsored_post":"0","sponsored_post_label":"Sponsored by","sponsored_post_name":"","sponsored_post_url":"","sponsored_post_logo_enable":"0","sponsored_post_logo":"","sponsored_post_desc":"","disable_ad":"0"},"jnews_primary_category":{"id":""},"jnews_override_bookmark_settings":[],"jnews_review":[],"enable_review":"","type":"","name":"","summary":"","brand":"","sku":"","good":[],"bad":[],"score_override":"","override_value":"","rating":[],"price":[],"jnews_post_split":[],"footnotes":""},"categories":[5],"tags":[6001,229,9121],"class_list":["post-43486","post","type-post","status-publish","format-standard","has-post-thumbnail","hentry","category-edufor","tag-andre-parant","tag-ceremonie","tag-institut-francais-de-sousse"],"_links":{"self":[{"href":"https:\/\/www.africanchallenges.com\/index.php?rest_route=\/wp\/v2\/posts\/43486","targetHints":{"allow":["GET"]}}],"collection":[{"href":"https:\/\/www.africanchallenges.com\/index.php?rest_route=\/wp\/v2\/posts"}],"about":[{"href":"https:\/\/www.africanchallenges.com\/index.php?rest_route=\/wp\/v2\/types\/post"}],"author":[{"embeddable":true,"href":"https:\/\/www.africanchallenges.com\/index.php?rest_route=\/wp\/v2\/users\/4"}],"replies":[{"embeddable":true,"href":"https:\/\/www.africanchallenges.com\/index.php?rest_route=%2Fwp%2Fv2%2Fcomments&post=43486"}],"version-history":[{"count":3,"href":"https:\/\/www.africanchallenges.com\/index.php?rest_route=\/wp\/v2\/posts\/43486\/revisions"}],"predecessor-version":[{"id":43491,"href":"https:\/\/www.africanchallenges.com\/index.php?rest_route=\/wp\/v2\/posts\/43486\/revisions\/43491"}],"wp:featuredmedia":[{"embeddable":true,"href":"https:\/\/www.africanchallenges.com\/index.php?rest_route=\/wp\/v2\/media\/43487"}],"wp:attachment":[{"href":"https:\/\/www.africanchallenges.com\/index.php?rest_route=%2Fwp%2Fv2%2Fmedia&parent=43486"}],"wp:term":[{"taxonomy":"category","embeddable":true,"href":"https:\/\/www.africanchallenges.com\/index.php?rest_route=%2Fwp%2Fv2%2Fcategories&post=43486"},{"taxonomy":"post_tag","embeddable":true,"href":"https:\/\/www.africanchallenges.com\/index.php?rest_route=%2Fwp%2Fv2%2Ftags&post=43486"}],"curies":[{"name":"wp","href":"https:\/\/api.w.org\/{rel}","templated":true}]}}