{"id":43482,"date":"2022-09-22T20:38:18","date_gmt":"2022-09-22T20:38:18","guid":{"rendered":"https:\/\/www.africanchallenges.com\/?p=43482"},"modified":"2022-09-22T21:57:22","modified_gmt":"2022-09-22T21:57:22","slug":"la-tunisie-presentera-sa-strategie-de-neutralite-carbone-et-de-resilience-au-changement-climatique-a-lhorizon-2050-a-la-conference-des-parties-des-nations-unies-sur-les-changements-climatique","status":"publish","type":"post","link":"https:\/\/www.africanchallenges.com\/?p=43482","title":{"rendered":"La Tunisie pr\u00e9sentera sa strat\u00e9gie de neutralit\u00e9 carbone et de r\u00e9silience au changement climatique \u00e0 l\u2019horizon 2050 \u00e0 la Conf\u00e9rence des parties des Nations unies sur les changements climatiques (COP27)"},"content":{"rendered":"\n<p class=\"wp-block-paragraph\">Une d\u00e9l\u00e9gation tunisienne compos\u00e9e d\u2019environ 40 personnes participera \u00e0 la COP27 qui se tiendra du 6 au 18 novembre 2022 \u00e0 Charm El-Cheikh (Egypte), \u00e0 savoir des repr\u00e9sentants de plusieurs minist\u00e8res (Affaires \u00e9trang\u00e8res, Environnement, Finances, Economie, Industrie, Agriculture, Sant\u00e9, Tourisme, Enseignement sup\u00e9rieur \u2026), outre des organisations nationales (UTICA et UGTT), de la soci\u00e9t\u00e9 civile, des experts nationaux et internationaux, et des jeunes n\u00e9gociateurs&#8230;<\/p>\n\n\n\n<p class=\"wp-block-paragraph\">Mohamed Zmerli, point focal de la Convention-cadre de l\u2019ONU sur les changements climatiques (CCNUCC)a indiqu\u00e9 que \u00a0\u201d la d\u00e9l\u00e9gation Tunisienne se d\u00e9placera \u00e0 Charm El-Cheikh (Egypte) pour contribuer \u00e0 la prise de d\u00e9cision relative \u00e0 l\u2019ex\u00e9cution, le suivi et l\u2019\u00e9valuation des conventions des Nations Unies sur le changement climatique \u201c.<\/p>\n\n\n\n<p class=\"wp-block-paragraph\">Au programme de la COP 27, trois ateliers techniques&nbsp;:<\/p>\n\n\n\n<p class=\"wp-block-paragraph\">Dans le cadre des \u00e9v\u00e9nements parall\u00e8les qui seront organis\u00e9s \u00e0 l\u2019occasion de la COP 27, Zmerli a soulign\u00e9 que la Tunisie pr\u00e9voit, jusqu\u2019\u00e0 pr\u00e9sent, d\u2019organiser trois ateliers techniques, faisant savoir que le nombre de r\u00e9unions peut accroitre selon les requ\u00eates d\u00e9pos\u00e9es.<\/p>\n\n\n\n<p class=\"wp-block-paragraph\">Le premier atelier qui sera organis\u00e9 en partenariat avec le PNUD aura pour th\u00e8me : \u201d La participation de secteur priv\u00e9 et le r\u00f4le de l\u2019investissement priv\u00e9 dans la r\u00e9alisation des politiques environnementales \u201c.<\/p>\n\n\n\n<p class=\"wp-block-paragraph\">Ce conclave sera marqu\u00e9 par la participation de plusieurs op\u00e9rateurs tunisiens ; \u00e0 l\u2019instar de l\u2019Union Tunisienne de l\u2019industrie, du commerce et de l\u2019artisanat (UTICA) et l\u2019Instance g\u00e9n\u00e9rale des partenariats public-priv\u00e9 (IGPPP)\u2026.<\/p>\n\n\n\n<p class=\"wp-block-paragraph\">Deux autres ateliers techniques sont pr\u00e9vus, dans le cadre de la COP 27, et ce, en partenariat avec l\u2019Organisation international De travail (OIT), l\u2019Organisation internationale de la francophonie (OIF) et l\u2019Organisation islamique pour la s\u00e9curit\u00e9 alimentaire (OISA).<\/p>\n\n\n\n<p class=\"wp-block-paragraph\">Ces \u00e9v\u00e8nements auront pour th\u00e8me : \u201d Le r\u00f4le des structures environnementales et les plans de travail pour renforcer l\u2019ambition climatique \u201d et \u201d l\u2019impact du changement climatique sur la s\u00e9curit\u00e9 alimentaire \u201c.<\/p>\n\n\n\n<p class=\"wp-block-paragraph\">Ces \u00e9v\u00e8nements constituent, selon lui, une occasion, pour \u00e9valuer les besoins et les difficult\u00e9s auxquelles fait face la Tunisie, notamment les impacts des changements climatiques et une opportunit\u00e9 pour tirer profit des expertises des autres pays dans ce secteur, a-t-il soulign\u00e9.<\/p>\n","protected":false},"excerpt":{"rendered":"<p>Une d\u00e9l\u00e9gation tunisienne compos\u00e9e d\u2019environ 40 personnes participera \u00e0 la COP27 qui se tiendra du 6 au 18 novembre 2022 \u00e0 Charm El-Cheikh (Egypte), \u00e0 savoir des repr\u00e9sentants de plusieurs minist\u00e8res (Affaires \u00e9trang\u00e8res, Environnement, Finances, Economie, Industrie, Agriculture, Sant\u00e9, Tourisme, Enseignement sup\u00e9rieur \u2026), outre des organisations nationales (UTICA et UGTT), de la soci\u00e9t\u00e9 civile, des [&hellip;]<\/p>\n","protected":false},"author":4,"featured_media":43483,"comment_status":"open","ping_status":"closed","sticky":false,"template":"","format":"standard","meta":{"content-type":"","jnews-multi-image_gallery":[],"jnews_single_post":{"subtitle":"","format":"standard","video":"","gallery":"","source_name":"","source_url":"","via_name":"","via_url":"","override_template":"0","override":[{"template":"1","single_blog_custom":"","parallax":"1","fullscreen":"1","layout":"right-sidebar","sidebar":"default-sidebar","second_sidebar":"default-sidebar","sticky_sidebar":"1","share_position":"top","share_float_style":"share-monocrhome","show_share_counter":"1","show_view_counter":"1","show_featured":"1","show_post_meta":"1","show_post_author":"1","show_post_author_image":"1","show_post_date":"1","post_date_format":"default","post_date_format_custom":"Y\/m\/d","show_post_category":"1","show_post_reading_time":"0","post_reading_time_wpm":"300","show_zoom_button":"0","zoom_button_out_step":"2","zoom_button_in_step":"3","show_post_tag":"1","show_prev_next_post":"1","show_popup_post":"1","number_popup_post":"1","show_author_box":"0","show_post_related":"0","show_inline_post_related":"0"}],"override_image_size":"0","image_override":[{"single_post_thumbnail_size":"crop-500","single_post_gallery_size":"crop-500"}],"trending_post":"0","trending_post_position":"meta","trending_post_label":"Trending","sponsored_post":"0","sponsored_post_label":"Sponsored by","sponsored_post_name":"","sponsored_post_url":"","sponsored_post_logo_enable":"0","sponsored_post_logo":"","sponsored_post_desc":"","disable_ad":"0"},"jnews_primary_category":{"id":""},"jnews_override_bookmark_settings":[],"jnews_review":[],"enable_review":"","type":"","name":"","summary":"","brand":"","sku":"","good":[],"bad":[],"score_override":"","override_value":"","rating":[],"price":[],"jnews_post_split":[],"footnotes":""},"categories":[61],"tags":[1834,9120,3789,7855,54],"class_list":["post-43482","post","type-post","status-publish","format-standard","has-post-thumbnail","hentry","category-societe","tag-changement-climatique","tag-cop27","tag-neutralite-carbone","tag-strategie","tag-tunisie"],"_links":{"self":[{"href":"https:\/\/www.africanchallenges.com\/index.php?rest_route=\/wp\/v2\/posts\/43482","targetHints":{"allow":["GET"]}}],"collection":[{"href":"https:\/\/www.africanchallenges.com\/index.php?rest_route=\/wp\/v2\/posts"}],"about":[{"href":"https:\/\/www.africanchallenges.com\/index.php?rest_route=\/wp\/v2\/types\/post"}],"author":[{"embeddable":true,"href":"https:\/\/www.africanchallenges.com\/index.php?rest_route=\/wp\/v2\/users\/4"}],"replies":[{"embeddable":true,"href":"https:\/\/www.africanchallenges.com\/index.php?rest_route=%2Fwp%2Fv2%2Fcomments&post=43482"}],"version-history":[{"count":1,"href":"https:\/\/www.africanchallenges.com\/index.php?rest_route=\/wp\/v2\/posts\/43482\/revisions"}],"predecessor-version":[{"id":43484,"href":"https:\/\/www.africanchallenges.com\/index.php?rest_route=\/wp\/v2\/posts\/43482\/revisions\/43484"}],"wp:featuredmedia":[{"embeddable":true,"href":"https:\/\/www.africanchallenges.com\/index.php?rest_route=\/wp\/v2\/media\/43483"}],"wp:attachment":[{"href":"https:\/\/www.africanchallenges.com\/index.php?rest_route=%2Fwp%2Fv2%2Fmedia&parent=43482"}],"wp:term":[{"taxonomy":"category","embeddable":true,"href":"https:\/\/www.africanchallenges.com\/index.php?rest_route=%2Fwp%2Fv2%2Fcategories&post=43482"},{"taxonomy":"post_tag","embeddable":true,"href":"https:\/\/www.africanchallenges.com\/index.php?rest_route=%2Fwp%2Fv2%2Ftags&post=43482"}],"curies":[{"name":"wp","href":"https:\/\/api.w.org\/{rel}","templated":true}]}}