{"id":43478,"date":"2022-09-22T19:33:49","date_gmt":"2022-09-22T19:33:49","guid":{"rendered":"https:\/\/www.africanchallenges.com\/?p=43478"},"modified":"2022-09-22T19:36:28","modified_gmt":"2022-09-22T19:36:28","slug":"tunisie-arts-et-culture-au-forum-international-des-sciences-humaines-et-sociales","status":"publish","type":"post","link":"https:\/\/www.africanchallenges.com\/?p=43478","title":{"rendered":"Tunisie : Arts et Culture au Forum international des Sciences humaines et sociales"},"content":{"rendered":"\n<p class=\"wp-block-paragraph\">Du 20 au 24 septembre en cours, le Forum international des Sciences humaines et sociale r\u00e9serve, au chapitre \u00ab&nbsp;Films Insaniyyat&nbsp;\u00bb, un espace important pour le cin\u00e9ma en programmant de nombreux films \u00e0 caract\u00e8re social, politique et autre, en rapport avec des crises et des causes v\u00e9cues par le pr\u00e9sent.<\/p>\n\n\n\n<p class=\"wp-block-paragraph\">Avant la projection du film de Jilani Sa\u00e2di, \u00abInsurrection&nbsp;\u00bb, qui a ouvert ledit festival \u00ab&nbsp;Films Insaniyyat&nbsp;\u00bb, mardi 20 septembre 2022, \u00e0 la Cit\u00e9 de la Culture, un spectacle de Slam a \u00e9t\u00e9 anim\u00e9 par Hatem Karoui, \u00e9voquant la notion de crises aussi. Un film qui a re\u00e7u le Tanit de bronze lors de la 32<sup>\u00e8me<\/sup> \u00e9dition des&nbsp; JCC en 2021, et le prix de la meilleure \u0153uvre au Festival&nbsp; \u00ab&nbsp;Gab\u00e8s&nbsp;Cin\u00e9ma Fen&nbsp;\u00bb, en 2022, et suivi d\u2019un d\u00e9bat.<\/p>\n\n\n\n<p class=\"wp-block-paragraph\">Pour ce \u00ab&nbsp;Films Insaniyyat&nbsp;\u00bb, deux volets le caract\u00e9riseront, le premier avec des films qui ont marqu\u00e9 les JCC depuis leur cr\u00e9ation en 1966 dont celui de Naceur Khmir \u00ab Les baliseurs du d\u00e9sert&nbsp;\u00bb, celui des Fadhel, Ja\u00efbi et Jaziri \u00abArab&nbsp;\u00bb, etc.<\/p>\n\n\n\n<p class=\"wp-block-paragraph\">Les autres sont en rapport avec diverses crises v\u00e9cues et transmises \u00e0 l\u2019\u00e9cran, parmi lesquels trois courts-m\u00e9trages de la d\u00e9funte Atyat Al-Abnoudi, \u00ab&nbsp;La femme du fossoyeur&nbsp;\u00bb, de Khadar Ayderus Ahmed, qui a \u00e9t\u00e9 le premier \u00e0 \u00eatre s\u00e9lectionn\u00e9 au nom de la Somalie lors des JCC de 2021, et dont le h\u00e9ros a \u00e9t\u00e9 prim\u00e9 du meilleur r\u00f4le lors de ces JCC.<a><\/a><\/p>\n\n\n\n<p class=\"wp-block-paragraph\">Mais aussi \u00ab&nbsp;Ahlam al-madina&nbsp;\u00bb, d\u2019Ahmed Mallass, \u00ab&nbsp;Felicit\u00e9&nbsp;\u00bb, d\u2019Alain Gomis, \u00ab&nbsp;Finye&nbsp;\u00bb, de Souleymane Ciss\u00e9, ou \u00ab&nbsp;La Noire de\u2026&nbsp;\u00bb, du p\u00e8re du cin\u00e9ma africain Ousm\u00e8ne Semb\u00e8ne.<\/p>\n\n\n\n<p class=\"wp-block-paragraph\">Les jours suivants et avec une moyenne de trois films par jour, ce festival permet une autre lecture des crises v\u00e9cues, sous l\u2019\u0153il artistique et esth\u00e9tique des cin\u00e9astes, et sous diff\u00e9rents angles.<\/p>\n\n\n\n<p class=\"wp-block-paragraph\">Entre le 21 et le 23 septembre, \u00e0 la facult\u00e9 des Lettres, des Arts et des Humanit\u00e9s de La Manouba, \u00e0 l\u2019amphith\u00e9\u00e2tre Ibn Khaldoun, les \u00e9tudiants auront l\u2019occasion de d\u00e9battre et de discuter avec les r\u00e9alisateurs de quelques films dont Salma Baccar et son film \u00ab&nbsp;Fatma&nbsp;\u00bb, \u00ab&nbsp;Raconte ton histoire, petit oiseau&nbsp;\u00bb, de Arab Lotfi, \u00ab&nbsp;La terre parle arabe&nbsp;\u00bb, de Marys Gargour, \u00ab&nbsp;Paroles de Damasc\u00e8nes&nbsp;\u00bb, de Randi Dagoulham, et \u00ab&nbsp;Le territoire d\u2019exil Ouza\u00ef&nbsp;\u00bb, de Robi Ga\u00efdeby.<\/p>\n\n\n\n<p class=\"wp-block-paragraph\">D\u2019autre part, le Forum \u00ab&nbsp;Insaniyyat&nbsp;\u00bb a r\u00e9serv\u00e9 une part importante aux colloques, tables rondes et ateliers traitant de diff\u00e9rents volets des crises v\u00e9cues \u00e0 travers le monde, et ce, par le biais de recherches, d\u2019\u00e9tudes et d\u2019analyses acad\u00e9miques.<\/p>\n\n\n\n<p class=\"wp-block-paragraph\">Parmi celles-ci, l\u2019intervention du professeur Sami Ben Ameur autour du th\u00e8me \u00ab&nbsp;Le mus\u00e9e d\u2019art comme gardien de la m\u00e9moire et son fondateur&nbsp;: lecture autour de quelques mus\u00e9es arabes et interrogations sur leurs projets culturels \u00bb, donnant un aper\u00e7u sur la notion de mus\u00e9e et son r\u00f4le, et dont l\u2019objectif est de sauvegarder la m\u00e9moire humaine \u00e0 partir d\u2019un espace g\u00e9ographique et culturel donn\u00e9.<\/p>\n\n\n\n<p class=\"wp-block-paragraph\">Aujourd\u2019hui, son r\u00f4le ne se limite plus \u00e0 cette fonction, mais il devient un facteur de consolidation des volets scientifiques, \u00e9ducatifs et esth\u00e9tiques. Ce qui raffermit la relation entre le public et l\u2019\u0153uvre artistique et posant les fondements d\u2019une m\u00e9moire humanitaire.<\/p>\n\n\n\n<p class=\"wp-block-paragraph\">Et \u00e0 propos des probl\u00e8mes v\u00e9cus par les mus\u00e9es, ceux en rapport avec les obstacles relevant de la politique colonialiste, d\u2019ordre culturel ou mat\u00e9riel qui freinent l\u2019\u00e9volution de ces mus\u00e9es, appelant \u00e0 un plus grand int\u00e9r\u00eat aux arts visuels dans la vie culturelle, \u00e9ducative et \u00e9conomique aussi.<\/p>\n\n\n\n<p class=\"wp-block-paragraph\">Des projets culturels r\u00e9pondant \u00e0 nos besoins y contribueront aussi \u00e0 cet \u00e9lan.<\/p>\n\n\n\n<p class=\"wp-block-paragraph\">Sur le cin\u00e9ma, Henda Haouala a trait\u00e9 de \u00ab&nbsp;La repr\u00e9sentation du pouvoir dans le cin\u00e9ma tunisien&nbsp;: 2011 et apr\u00e8s&nbsp;?&nbsp;\u00bb, revenant sur la carte politique, sociale et culturelle du monde arabe durant la derni\u00e8re d\u00e9cennie suite aux soul\u00e8vements populaires partis de la Tunisie.<\/p>\n\n\n\n<p class=\"wp-block-paragraph\">Le cin\u00e9ma, \u00e0 ce niveau, a connu une nette transformation parmi les autres formes d\u2019art, et ce, gr\u00e2ce \u00e0 ce qu\u2019il englobe comme capacit\u00e9s et moyens d\u2019\u00eatre au plus pr\u00e8s des peuples et de leurs pr\u00e9occupations ou de leurs soucis d\u2019ordre culturel aussi.<\/p>\n\n\n\n<p class=\"wp-block-paragraph\">L\u2019autre conf\u00e9rence a port\u00e9 sur \u00ab&nbsp;La production cin\u00e9matographique dans le monde arabe&nbsp;: de l\u2019id\u00e9e \u00e0 la distribution&nbsp;\u00bb trait\u00e9 par les universitaires Azza Cha\u00e2bouni, Meriem Zerzeri et Safa Helali.<\/p>\n\n\n\n<p class=\"wp-block-paragraph\">Parall\u00e8lement, d\u2019autres activit\u00e9s culturelles ont eu lieu dans les autres institutions universitaires en rapport avec la musique ou l\u2019industrie culturelle dans le Moyen-Orient, alors que le programme de la Cit\u00e9 de la Culture comporte une table ronde autour de \u00ab&nbsp;L\u2019exp\u00e9rience th\u00e9\u00e2trale en Tunisie&nbsp;\u00bb sous la f\u00e9rule du professeur Abdelhalim Messaoudi et avec la participation de Taoufik Jebali, Sonia Zarglayoune, Sihem Akil et Hatem Tlili.<\/p>\n\n\n\n<p class=\"wp-block-paragraph\">Les arts plastiques ont aussi marqu\u00e9 leur pr\u00e9sence avec les cercles de discussion autour des \u00ab&nbsp;Arts plastique et m\u00e9moire sociale&nbsp;: quelques exp\u00e9riences tunisiennes et questionnement sur l\u2019acculturation&nbsp;\u00bb, avec les professeurs Khaled Abida, Najet Edhahbi, Habib Bida, Fateh Ben Ameur, Khalil Gouya\u00e2 et Ahlem Boussandel, chacun traitant d\u2019un volet de l\u2019expression plastique et de ses moyens techniques, mat\u00e9riels et esth\u00e9tiques, entre mati\u00e8re, support, outil, symbole et autres proc\u00e9d\u00e9s.<\/p>\n\n\n\n<p class=\"wp-block-paragraph\">Une foire du livre est aussi au contenu de ce Forum international toujours \u00e0 la Cit\u00e9 de la Culture dans les diff\u00e9rents volets des sciences humaines et sociales, en plus d\u2019un autre espace pour les \u00e9ditions scientifiques des diff\u00e9rentes institutions d\u2019enseignement universitaire et facult\u00e9s, et ce, \u00e0 l\u2019Institut sup\u00e9rieur des Arts des multim\u00e9dias \u00e0 la Manouba.<\/p>\n\n\n\n<p class=\"wp-block-paragraph\">Cela sans rappeler la foire des artisans tunisiens, initi\u00e9e par \u00ab&nbsp;Insaniyyat&nbsp;\u00bb, sous le titre de \u00ab&nbsp;En Tunisien&nbsp;\u00bb, l\u2019exposition \u00e9cologique et une autre sur les arts num\u00e9riques.&nbsp;<\/p>\n\n\n\n<p class=\"wp-block-paragraph\">La musique de m\u00eame a sa part dans ce Forum avec du rock, du pop, du \u00ab&nbsp;Tounsi&nbsp;\u00bb et de l\u2019oriental donnant l\u2019occasion aux invit\u00e9s de nouvelles expressions et de nouvelles d\u00e9couvertes et cr\u00e9ations.<\/p>\n","protected":false},"excerpt":{"rendered":"<p>Du 20 au 24 septembre en cours, le Forum international des Sciences humaines et sociale r\u00e9serve, au chapitre \u00ab&nbsp;Films Insaniyyat&nbsp;\u00bb, un espace important pour le cin\u00e9ma en programmant de nombreux films \u00e0 caract\u00e8re social, politique et autre, en rapport avec des crises et des causes v\u00e9cues par le pr\u00e9sent. Avant la projection du film de [&hellip;]<\/p>\n","protected":false},"author":4,"featured_media":43479,"comment_status":"open","ping_status":"closed","sticky":false,"template":"","format":"standard","meta":{"content-type":"","jnews-multi-image_gallery":[],"jnews_single_post":{"subtitle":"","format":"standard","video":"","gallery":"","source_name":"","source_url":"","via_name":"","via_url":"","override_template":"0","override":[{"template":"1","single_blog_custom":"","parallax":"1","fullscreen":"1","layout":"right-sidebar","sidebar":"default-sidebar","second_sidebar":"default-sidebar","sticky_sidebar":"1","share_position":"top","share_float_style":"share-monocrhome","show_share_counter":"1","show_view_counter":"1","show_featured":"1","show_post_meta":"1","show_post_author":"1","show_post_author_image":"1","show_post_date":"1","post_date_format":"default","post_date_format_custom":"Y\/m\/d","show_post_category":"1","show_post_reading_time":"0","post_reading_time_wpm":"300","show_zoom_button":"0","zoom_button_out_step":"2","zoom_button_in_step":"3","show_post_tag":"1","show_prev_next_post":"1","show_popup_post":"1","number_popup_post":"1","show_author_box":"0","show_post_related":"0","show_inline_post_related":"0"}],"override_image_size":"0","image_override":[{"single_post_thumbnail_size":"crop-500","single_post_gallery_size":"crop-500"}],"trending_post":"0","trending_post_position":"meta","trending_post_label":"Trending","sponsored_post":"0","sponsored_post_label":"Sponsored by","sponsored_post_name":"","sponsored_post_url":"","sponsored_post_logo_enable":"0","sponsored_post_logo":"","sponsored_post_desc":"","disable_ad":"0"},"jnews_primary_category":{"id":""},"jnews_override_bookmark_settings":[],"jnews_review":[],"enable_review":"","type":"","name":"","summary":"","brand":"","sku":"","good":[],"bad":[],"score_override":"","override_value":"","rating":[],"price":[],"jnews_post_split":[],"footnotes":""},"categories":[17],"tags":[9116,9117,9115],"class_list":["post-43478","post","type-post","status-publish","format-standard","has-post-thumbnail","hentry","category-entertainment","tag-arts","tag-culture","tag-forum-international-des-sciences-humaines-et-sociales"],"_links":{"self":[{"href":"https:\/\/www.africanchallenges.com\/index.php?rest_route=\/wp\/v2\/posts\/43478","targetHints":{"allow":["GET"]}}],"collection":[{"href":"https:\/\/www.africanchallenges.com\/index.php?rest_route=\/wp\/v2\/posts"}],"about":[{"href":"https:\/\/www.africanchallenges.com\/index.php?rest_route=\/wp\/v2\/types\/post"}],"author":[{"embeddable":true,"href":"https:\/\/www.africanchallenges.com\/index.php?rest_route=\/wp\/v2\/users\/4"}],"replies":[{"embeddable":true,"href":"https:\/\/www.africanchallenges.com\/index.php?rest_route=%2Fwp%2Fv2%2Fcomments&post=43478"}],"version-history":[{"count":2,"href":"https:\/\/www.africanchallenges.com\/index.php?rest_route=\/wp\/v2\/posts\/43478\/revisions"}],"predecessor-version":[{"id":43481,"href":"https:\/\/www.africanchallenges.com\/index.php?rest_route=\/wp\/v2\/posts\/43478\/revisions\/43481"}],"wp:featuredmedia":[{"embeddable":true,"href":"https:\/\/www.africanchallenges.com\/index.php?rest_route=\/wp\/v2\/media\/43479"}],"wp:attachment":[{"href":"https:\/\/www.africanchallenges.com\/index.php?rest_route=%2Fwp%2Fv2%2Fmedia&parent=43478"}],"wp:term":[{"taxonomy":"category","embeddable":true,"href":"https:\/\/www.africanchallenges.com\/index.php?rest_route=%2Fwp%2Fv2%2Fcategories&post=43478"},{"taxonomy":"post_tag","embeddable":true,"href":"https:\/\/www.africanchallenges.com\/index.php?rest_route=%2Fwp%2Fv2%2Ftags&post=43478"}],"curies":[{"name":"wp","href":"https:\/\/api.w.org\/{rel}","templated":true}]}}