{"id":4346,"date":"2019-01-11T07:01:04","date_gmt":"2019-01-11T07:01:04","guid":{"rendered":"http:\/\/www.africanchallenges.com\/?p=4346"},"modified":"2019-01-11T08:20:43","modified_gmt":"2019-01-11T08:20:43","slug":"tunisie-tunisie-telecom-lance-officiellement-le-premier-kiosque-numerique-en-tunisie-et-en-afrique-tt-presse","status":"publish","type":"post","link":"https:\/\/www.africanchallenges.com\/?p=4346","title":{"rendered":"Tunisie : Tunisie T\u00e9l\u00e9com lance officiellement le premier kiosque num\u00e9rique en Tunisie et en Afrique, \u00ab TT Presse \u00bb"},"content":{"rendered":"\n<p class=\"wp-block-paragraph\"><strong>La promesse d\u2019offrir \u00e0 la Tunisie un kiosque num\u00e9rique avait \u00e9t\u00e9 faite par Tunisie Telecom le 10 juillet 2018, \u00e0 l\u2019occasion du renouvellement de la convention avec la FTDJ, la F\u00e9d\u00e9ration tunisienne des directeurs de journaux. <\/strong><\/p>\n\n\n\n<p class=\"wp-block-paragraph\"><strong>Le 10 d\u00e9cembre 2018, la naissance de \u00ab TT PRESSE \u00bb avait \u00e9t\u00e9 annonc\u00e9e au grand public apr\u00e8s avoir \u00e9t\u00e9 pr\u00e9sent\u00e9e trois jours plus t\u00f4t, en avant-premi\u00e8re, aux d\u00e9cideurs et entrepreneurs tunisiens \u00e0 l\u2019occasion des Journ\u00e9es de l\u2019Entreprise organis\u00e9es par l\u2019IACE<\/strong>.<\/p>\n\n\n\n<p class=\"wp-block-paragraph\"><strong>Tunisie Telecom a lanc\u00e9 officiellement, ce jeudi 10 janvier 2019, l\u2019application \u00ab\u00a0TT Presse\u00a0\u00bb lors d\u2019une c\u00e9r\u00e9monie, en pr\u00e9sence de Mohamed Fadhel Kraiem, Pr\u00e9sident-Directeur G\u00e9n\u00e9ral de Tunisie Telecom, Ta\u00efeb Zahar, pr\u00e9sident de la F\u00e9d\u00e9ration tunisienne des directeurs des journaux, N\u00e9ji Bghouri, pr\u00e9sident du syndicat National des journalistes tunisiens (SNJT) et Philippe Belin, directeur g\u00e9n\u00e9ral de Immanens.<\/strong><\/p>\n\n\n\n<p class=\"wp-block-paragraph\">Dans&nbsp; son allocution, M. Mohamed Fadhel Kraiem, a d\u00e9clar\u00e9 que TT Presse est une application de lecture offrant un acc\u00e8s illimit\u00e9 \u00e0 70 titres entre magazines et journaux num\u00e9riques de la presse tunisienne et internationale dont 30 m\u00e9dias tunisiens, est disponible sur tous les \u00e9crans (smartphones et tablettes Android et iOS, comme sur les desktop via <a rel=\"noreferrer noopener\" href=\"http:\/\/ttpresse.tunisietelecom.tn\/\" target=\"_blank\">http:\/\/ttpresse.tunisietelecom.tn<\/a>), <\/p>\n\n\n\n<p class=\"wp-block-paragraph\">M. Mohamed Fadhel Kraiem a ajout\u00e9 que &nbsp;Tunisie Telecom confirme son soutien permanent\naux entreprises tunisiennes de la presse \u00e9crite&nbsp; et ambitionne, \u00e9galement,\nde contribuer au d\u00e9veloppement de leur lectorat gr\u00e2ce \u00e0 un acc\u00e8s digitalis\u00e9 aux\njournaux et aux magazines.<\/p>\n\n\n\n<p class=\"wp-block-paragraph\">M.Kraiem a pr\u00e9cis\u00e9 que l\u2019id\u00e9e de lancer ce kiosque num\u00e9rique est en phase de r\u00e9alisation depuis le mois de mars 2018, <\/p>\n\n\n\n<figure class=\"wp-block-embed-youtube wp-block-embed is-type-video is-provider-youtube wp-embed-aspect-4-3 wp-has-aspect-ratio\"><div class=\"wp-block-embed__wrapper\">\n<div class=\"jeg_video_container jeg_video_content\"><iframe title=\"Allocution de M.Mohamed Fadhel Kraiem, Pr\u00e9sident-Directeur G\u00e9n\u00e9ral de Tunisie Telecom\" width=\"500\" height=\"281\" src=\"https:\/\/www.youtube.com\/embed\/X3Rjqqxarjs?feature=oembed\" frameborder=\"0\" allow=\"accelerometer; autoplay; clipboard-write; encrypted-media; gyroscope; picture-in-picture; web-share\" referrerpolicy=\"strict-origin-when-cross-origin\" allowfullscreen><\/iframe><\/div>\n<\/div><\/figure>\n\n\n\n<p class=\"wp-block-paragraph\">Le service est op\u00e9rationnel \u00e0 travers la composition du code *225#.<\/p>\n\n\n\n<figure class=\"wp-block-embed-youtube wp-block-embed is-type-video is-provider-youtube wp-embed-aspect-4-3 wp-has-aspect-ratio\"><div class=\"wp-block-embed__wrapper\">\n<div class=\"jeg_video_container jeg_video_content\"><iframe title=\"M.Ta\u00efeb Zahar, pr\u00e9sident de la F\u00e9d\u00e9ration tunisienne des directeurs des journaux\" width=\"500\" height=\"281\" src=\"https:\/\/www.youtube.com\/embed\/zcqQOL0kX6g?feature=oembed\" frameborder=\"0\" allow=\"accelerometer; autoplay; clipboard-write; encrypted-media; gyroscope; picture-in-picture; web-share\" referrerpolicy=\"strict-origin-when-cross-origin\" allowfullscreen><\/iframe><\/div>\n<\/div><\/figure>\n\n\n\n<p class=\"wp-block-paragraph\">L\u2019application est gratuite jusqu\u2019au 15 janvier 2019 &nbsp;puis l\u2019acc\u00e8s deviendra payant \u00e0 partir du 16\njanvier 2019, L\u2019application proposera quatre types d\u2019abonnements :<\/p>\n\n\n\n<p class=\"wp-block-paragraph\"><strong>\u00ab Pass Daily \u00bb<\/strong> pour 1DT par jour, permettant l\u2019acc\u00e8s \u00e0 des journaux et magazines tunisiens et quelques titres internationaux <\/p>\n\n\n\n<p class=\"wp-block-paragraph\"><strong>\u00ab Bronze \u00bb<\/strong> pour 10 DT par mois, offrant l\u2019acc\u00e8s \u00e0 plus de 30 de journaux et magazines tunisiens et internationaux, soit&nbsp; \u00e0 330 millimes par jour <\/p>\n\n\n\n<p class=\"wp-block-paragraph\"><strong>\u00ab Silver \u00bb<\/strong> pour 20 DT par mois, permettant l\u2019Acc\u00e8s \u00e0 une s\u00e9lection de titres des journaux et magazines tunisiens et internationaux \u00e0 660 millimes par jour<\/p>\n\n\n\n<p class=\"wp-block-paragraph\"><strong>\u00ab Gold \u00bb<\/strong> pour 30DT DT par mois, offrant l\u2019acc\u00e8s \u00e0 plus de 70 journaux et magazines tunisiens et internationaux du kiosque \u00e0 l\u2019instar de NEW YORK TIMES, PARIS MATCH, DAILY MAIL, SO FOOT, HISTORIA, L\u2019HUMANITE, ALTERNATIVES ECONOMIQUES et bien d\u2019autres titres encore. <\/p>\n\n\n\n<figure class=\"wp-block-embed-youtube wp-block-embed is-type-video is-provider-youtube wp-embed-aspect-4-3 wp-has-aspect-ratio\"><div class=\"wp-block-embed__wrapper\">\n<div class=\"jeg_video_container jeg_video_content\"><iframe title=\"M.N\u00e9ji Bghouri, pr\u00e9sident du syndicat National des journalistes tunisiens (SNJT)\" width=\"500\" height=\"281\" src=\"https:\/\/www.youtube.com\/embed\/Rf2MuJc5284?feature=oembed\" frameborder=\"0\" allow=\"accelerometer; autoplay; clipboard-write; encrypted-media; gyroscope; picture-in-picture; web-share\" referrerpolicy=\"strict-origin-when-cross-origin\" allowfullscreen><\/iframe><\/div>\n<\/div><\/figure>\n\n\n\n<figure class=\"wp-block-embed-youtube wp-block-embed is-type-video is-provider-youtube wp-embed-aspect-4-3 wp-has-aspect-ratio\"><div class=\"wp-block-embed__wrapper\">\n<div class=\"jeg_video_container jeg_video_content\"><iframe title=\"M.Philippe Belin, directeur g\u00e9n\u00e9ral de Immanens\" width=\"500\" height=\"281\" src=\"https:\/\/www.youtube.com\/embed\/bO9gFnkkIHs?feature=oembed\" frameborder=\"0\" allow=\"accelerometer; autoplay; clipboard-write; encrypted-media; gyroscope; picture-in-picture; web-share\" referrerpolicy=\"strict-origin-when-cross-origin\" allowfullscreen><\/iframe><\/div>\n<\/div><\/figure>\n","protected":false},"excerpt":{"rendered":"<p>La promesse d\u2019offrir \u00e0 la Tunisie un kiosque num\u00e9rique avait \u00e9t\u00e9 faite par Tunisie Telecom le 10 juillet 2018, \u00e0 l\u2019occasion du renouvellement de la convention avec la FTDJ, la F\u00e9d\u00e9ration tunisienne des directeurs de journaux. Le 10 d\u00e9cembre 2018, la naissance de \u00ab TT PRESSE \u00bb avait \u00e9t\u00e9 annonc\u00e9e au grand public apr\u00e8s avoir [&hellip;]<\/p>\n","protected":false},"author":3,"featured_media":4348,"comment_status":"open","ping_status":"closed","sticky":false,"template":"","format":"standard","meta":{"content-type":"","jnews-multi-image_gallery":[],"jnews_single_post":{"override_template":"1","override":[{"template":"1","parallax":"1","layout":"right-sidebar","sidebar":"default-sidebar","second_sidebar":"default-sidebar","sticky_sidebar":"1","share_position":"top","share_float_style":"share-monocrhome","show_share_counter":"1","show_view_counter":"1","show_featured":"1","show_post_meta":"1","show_post_author":"1","show_post_author_image":"1","show_post_date":"1","post_date_format":"default","post_date_format_custom":"Y\/m\/d","show_post_category":"1","show_post_tag":"1","show_prev_next_post":"1","show_popup_post":"1","number_popup_post":"1","show_post_related":"1"}],"image_override":[{"single_post_thumbnail_size":"crop-500","single_post_gallery_size":"crop-500"}]},"jnews_primary_category":{"id":""},"jnews_override_bookmark_settings":[],"jnews_review":[],"enable_review":"","type":"","name":"","summary":"","brand":"","sku":"","good":[],"bad":[],"score_override":"","override_value":"","rating":[],"price":[],"jnews_post_split":[],"footnotes":""},"categories":[12],"tags":[2090,2094,1024,969,2092,251,2089,250],"class_list":["post-4346","post","type-post","status-publish","format-standard","has-post-thumbnail","hentry","category-tech","tag-ftdj","tag-kiosque-numerique","tag-mohamed-fadhel-kraiem","tag-neji-bghouri","tag-philippe-belin","tag-taieb-zahar","tag-tt-presse","tag-tunisie-telecom"],"_links":{"self":[{"href":"https:\/\/www.africanchallenges.com\/index.php?rest_route=\/wp\/v2\/posts\/4346","targetHints":{"allow":["GET"]}}],"collection":[{"href":"https:\/\/www.africanchallenges.com\/index.php?rest_route=\/wp\/v2\/posts"}],"about":[{"href":"https:\/\/www.africanchallenges.com\/index.php?rest_route=\/wp\/v2\/types\/post"}],"author":[{"embeddable":true,"href":"https:\/\/www.africanchallenges.com\/index.php?rest_route=\/wp\/v2\/users\/3"}],"replies":[{"embeddable":true,"href":"https:\/\/www.africanchallenges.com\/index.php?rest_route=%2Fwp%2Fv2%2Fcomments&post=4346"}],"version-history":[{"count":4,"href":"https:\/\/www.africanchallenges.com\/index.php?rest_route=\/wp\/v2\/posts\/4346\/revisions"}],"predecessor-version":[{"id":4357,"href":"https:\/\/www.africanchallenges.com\/index.php?rest_route=\/wp\/v2\/posts\/4346\/revisions\/4357"}],"wp:featuredmedia":[{"embeddable":true,"href":"https:\/\/www.africanchallenges.com\/index.php?rest_route=\/wp\/v2\/media\/4348"}],"wp:attachment":[{"href":"https:\/\/www.africanchallenges.com\/index.php?rest_route=%2Fwp%2Fv2%2Fmedia&parent=4346"}],"wp:term":[{"taxonomy":"category","embeddable":true,"href":"https:\/\/www.africanchallenges.com\/index.php?rest_route=%2Fwp%2Fv2%2Fcategories&post=4346"},{"taxonomy":"post_tag","embeddable":true,"href":"https:\/\/www.africanchallenges.com\/index.php?rest_route=%2Fwp%2Fv2%2Ftags&post=4346"}],"curies":[{"name":"wp","href":"https:\/\/api.w.org\/{rel}","templated":true}]}}