{"id":43167,"date":"2022-09-06T08:10:00","date_gmt":"2022-09-06T08:10:00","guid":{"rendered":"https:\/\/www.africanchallenges.com\/?p=43167"},"modified":"2022-09-06T01:17:32","modified_gmt":"2022-09-06T01:17:32","slug":"tunisie-le-chef-de-letat-kais-said-revendique-lapplication-de-la-reconciliation-penale","status":"publish","type":"post","link":"https:\/\/www.africanchallenges.com\/?p=43167","title":{"rendered":"Tunisie : Le chef de l&rsquo;Etat , Kais Said revendique l\u2019application de la r\u00e9conciliation p\u00e9nale"},"content":{"rendered":"\n<p class=\"wp-block-paragraph\">Le chef de l&rsquo;Etat, Ka\u00efs Sa\u00efed a re\u00e7u, ce lundi 5 septembre 2022, la cheffe du gouvernement, Najla Bouden pour discuter de plusieurs sujets en rapport avec la situation g\u00e9n\u00e9rale dans le pays.<\/p>\n\n\n\n<p class=\"wp-block-paragraph\">La rencontre a port\u00e9, principalement, sur les questions concernant l\u2019approvisionnement du march\u00e9 et la n\u00e9cessit\u00e9 de multiplier les efforts pour lutter contre le monopole et la hausse des prix, a indiqu\u00e9 un communiqu\u00e9 de presse diffus\u00e9 par Carthage.<\/p>\n\n\n\n<p class=\"wp-block-paragraph\">Il a, \u00e9galement, \u00e9t\u00e9 question des projets des d\u00e9crets et des arr\u00eat\u00e9s examin\u00e9s lors du dernier conseil des ministres.<\/p>\n\n\n\n<p class=\"wp-block-paragraph\">L\u2019entrevue a abord\u00e9 les affaires de corruption dans plusieurs secteurs et la n\u00e9cessit\u00e9 de commencer l\u2019application de la r\u00e9conciliation p\u00e9nale selon le texte de loi la r\u00e9gissant selon la m\u00eame source.<\/p>\n","protected":false},"excerpt":{"rendered":"<p>Le chef de l&rsquo;Etat, Ka\u00efs Sa\u00efed a re\u00e7u, ce lundi 5 septembre 2022, la cheffe du gouvernement, Najla Bouden pour discuter de plusieurs sujets en rapport avec la situation g\u00e9n\u00e9rale dans le pays. La rencontre a port\u00e9, principalement, sur les questions concernant l\u2019approvisionnement du march\u00e9 et la n\u00e9cessit\u00e9 de multiplier les efforts pour lutter contre [&hellip;]<\/p>\n","protected":false},"author":4,"featured_media":43170,"comment_status":"open","ping_status":"closed","sticky":false,"template":"","format":"standard","meta":{"content-type":"","jnews-multi-image_gallery":[],"jnews_single_post":{"subtitle":"","format":"standard","video":"","gallery":"","source_name":"","source_url":"","via_name":"","via_url":"","override_template":"0","override":[{"template":"1","single_blog_custom":"","parallax":"1","fullscreen":"1","layout":"right-sidebar","sidebar":"default-sidebar","second_sidebar":"default-sidebar","sticky_sidebar":"1","share_position":"top","share_float_style":"share-monocrhome","show_share_counter":"1","show_view_counter":"1","show_featured":"1","show_post_meta":"1","show_post_author":"1","show_post_author_image":"1","show_post_date":"1","post_date_format":"default","post_date_format_custom":"Y\/m\/d","show_post_category":"1","show_post_reading_time":"0","post_reading_time_wpm":"300","show_zoom_button":"0","zoom_button_out_step":"2","zoom_button_in_step":"3","show_post_tag":"1","show_prev_next_post":"1","show_popup_post":"1","number_popup_post":"1","show_author_box":"0","show_post_related":"0","show_inline_post_related":"0"}],"override_image_size":"0","image_override":[{"single_post_thumbnail_size":"crop-500","single_post_gallery_size":"crop-500"}],"trending_post":"0","trending_post_position":"meta","trending_post_label":"Trending","sponsored_post":"0","sponsored_post_label":"Sponsored by","sponsored_post_name":"","sponsored_post_url":"","sponsored_post_logo_enable":"0","sponsored_post_logo":"","sponsored_post_desc":"","disable_ad":"0"},"jnews_primary_category":{"id":""},"jnews_override_bookmark_settings":[],"jnews_review":[],"enable_review":"","type":"","name":"","summary":"","brand":"","sku":"","good":[],"bad":[],"score_override":"","override_value":"","rating":[],"price":[],"jnews_post_split":[],"footnotes":""},"categories":[2],"tags":[4023,9019],"class_list":["post-43167","post","type-post","status-publish","format-standard","has-post-thumbnail","hentry","category-news-politique","tag-kais-said","tag-reconciliation-penale"],"_links":{"self":[{"href":"https:\/\/www.africanchallenges.com\/index.php?rest_route=\/wp\/v2\/posts\/43167","targetHints":{"allow":["GET"]}}],"collection":[{"href":"https:\/\/www.africanchallenges.com\/index.php?rest_route=\/wp\/v2\/posts"}],"about":[{"href":"https:\/\/www.africanchallenges.com\/index.php?rest_route=\/wp\/v2\/types\/post"}],"author":[{"embeddable":true,"href":"https:\/\/www.africanchallenges.com\/index.php?rest_route=\/wp\/v2\/users\/4"}],"replies":[{"embeddable":true,"href":"https:\/\/www.africanchallenges.com\/index.php?rest_route=%2Fwp%2Fv2%2Fcomments&post=43167"}],"version-history":[{"count":1,"href":"https:\/\/www.africanchallenges.com\/index.php?rest_route=\/wp\/v2\/posts\/43167\/revisions"}],"predecessor-version":[{"id":43169,"href":"https:\/\/www.africanchallenges.com\/index.php?rest_route=\/wp\/v2\/posts\/43167\/revisions\/43169"}],"wp:featuredmedia":[{"embeddable":true,"href":"https:\/\/www.africanchallenges.com\/index.php?rest_route=\/wp\/v2\/media\/43170"}],"wp:attachment":[{"href":"https:\/\/www.africanchallenges.com\/index.php?rest_route=%2Fwp%2Fv2%2Fmedia&parent=43167"}],"wp:term":[{"taxonomy":"category","embeddable":true,"href":"https:\/\/www.africanchallenges.com\/index.php?rest_route=%2Fwp%2Fv2%2Fcategories&post=43167"},{"taxonomy":"post_tag","embeddable":true,"href":"https:\/\/www.africanchallenges.com\/index.php?rest_route=%2Fwp%2Fv2%2Ftags&post=43167"}],"curies":[{"name":"wp","href":"https:\/\/api.w.org\/{rel}","templated":true}]}}