{"id":43149,"date":"2022-09-05T19:59:35","date_gmt":"2022-09-05T19:59:35","guid":{"rendered":"https:\/\/www.africanchallenges.com\/?p=43149"},"modified":"2022-09-05T23:01:34","modified_gmt":"2022-09-05T23:01:34","slug":"tunisie-installation-dune-centrale-solaire-a-kairouan","status":"publish","type":"post","link":"https:\/\/www.africanchallenges.com\/?p=43149","title":{"rendered":"Tunisie :  Installation d&rsquo;une centrale solaire photovolta\u00efque \u00e0 Kairouan"},"content":{"rendered":"\n<p>La ministre de l&rsquo;Industrie, des Mines et de l&rsquo;Energie , a re\u00e7u le lundi matin 5 septembre au si\u00e8ge du minist\u00e8re, M. Houssein nouwais, PDG d&rsquo;Amea Power et des repr\u00e9sentants de la Banque africaine de d\u00e9veloppement, IFC, en pr\u00e9sence du directeur g\u00e9n\u00e9ral de l&rsquo;\u00e9lectricit\u00e9 et de la transition \u00e9nerg\u00e9tique, M. Belhassen Chiboub, le pr\u00e9sident directeur g\u00e9n\u00e9ral de la soci\u00e9t\u00e9 tunisienne pour l&rsquo;\u00e9lectricit\u00e9 et le gaz M. Hichem Annan.<\/p>\n<p>La r\u00e9union \u00e9tait consacr\u00e9e \u00e0 la conclusion des n\u00e9gociations avec les banques financ\u00e9es pour obtenir un blocage financier sur un projet\u00a0 de centrale solaire d&rsquo;une capacit\u00e9 de 100 m\u00e9gawatts dans la province de Kairouan en novembre 2022. le temps qu&rsquo;il a fallu.<\/p>\n<p>Le projet s&rsquo;inscrit dans le cadre d&rsquo;une s\u00e9rie de ratifications de projets sp\u00e9ciaux pour\u00a0 l&rsquo;\u00e9nergie solaire l\u00e9g\u00e8re d&rsquo;une capacit\u00e9 de 500 MW sous le r\u00e9gime f\u00e9d\u00e9ral dans cinq gouvernorats, \u00e0 savoir Tataouine (200 MW). , Tozeur (50 MW), Sidi Bouzid (50 MW), Kairouan (100 MW).<\/p>\n<p>\u00a0Il s&rsquo;agit du programme national pour d\u00e9velopper la production d&rsquo;\u00e9lectricit\u00e9 \u00e0 partir d&rsquo;\u00e9nergies renouvelables.<\/p>\n<p>Le projet vise \u00e9galement \u00e0 diversifier les sources d&rsquo;\u00e9nergie en misant sur les \u00e9nergies propres et en ma\u00eetrisant la technologie de l&rsquo;\u00e9nergie solaire pour accompagner la transition \u00e9nerg\u00e9tique dans notre pays.<\/p>\n<p>M.Houssein Nouwais a salu\u00e9 les efforts fournis par le minist\u00e8re et les services de la Steg pour mener \u00e0 bien ce projet dans les meilleures conditions possibles et simplifi\u00e9 les proc\u00e9dures et les pr\u00e9paratifs techniques de toute l&rsquo;\u00e9quipe qui supervise la station.<\/p>\n<p>\u00ab\u00a0 Aucun pays au monde n&rsquo;a d&rsquo;autre choix\u00a0 que d&rsquo;investir dans les \u00e9nergies renouvelables et vertes\u00a0\u00bb, a-t-il d\u00e9clar\u00e9.<\/p>\n<p>Pour sa part, la ministre a soulign\u00e9 l&rsquo;importance d&rsquo;investir dans les \u00e9nergies alternatives comme la meilleure solution face au d\u00e9clin mondial de la production d&rsquo;\u00e9nergie fossile\u00a0 et \u00e0 la tendance \u00e0 la r\u00e9duction des \u00e9missions de CO2 et \u00e0 la protection du climat.<\/p>\n<p>Elle a expliqu\u00e9 que le gouvernement veut surmonter les difficult\u00e9s, simplifier les proc\u00e9dures administratives et encourager les investissements dans les \u00e9nergies renouvelables en r\u00e9voquant les\u00a0 licences\u00a0 des projets de moins de 1 m\u00e9gawatt dans le secteur.<\/p>\n<p>A noter qu&rsquo;Amaya Power,\u00a0 \u00a0un Complex\u00a0 qui a \u00e9t\u00e9 fond\u00e9 \u00e0 Duba\u00ef en 2014\u00a0 et se veut un produit \u00e9nerg\u00e9tique ind\u00e9pendant, avec environ 28 projets d&rsquo;\u00e9nergies renouvelables et d&rsquo;hydrog\u00e8ne vert dans\u00a0 de nombreux pays africains.<\/p>\n<p>La strat\u00e9gie \u00e9nerg\u00e9tique nationale du minist\u00e8re vise \u00e0 int\u00e9grer 35 % d&rsquo;\u00e9nergies renouvelables dans le mix \u00e9lectrique du pays d&rsquo;ici 2030, am\u00e9liorant ainsi les performances du secteur des \u00e9nergies renouvelables. La Tunisie s&rsquo;est engag\u00e9e \u00e0 accro\u00eetre l&rsquo;autosuffisance \u00e9nerg\u00e9tique en r\u00e9alisant des projets d&rsquo;\u00e9nergie alternative, en diversifiant le mix \u00e9nerg\u00e9tique pour la production d&rsquo;\u00e9lectricit\u00e9, en r\u00e9duisant les co\u00fbts pour soutenir le\u00a0 secteur du d\u00e9veloppement, en r\u00e9alisant une \u00e9conomie verte et en contribuant aux efforts mondiaux de\u00a0 r\u00e9duction des \u00e9missions de gaz.<\/p>\n<p>\u00a0<\/p>\n<p>\u00a0<\/p>\n","protected":false},"excerpt":{"rendered":"La ministre de l'Industrie, des Mines et de l'Energie , a re\u00e7u le lundi matin 5 septembre au si\u00e8ge du minist\u00e8re, M. Houssein nouwais, PDG d'Amea Power et des repr\u00e9sentants de la Banque africaine de d\u00e9veloppement, IFC, en pr\u00e9sence du directeur g\u00e9n\u00e9ral de l'\u00e9lectricit\u00e9 et de la transition \u00e9nerg\u00e9tique, M. Belhassen Chiboub, le pr\u00e9sident directeur [...]","protected":false},"author":4,"featured_media":43150,"comment_status":"open","ping_status":"closed","sticky":false,"template":"","format":"standard","meta":{"content-type":"","jnews-multi-image_gallery":[],"jnews_single_post":{"subtitle":"","format":"standard","video":"","gallery":"","source_name":"","source_url":"","via_name":"","via_url":"","override_template":"0","override":[{"template":"1","single_blog_custom":"","parallax":"1","fullscreen":"1","layout":"right-sidebar","sidebar":"default-sidebar","second_sidebar":"default-sidebar","sticky_sidebar":"1","share_position":"top","share_float_style":"share-monocrhome","show_share_counter":"1","show_view_counter":"1","show_featured":"1","show_post_meta":"1","show_post_author":"1","show_post_author_image":"1","show_post_date":"1","post_date_format":"default","post_date_format_custom":"Y\/m\/d","show_post_category":"1","show_post_reading_time":"0","post_reading_time_wpm":"300","show_zoom_button":"0","zoom_button_out_step":"2","zoom_button_in_step":"3","show_post_tag":"1","show_prev_next_post":"1","show_popup_post":"1","number_popup_post":"1","show_author_box":"0","show_post_related":"0","show_inline_post_related":"0"}],"override_image_size":"0","image_override":[{"single_post_thumbnail_size":"crop-500","single_post_gallery_size":"crop-500"}],"trending_post":"0","trending_post_position":"meta","trending_post_label":"Trending","sponsored_post":"0","sponsored_post_label":"Sponsored by","sponsored_post_name":"","sponsored_post_url":"","sponsored_post_logo_enable":"0","sponsored_post_logo":"","sponsored_post_desc":"","disable_ad":"0"},"jnews_primary_category":{"id":""},"jnews_override_bookmark_settings":[],"jnews_review":[],"enable_review":"","type":"","name":"","summary":"","brand":"","sku":"","good":[],"bad":[],"score_override":"","override_value":"","rating":[],"price":[],"jnews_post_split":[],"footnotes":""},"categories":[43,73],"tags":[9018,5214],"class_list":["post-43149","post","type-post","status-publish","format-standard","has-post-thumbnail","hentry","category-eco-business","category-eco","tag-centrale-solaire","tag-installation"],"_links":{"self":[{"href":"https:\/\/www.africanchallenges.com\/index.php?rest_route=\/wp\/v2\/posts\/43149","targetHints":{"allow":["GET"]}}],"collection":[{"href":"https:\/\/www.africanchallenges.com\/index.php?rest_route=\/wp\/v2\/posts"}],"about":[{"href":"https:\/\/www.africanchallenges.com\/index.php?rest_route=\/wp\/v2\/types\/post"}],"author":[{"embeddable":true,"href":"https:\/\/www.africanchallenges.com\/index.php?rest_route=\/wp\/v2\/users\/4"}],"replies":[{"embeddable":true,"href":"https:\/\/www.africanchallenges.com\/index.php?rest_route=%2Fwp%2Fv2%2Fcomments&post=43149"}],"version-history":[{"count":10,"href":"https:\/\/www.africanchallenges.com\/index.php?rest_route=\/wp\/v2\/posts\/43149\/revisions"}],"predecessor-version":[{"id":43165,"href":"https:\/\/www.africanchallenges.com\/index.php?rest_route=\/wp\/v2\/posts\/43149\/revisions\/43165"}],"wp:featuredmedia":[{"embeddable":true,"href":"https:\/\/www.africanchallenges.com\/index.php?rest_route=\/wp\/v2\/media\/43150"}],"wp:attachment":[{"href":"https:\/\/www.africanchallenges.com\/index.php?rest_route=%2Fwp%2Fv2%2Fmedia&parent=43149"}],"wp:term":[{"taxonomy":"category","embeddable":true,"href":"https:\/\/www.africanchallenges.com\/index.php?rest_route=%2Fwp%2Fv2%2Fcategories&post=43149"},{"taxonomy":"post_tag","embeddable":true,"href":"https:\/\/www.africanchallenges.com\/index.php?rest_route=%2Fwp%2Fv2%2Ftags&post=43149"}],"curies":[{"name":"wp","href":"https:\/\/api.w.org\/{rel}","templated":true}]}}