{"id":43056,"date":"2022-09-02T12:00:16","date_gmt":"2022-09-02T12:00:16","guid":{"rendered":"https:\/\/www.africanchallenges.com\/?p=43056"},"modified":"2022-09-03T01:54:49","modified_gmt":"2022-09-03T01:54:49","slug":"tunisie-une-operation-militaire-antiterroriste-a-jebel-selloum-trois-terroristes-tues","status":"publish","type":"post","link":"https:\/\/www.africanchallenges.com\/?p=43056","title":{"rendered":"Tunisie &#8211; une op\u00e9ration militaire antiterroriste \u00e0 Jebel Selloum: Trois terroristes tu\u00e9s"},"content":{"rendered":"\n<p class=\"wp-block-paragraph\">Dans le cadre d&rsquo;une op\u00e9ration antiterroriste conjointe, les forces conjointes de l&rsquo;arm\u00e9e, de la garde nationale et des forces de s\u00e9curit\u00e9 nationales ont men\u00e9, &nbsp;ce matin vendredi 02 septembre 2022, une op\u00e9ration de terrain sur les hauteurs du Jebel Selloum&nbsp; (zone militaire ferm\u00e9e) dans le gouvernorat de Kasserine, sans faire \u00e9tat de bless\u00e9s parmi les unit\u00e9s impliqu\u00e9es, a indiqu\u00e9 un communiqu\u00e9 de presse diffus\u00e9 par le minist\u00e8re de la d\u00e9fense nationale.<\/p>\n\n\n\n<p class=\"wp-block-paragraph\">Trois terroristes ont \u00e9t\u00e9 tu\u00e9s dans cette op\u00e9ration militaire anti-terroriste \u00e0 Jebel Selloum \u00e0 Kasserine, salon la m\u00eame source.<\/p>\n\n\n\n<p class=\"wp-block-paragraph\">Les terroristes sont affili\u00e9s \u00e0 l\u2019organisation terroriste les Soldats du califat (Jound Al Khilafa) active en Alg\u00e9rie&nbsp;.<\/p>\n\n\n\n<p class=\"wp-block-paragraph\">Des op\u00e9rations sont toujours en cours pour traquer les derniers \u00e9l\u00e9ments terroristes de l&rsquo;organisation susmentionn\u00e9e.<\/p>\n\n\n","protected":false},"excerpt":{"rendered":"<p>Dans le cadre d&rsquo;une op\u00e9ration antiterroriste conjointe, les forces conjointes de l&rsquo;arm\u00e9e, de la garde nationale et des forces de s\u00e9curit\u00e9 nationales ont men\u00e9, &nbsp;ce matin vendredi 02 septembre 2022, une op\u00e9ration de terrain sur les hauteurs du Jebel Selloum&nbsp; (zone militaire ferm\u00e9e) dans le gouvernorat de Kasserine, sans faire \u00e9tat de bless\u00e9s parmi les [&hellip;]<\/p>\n","protected":false},"author":3,"featured_media":43057,"comment_status":"open","ping_status":"closed","sticky":false,"template":"","format":"standard","meta":{"content-type":"","jnews-multi-image_gallery":[],"jnews_single_post":{"subtitle":"","format":"standard","video":"","gallery":"","source_name":"","source_url":"","via_name":"","via_url":"","override_template":"0","override":[{"template":"1","single_blog_custom":"","parallax":"1","fullscreen":"1","layout":"right-sidebar","sidebar":"default-sidebar","second_sidebar":"default-sidebar","sticky_sidebar":"1","share_position":"top","share_float_style":"share-monocrhome","show_share_counter":"1","show_view_counter":"1","show_featured":"1","show_post_meta":"1","show_post_author":"1","show_post_author_image":"1","show_post_date":"1","post_date_format":"default","post_date_format_custom":"Y\/m\/d","show_post_category":"1","show_post_reading_time":"0","post_reading_time_wpm":"300","show_zoom_button":"0","zoom_button_out_step":"2","zoom_button_in_step":"3","show_post_tag":"1","show_prev_next_post":"1","show_popup_post":"1","number_popup_post":"1","show_author_box":"0","show_post_related":"0","show_inline_post_related":"0"}],"override_image_size":"0","image_override":[{"single_post_thumbnail_size":"crop-500","single_post_gallery_size":"crop-500"}],"trending_post":"0","trending_post_position":"meta","trending_post_label":"Trending","sponsored_post":"0","sponsored_post_label":"Sponsored by","sponsored_post_name":"","sponsored_post_url":"","sponsored_post_logo_enable":"0","sponsored_post_logo":"","sponsored_post_desc":"","disable_ad":"0"},"jnews_primary_category":{"id":""},"jnews_override_bookmark_settings":[],"jnews_review":[],"enable_review":"","type":"","name":"","summary":"","brand":"","sku":"","good":[],"bad":[],"score_override":"","override_value":"","rating":[],"price":[],"jnews_post_split":[],"footnotes":""},"categories":[61],"tags":[8981,8980,217],"class_list":["post-43056","post","type-post","status-publish","format-standard","has-post-thumbnail","hentry","category-societe","tag-jebel-selloum","tag-operation-militaire-antiterroriste","tag-terroristes"],"_links":{"self":[{"href":"https:\/\/www.africanchallenges.com\/index.php?rest_route=\/wp\/v2\/posts\/43056","targetHints":{"allow":["GET"]}}],"collection":[{"href":"https:\/\/www.africanchallenges.com\/index.php?rest_route=\/wp\/v2\/posts"}],"about":[{"href":"https:\/\/www.africanchallenges.com\/index.php?rest_route=\/wp\/v2\/types\/post"}],"author":[{"embeddable":true,"href":"https:\/\/www.africanchallenges.com\/index.php?rest_route=\/wp\/v2\/users\/3"}],"replies":[{"embeddable":true,"href":"https:\/\/www.africanchallenges.com\/index.php?rest_route=%2Fwp%2Fv2%2Fcomments&post=43056"}],"version-history":[{"count":3,"href":"https:\/\/www.africanchallenges.com\/index.php?rest_route=\/wp\/v2\/posts\/43056\/revisions"}],"predecessor-version":[{"id":43099,"href":"https:\/\/www.africanchallenges.com\/index.php?rest_route=\/wp\/v2\/posts\/43056\/revisions\/43099"}],"wp:featuredmedia":[{"embeddable":true,"href":"https:\/\/www.africanchallenges.com\/index.php?rest_route=\/wp\/v2\/media\/43057"}],"wp:attachment":[{"href":"https:\/\/www.africanchallenges.com\/index.php?rest_route=%2Fwp%2Fv2%2Fmedia&parent=43056"}],"wp:term":[{"taxonomy":"category","embeddable":true,"href":"https:\/\/www.africanchallenges.com\/index.php?rest_route=%2Fwp%2Fv2%2Fcategories&post=43056"},{"taxonomy":"post_tag","embeddable":true,"href":"https:\/\/www.africanchallenges.com\/index.php?rest_route=%2Fwp%2Fv2%2Ftags&post=43056"}],"curies":[{"name":"wp","href":"https:\/\/api.w.org\/{rel}","templated":true}]}}