{"id":42979,"date":"2022-08-31T19:22:08","date_gmt":"2022-08-31T19:22:08","guid":{"rendered":"https:\/\/www.africanchallenges.com\/?p=42979"},"modified":"2022-08-31T19:23:22","modified_gmt":"2022-08-31T19:23:22","slug":"tunisie-la-tunisie-abrite-la-conference-salma-dialogue-pour-des-strategies-plus-inclusives-en-afrique-en-amerique-latine","status":"publish","type":"post","link":"https:\/\/www.africanchallenges.com\/?p=42979","title":{"rendered":"Tunisie : La Tunisie abrite la conf\u00e9rence \u00ab SALMA Dialogue\u00a0\u00bb: Pour des strat\u00e9gies plus inclusives en Afrique &#038; en Am\u00e9rique Latine"},"content":{"rendered":"\n<p class=\"wp-block-paragraph\">La Tunisie a abrit\u00e9, \u00e0 partir du Lundi 29 Aout et durant 3 jours, la conf\u00e9rence \u00ab SALMA Dialogue \u00bb: Pour des strat\u00e9gies plus inclusives en Afrique &amp; en Am\u00e9rique Latine.SALMA Dialogue accueillera des femmes et des hommes engag\u00e9s pour l\u2019\u00e9quit\u00e9, la justice et la parit\u00e9.<\/p>\n\n\n\n<p class=\"wp-block-paragraph\">La conf\u00e9rence a pour but de faciliter la mise en r\u00e9seau entre acteurs professionnels des institutions nationales, agences de coop\u00e9ration, des organisations de la soci\u00e9t\u00e9 civile et autorit\u00e9s localesactives dans des domaines connexes.<\/p>\n\n\n\n<p class=\"wp-block-paragraph\">Le programme strategic alliances: Latin America meeting Africa&nbsp;: SALMA DIALOGUE avec l\u2019appui de la&nbsp; Fondation allemande Konrad Adenauer, vise \u00e0 dynamiser les interactions entre les deux r\u00e9gions et \u00e0 les faire profiter du retour d\u2019exp\u00e9rience des parties prenantes,en renfor\u00e7ant les \u00e9changes \u00e9conomiques. Il s\u2019agit \u00e9galement de valoriser l\u2019engagement des femmes et des jeuneset de promouvoir la sensibilisation aux questions de genre, de d\u00e9veloppement durable, de technologie et d\u2019environnement dans la r\u00e9gion et de formuler des propositions de politiques publiques permettant d\u2019institutionnaliser lesrelations entre les deux r\u00e9gions.<\/p>\n\n\n\n<p class=\"wp-block-paragraph\">La conf\u00e9rence de Tunis constituera ainsi le lancement d\u2019une action inter-r\u00e9gionale pour la mise en place de strat\u00e9gies de d\u00e9veloppement paritaires et inclusives communes aux deux r\u00e9gions concern\u00e9es, en favorisant les \u00e9changes autour des meilleures pratiques dans les pays partenaires.<\/p>\n\n\n\n<p class=\"wp-block-paragraph\">Des personnalit\u00e9s f\u00e9minines de l\u2019Am\u00e9rique centrale et du sud et de l\u2019Afrique, issues du monde diplomatique, politique, du Business, de la recherche, de la m\u00e9decine et de l\u2019enseignement,des directrices d\u2019organismes,&nbsp; prendront part \u00e0 cette manifestation, ainsi que des hommes engag\u00e9s, tous pour une m\u00eame cause&nbsp;: Cr\u00e9er une force de proposition en mati\u00e8re de strat\u00e9gies r\u00e9gionales etintercontinentale et de faciliter la transmission des recommandations aux preneurs de d\u00e9cision des pays concern\u00e9s.<\/p>\n\n\n\n<p class=\"wp-block-paragraph\">Comme l\u2019explique Mme Amina MAGOURI,&nbsp; Directrice ex\u00e9cutive de SALMA Dialogue, Tunisie&nbsp;: \u00ab&nbsp;<em>Les pays de l\u2019Am\u00e9rique Latine et ceux de l\u2019Afrique sont en majorit\u00e9 des pays \u00e9mergents dontl\u2019environnement \u00e9conomique et social ainsi que les enjeux de d\u00e9veloppement sont sensiblement similaires. Ces similarit\u00e9s entre les deux r\u00e9gions, combin\u00e9es aux sp\u00e9cificit\u00e9s propres \u00e0 chacune d\u2019elles, permettront de cr\u00e9er des \u00e9changes aptes \u00e0 g\u00e9n\u00e9rer des synergies profitables \u00e0 tous, en amor\u00e7ant une dynamique positive en mati\u00e8re d\u2019\u00e9galit\u00e9 des genres,dynamiser la coop\u00e9ration dans le secteur des soins et de la sant\u00e9 : Concevoir une strat\u00e9gie commune pour renforcer la coop\u00e9ration en mati\u00e8re de maintien de la paix, de la coh\u00e9sion sociale et de la s\u00e9curit\u00e9 des pays concern\u00e9s<\/em>\u00bb.<\/p>\n\n\n\n<p class=\"wp-block-paragraph\">Mme Magouri est fi\u00e8re de nous l\u2019annoncer&nbsp;:<em> \u00abCeci constitue une avant-premi\u00e8re qu\u2019une Ministre des Affaires Etrang\u00e8res du Panama visite la Tunisie&nbsp; et &nbsp;est en soi, un v\u00e9ritable d\u00e9clenchement pour le renforcement des liens entre la Tunisie et le Panama. Tous deux d\u00e9sireux de d\u00e9velopper et de renforcer la coop\u00e9ration entre les deux pays\u00bb.<\/em><\/p>\n\n\n\n<p class=\"wp-block-paragraph\">Mme Raymonde Goudou Coffie, Ministre Gouverneure du district autonome des Lacs du C\u00f4te d\u2019Ivoire, pense que cette conf\u00e9rence est tr\u00e8s innovante, en b\u00e2tissant un pont entre l\u2019Afriqueet l\u2019Am\u00e9rique latine, qui constituera, avec le temps, un v\u00e9ritable h\u00e9ritage, qui rassemble africaines et latino-am\u00e9ricains.<\/p>\n\n\n\n<p class=\"wp-block-paragraph\">Mme Mar\u00eda Noel Vaeza, Directrice r\u00e9gionale d\u2019ONU-Femmes pour les Am\u00e9riques et les Cara\u00efbesen t\u00e9moigne&nbsp;: <em>\u00ab&nbsp;C\u2019est un plaisir d\u2019\u00eatre en Tunisie et de faire partie de SALMA Dialogue et de son network entre l\u2019Am\u00e9rique et l\u2019Afrique.Ce network d\u00e9montre qu\u2019il y a un d\u00e9fi commun auquel on doit faire face \u00e0 deux.&nbsp;\u00bb<\/em><\/p>\n\n\n\n<p class=\"wp-block-paragraph\">Mme Silvia Giacoppo S\u00e9natrice \u00e0 l&rsquo;Honorable S\u00e9nat de\u00a0l\u2019Argentine et Pr\u00e9sidente du R\u00e9seau parlementaire sur le changement climatiquenous affirme que\u00a0SALMA Dialogue constitue une opportunit\u00e9 magnifique entre l\u2019Am\u00e9rique Latine et l\u2019Afrique d\u2019\u00eatre ensemble et de rassembler, id\u00e9es et forces pour r\u00e9soudre les m\u00eames probl\u00e8mes.<\/p>\n\n\n\n<p class=\"wp-block-paragraph\"><strong>Avec Communiqu\u00e9<\/strong><\/p>\n","protected":false},"excerpt":{"rendered":"<p>La Tunisie a abrit\u00e9, \u00e0 partir du Lundi 29 Aout et durant 3 jours, la conf\u00e9rence \u00ab SALMA Dialogue \u00bb: Pour des strat\u00e9gies plus inclusives en Afrique &amp; en Am\u00e9rique Latine.SALMA Dialogue accueillera des femmes et des hommes engag\u00e9s pour l\u2019\u00e9quit\u00e9, la justice et la parit\u00e9. La conf\u00e9rence a pour but de faciliter la mise [&hellip;]<\/p>\n","protected":false},"author":4,"featured_media":42980,"comment_status":"open","ping_status":"closed","sticky":false,"template":"","format":"standard","meta":{"content-type":"","jnews-multi-image_gallery":[],"jnews_single_post":{"subtitle":"","format":"standard","video":"","gallery":"","source_name":"","source_url":"","via_name":"","via_url":"","override_template":"0","override":[{"template":"1","single_blog_custom":"","parallax":"1","fullscreen":"1","layout":"right-sidebar","sidebar":"default-sidebar","second_sidebar":"default-sidebar","sticky_sidebar":"1","share_position":"top","share_float_style":"share-monocrhome","show_share_counter":"1","show_view_counter":"1","show_featured":"1","show_post_meta":"1","show_post_author":"1","show_post_author_image":"1","show_post_date":"1","post_date_format":"default","post_date_format_custom":"Y\/m\/d","show_post_category":"1","show_post_reading_time":"0","post_reading_time_wpm":"300","show_zoom_button":"0","zoom_button_out_step":"2","zoom_button_in_step":"3","show_post_tag":"1","show_prev_next_post":"1","show_popup_post":"1","number_popup_post":"1","show_author_box":"0","show_post_related":"0","show_inline_post_related":"0"}],"override_image_size":"0","image_override":[{"single_post_thumbnail_size":"crop-500","single_post_gallery_size":"crop-500"}],"trending_post":"0","trending_post_position":"meta","trending_post_label":"Trending","sponsored_post":"0","sponsored_post_label":"Sponsored by","sponsored_post_name":"","sponsored_post_url":"","sponsored_post_logo_enable":"0","sponsored_post_logo":"","sponsored_post_desc":"","disable_ad":"0"},"jnews_primary_category":{"id":""},"jnews_override_bookmark_settings":[],"jnews_review":[],"enable_review":"","type":"","name":"","summary":"","brand":"","sku":"","good":[],"bad":[],"score_override":"","override_value":"","rating":[],"price":[],"jnews_post_split":[],"footnotes":""},"categories":[43,73],"tags":[63,8967,8966,54],"class_list":["post-42979","post","type-post","status-publish","format-standard","has-post-thumbnail","hentry","category-eco-business","category-eco","tag-afrique","tag-amerique-latine","tag-strategies","tag-tunisie"],"_links":{"self":[{"href":"https:\/\/www.africanchallenges.com\/index.php?rest_route=\/wp\/v2\/posts\/42979","targetHints":{"allow":["GET"]}}],"collection":[{"href":"https:\/\/www.africanchallenges.com\/index.php?rest_route=\/wp\/v2\/posts"}],"about":[{"href":"https:\/\/www.africanchallenges.com\/index.php?rest_route=\/wp\/v2\/types\/post"}],"author":[{"embeddable":true,"href":"https:\/\/www.africanchallenges.com\/index.php?rest_route=\/wp\/v2\/users\/4"}],"replies":[{"embeddable":true,"href":"https:\/\/www.africanchallenges.com\/index.php?rest_route=%2Fwp%2Fv2%2Fcomments&post=42979"}],"version-history":[{"count":1,"href":"https:\/\/www.africanchallenges.com\/index.php?rest_route=\/wp\/v2\/posts\/42979\/revisions"}],"predecessor-version":[{"id":42981,"href":"https:\/\/www.africanchallenges.com\/index.php?rest_route=\/wp\/v2\/posts\/42979\/revisions\/42981"}],"wp:featuredmedia":[{"embeddable":true,"href":"https:\/\/www.africanchallenges.com\/index.php?rest_route=\/wp\/v2\/media\/42980"}],"wp:attachment":[{"href":"https:\/\/www.africanchallenges.com\/index.php?rest_route=%2Fwp%2Fv2%2Fmedia&parent=42979"}],"wp:term":[{"taxonomy":"category","embeddable":true,"href":"https:\/\/www.africanchallenges.com\/index.php?rest_route=%2Fwp%2Fv2%2Fcategories&post=42979"},{"taxonomy":"post_tag","embeddable":true,"href":"https:\/\/www.africanchallenges.com\/index.php?rest_route=%2Fwp%2Fv2%2Ftags&post=42979"}],"curies":[{"name":"wp","href":"https:\/\/api.w.org\/{rel}","templated":true}]}}