{"id":42913,"date":"2022-08-29T23:31:45","date_gmt":"2022-08-29T23:31:45","guid":{"rendered":"https:\/\/www.africanchallenges.com\/?p=42913"},"modified":"2022-08-30T00:19:12","modified_gmt":"2022-08-30T00:19:12","slug":"tunisie-la-ministre-de-lindustrie-neila-nouira-gongi-inaugure-une-centrale-electrique-a-cycle-combine-a-rades","status":"publish","type":"post","link":"https:\/\/www.africanchallenges.com\/?p=42913","title":{"rendered":"Tunisie\u00a0: La ministre de l\u2019industrie, Neila Nouira Gongi inaugure une centrale \u00e9lectrique \u00e0 cycle combin\u00e9 \u00e0 Rad\u00e8s"},"content":{"rendered":"\n<p class=\"wp-block-paragraph\">En marge &nbsp;des activit\u00e9s de la huiti\u00e8me \u00e9dition de la Conf\u00e9rence internationale&nbsp;<em>de<\/em>&nbsp;Tokyo sur le d\u00e9veloppement&nbsp;de l&rsquo;Afrique \u00ab\u00a0Ticad 8\u00a0\u00bb, qui s\u2019est tenue en Tunisie les 27 et 28 ao\u00fbt, la ministre de l&rsquo;Industrie, des Mines et de l&rsquo;\u00e9nergie, Mme , &nbsp;Neila Nouira Gongi, a supervis\u00e9 hier soir dimanche 28 ao\u00fbt 2022, la c\u00e9r\u00e9monie d&rsquo;ouverture de la centrale&nbsp; \u00e0 cycle combin\u00e9 de Rad\u00e8s , en pr\u00e9sence du secr\u00e9taire d&rsquo;\u00c9tat japonais pour l&rsquo;\u00e9conomie, le commerce et l&rsquo;industrie, M. Shinichi nakatani, l&rsquo;ambassadeur du Japon en Tunisie, M. Shimizu Shinisuke, directeur de l&rsquo;Agence japonaise pour la coop\u00e9ration internationale Jica pour l&rsquo;Europe et le Moyen-Orient M. Matsunaga Hideki, le gouverneur de &nbsp;Ben Arous M. Ezzedine Chalby, le &nbsp;pr\u00e9sident g\u00e9n\u00e9ral dela soci\u00e9t\u00e9 de &nbsp;l&rsquo;\u00e9lectricit\u00e9 tunisienne et du gaz , Hichem Annan, la directrice ex\u00e9cutive du complexe Sumitomo, et un certain nombre de responsables &nbsp;de l\u2019usine &nbsp;Mitsubishi &nbsp;Power et Steg.<\/p>\n\n\n\n<p class=\"wp-block-paragraph\">Dans son allocution, la ministre a confirm\u00e9 que le projet est consid\u00e9r\u00e9 comme l&rsquo;un des plus grands projets en Tunisie financ\u00e9 par l&rsquo;Agence japonaise de coop\u00e9ration internationale dans le secteur de l&rsquo;\u00e9nergie.C\u2019est la meilleure preuve de la coop\u00e9ration continue entre la Tunisie et le Japon dans divers domaines et le lancement d&rsquo;autres projets dans le domaine de l&rsquo;\u00e9nergie et des \u00e9nergies renouvelables<\/p>\n\n\n\n<p class=\"wp-block-paragraph\">Gongi a d\u00e9clar\u00e9 que la station aura un caract\u00e8re artistique \u00e9lev\u00e9 avec une capacit\u00e9 de 450 m\u00e9gawatts et&nbsp; une capacit\u00e9 \u00e9nerg\u00e9tique de 60%, ce qui permettra de prot\u00e9ger l&rsquo;environnement, de r\u00e9duire la consommation d&rsquo;\u00e9nergie fossile et de r\u00e9pondre aux normes internationales dans le domaine<\/p>\n\n\n\n<p class=\"wp-block-paragraph\">La ministre a expliqu\u00e9 que la construction de cette centrale \u00e9lectrique s&rsquo;inscrit dans le cadre de la satisfaction de la demande d&rsquo;\u00e9lectricit\u00e9, notamment pendant la p\u00e9riode de consommation, car elle permet le d\u00e9veloppement de la capacit\u00e9 nationale dans le domaine de la production d&rsquo;\u00e9lectricit\u00e9.<\/p>\n\n\n\n<p class=\"wp-block-paragraph\">M. Shinichi Nakatani a confirm\u00e9 que le gouvernement japonais a annonc\u00e9 l&rsquo;expansion du pont de liaison avec la Tunisie et s&#8217;emploie \u00e0 renforcer la coop\u00e9ration \u00e9conomique dans divers domaines.<\/p>\n\n\n\n<p class=\"wp-block-paragraph\">M. Hichem Annan a d\u00e9clar\u00e9 que la centrale avait aid\u00e9 \u00e0 r\u00e9pondre \u00e0 10 % de sa demande d&rsquo;\u00e9lectricit\u00e9 cet \u00e9t\u00e9&nbsp; gr\u00e2ce \u00e0 sa technologie de pointe distinctive.<\/p>\n\n\n\n<p class=\"wp-block-paragraph\">Il convient de noter que le projet a \u00e9t\u00e9 r\u00e9alis\u00e9 par le complexe&nbsp; Sumitomo Electric et Mitsubishi Power et financ\u00e9 par l&rsquo;Agence japonaise de coop\u00e9ration internationale avec un investissement d&rsquo;environ 820 millions de dinars.<\/p>\n","protected":false},"excerpt":{"rendered":"<p>En marge &nbsp;des activit\u00e9s de la huiti\u00e8me \u00e9dition de la Conf\u00e9rence internationale&nbsp;de&nbsp;Tokyo sur le d\u00e9veloppement&nbsp;de l&rsquo;Afrique \u00ab\u00a0Ticad 8\u00a0\u00bb, qui s\u2019est tenue en Tunisie les 27 et 28 ao\u00fbt, la ministre de l&rsquo;Industrie, des Mines et de l&rsquo;\u00e9nergie, Mme , &nbsp;Neila Nouira Gongi, a supervis\u00e9 hier soir dimanche 28 ao\u00fbt 2022, la c\u00e9r\u00e9monie d&rsquo;ouverture de la [&hellip;]<\/p>\n","protected":false},"author":3,"featured_media":42914,"comment_status":"open","ping_status":"closed","sticky":false,"template":"","format":"standard","meta":{"content-type":"","jnews-multi-image_gallery":[],"jnews_single_post":{"subtitle":"","format":"standard","video":"","gallery":"","source_name":"","source_url":"","via_name":"","via_url":"","override_template":"0","override":[{"template":"1","single_blog_custom":"","parallax":"1","fullscreen":"1","layout":"right-sidebar","sidebar":"default-sidebar","second_sidebar":"default-sidebar","sticky_sidebar":"1","share_position":"top","share_float_style":"share-monocrhome","show_share_counter":"1","show_view_counter":"1","show_featured":"1","show_post_meta":"1","show_post_author":"1","show_post_author_image":"1","show_post_date":"1","post_date_format":"default","post_date_format_custom":"Y\/m\/d","show_post_category":"1","show_post_reading_time":"0","post_reading_time_wpm":"300","show_zoom_button":"0","zoom_button_out_step":"2","zoom_button_in_step":"3","show_post_tag":"1","show_prev_next_post":"1","show_popup_post":"1","number_popup_post":"1","show_author_box":"0","show_post_related":"0","show_inline_post_related":"0"}],"override_image_size":"0","image_override":[{"single_post_thumbnail_size":"crop-500","single_post_gallery_size":"crop-500"}],"trending_post":"0","trending_post_position":"meta","trending_post_label":"Trending","sponsored_post":"0","sponsored_post_label":"Sponsored by","sponsored_post_name":"","sponsored_post_url":"","sponsored_post_logo_enable":"0","sponsored_post_logo":"","sponsored_post_desc":"","disable_ad":"0"},"jnews_primary_category":{"id":""},"jnews_override_bookmark_settings":[],"jnews_review":[],"enable_review":"","type":"","name":"","summary":"","brand":"","sku":"","good":[],"bad":[],"score_override":"","override_value":"","rating":[],"price":[],"jnews_post_split":[],"footnotes":""},"categories":[43,73],"tags":[8956,8480,8957],"class_list":["post-42913","post","type-post","status-publish","format-standard","has-post-thumbnail","hentry","category-eco-business","category-eco","tag-centrale-electrique","tag-neila-nouira-gongi-2","tag-rades"],"_links":{"self":[{"href":"https:\/\/www.africanchallenges.com\/index.php?rest_route=\/wp\/v2\/posts\/42913","targetHints":{"allow":["GET"]}}],"collection":[{"href":"https:\/\/www.africanchallenges.com\/index.php?rest_route=\/wp\/v2\/posts"}],"about":[{"href":"https:\/\/www.africanchallenges.com\/index.php?rest_route=\/wp\/v2\/types\/post"}],"author":[{"embeddable":true,"href":"https:\/\/www.africanchallenges.com\/index.php?rest_route=\/wp\/v2\/users\/3"}],"replies":[{"embeddable":true,"href":"https:\/\/www.africanchallenges.com\/index.php?rest_route=%2Fwp%2Fv2%2Fcomments&post=42913"}],"version-history":[{"count":5,"href":"https:\/\/www.africanchallenges.com\/index.php?rest_route=\/wp\/v2\/posts\/42913\/revisions"}],"predecessor-version":[{"id":42925,"href":"https:\/\/www.africanchallenges.com\/index.php?rest_route=\/wp\/v2\/posts\/42913\/revisions\/42925"}],"wp:featuredmedia":[{"embeddable":true,"href":"https:\/\/www.africanchallenges.com\/index.php?rest_route=\/wp\/v2\/media\/42914"}],"wp:attachment":[{"href":"https:\/\/www.africanchallenges.com\/index.php?rest_route=%2Fwp%2Fv2%2Fmedia&parent=42913"}],"wp:term":[{"taxonomy":"category","embeddable":true,"href":"https:\/\/www.africanchallenges.com\/index.php?rest_route=%2Fwp%2Fv2%2Fcategories&post=42913"},{"taxonomy":"post_tag","embeddable":true,"href":"https:\/\/www.africanchallenges.com\/index.php?rest_route=%2Fwp%2Fv2%2Ftags&post=42913"}],"curies":[{"name":"wp","href":"https:\/\/api.w.org\/{rel}","templated":true}]}}