{"id":4289,"date":"2019-01-06T07:42:50","date_gmt":"2019-01-06T07:42:50","guid":{"rendered":"http:\/\/www.africanchallenges.com\/?p=4289"},"modified":"2019-01-06T09:01:27","modified_gmt":"2019-01-06T09:01:27","slug":"voeux-2019-le-message-televise-dali-bongo-met-fin-aux-rumeurs-sur-son-etat-de-sante","status":"publish","type":"post","link":"https:\/\/www.africanchallenges.com\/?p=4289","title":{"rendered":"V\u0153ux 2019 : le message t\u00e9l\u00e9vis\u00e9 d\u2019Ali Bongo met fin aux rumeurs sur son \u00e9tat de sant\u00e9"},"content":{"rendered":"\n<p class=\"wp-block-paragraph\"><strong>Le chef de l\u2019Etat gabonais a d\u00e9livr\u00e9 un message de v\u0153ux \u00e0 la nation relativement bref. M\u00eame si son \u00e9locution ne semble pas parfaite, il appara\u00eet clairement, \u00e0 l\u2019image, qu\u2019il se remet de son accident.<\/strong><\/p>\n\n\n\n<p class=\"wp-block-paragraph\">Mes chers Compatriotes, Gabonaises, Gabonais,<\/p>\n\n\n\n<p class=\"wp-block-paragraph\" style=\"font-size:0\">Avant toute chose, permettez-moi de vous adresser, \u00e0 toutes et \u00e0 tous, pour cette ann\u00e9e nouvelle,  mes meilleurs v\u0153ux de sant\u00e9, de bonheur et de prosp\u00e9rit\u00e9. Puissions-nous vivre en paix et dans la concorde, comme nous l\u2019avons toujours fait.<\/p>\n\n\n\n<p class=\"wp-block-paragraph\">Comme vous le savez, l\u2019ann\u00e9e 2018 a \u00e9t\u00e9 marqu\u00e9e par la mise en place de mesures fortes pour retrouver l\u2019\u00e9quilibre budg\u00e9taire.<\/p>\n\n\n\n<p class=\"wp-block-paragraph\">Gabonaises, Gabonais,  Si votre bien-\u00eatre m\u2019importe, notre vivre-ensemble me pr\u00e9occupe tout autant car rappelons que la Nation gabonaise est une et indivisible. Que vous serez toujours au c\u0153ur de mes pr\u00e9occupations.<\/p>\n\n\n\n<p class=\"wp-block-paragraph\">Permettez-moi cependant et en quelques mots d\u2019\u00e9voquer un sujet qui, je le sais, a nourri les discussions et fait l\u2019objet de nombreuses sp\u00e9culations. Il est vrai que j\u2019ai travers\u00e9 une p\u00e9riode difficile, comme cela arrive parfois dans la vie. Cette \u00e9preuve, je l\u2019ai surmont\u00e9e gr\u00e2ce \u00e0 Dieu, aux personnes qui m\u2019ont entour\u00e9 \u2013 ma famille en particulier \u2013, mais aussi gr\u00e2ce \u00e0 vos t\u00e9moignages de soutien.<\/p>\n\n\n\n<p class=\"wp-block-paragraph\">Aujourd\u2019hui comme vous pouvez le constater, je vais mieux, et me pr\u00e9pare \u00e0 vous retrouver tr\u00e8s vite.<\/p>\n\n\n\n<p class=\"wp-block-paragraph\">Mes chers compatriotes, Je continuerai \u00e0 mettre toute mon \u00e9nergie et toutes mes forces au service de notre pays et \u00e0 l\u2019am\u00e9lioration de nos conditions de vie au quotidien.<\/p>\n\n\n\n<p class=\"wp-block-paragraph\">A nouveau, je vous souhaite \u00e0 tous \u00e0 toutes et une excellente ann\u00e9e 2019, faite de joie et de prosp\u00e9rit\u00e9 pour notre pays. Que Dieu vous b\u00e9nisse et b\u00e9nisse le Gabon.<\/p>\n\n\n\n<p class=\"wp-block-paragraph\">Je vous remercie.<\/p>\n\n\n\n<p class=\"wp-block-paragraph\">Avec Agence Ecofin<\/p>\n","protected":false},"excerpt":{"rendered":"<p>Le chef de l\u2019Etat gabonais a d\u00e9livr\u00e9 un message de v\u0153ux \u00e0 la nation relativement bref. M\u00eame si son \u00e9locution ne semble pas parfaite, il appara\u00eet clairement, \u00e0 l\u2019image, qu\u2019il se remet de son accident. Mes chers Compatriotes, Gabonaises, Gabonais, Avant toute chose, permettez-moi de vous adresser, \u00e0 toutes et \u00e0 tous, pour cette ann\u00e9e [&hellip;]<\/p>\n","protected":false},"author":4,"featured_media":4292,"comment_status":"open","ping_status":"closed","sticky":false,"template":"","format":"standard","meta":{"content-type":"","jnews-multi-image_gallery":[],"jnews_single_post":{"override_template":"1","override":[{"template":"1","parallax":"1","layout":"right-sidebar","sidebar":"default-sidebar","second_sidebar":"default-sidebar","sticky_sidebar":"1","share_position":"top","share_float_style":"share-monocrhome","show_share_counter":"1","show_view_counter":"1","show_featured":"1","show_post_meta":"1","show_post_author":"1","show_post_author_image":"1","show_post_date":"1","post_date_format":"default","post_date_format_custom":"Y\/m\/d","show_post_category":"1","show_post_tag":"1","show_prev_next_post":"1","show_popup_post":"1","number_popup_post":"1","show_post_related":"1"}],"image_override":[{"single_post_thumbnail_size":"crop-500","single_post_gallery_size":"crop-500"}]},"jnews_primary_category":{"id":""},"jnews_override_bookmark_settings":[],"jnews_review":[],"enable_review":"","type":"","name":"","summary":"","brand":"","sku":"","good":[],"bad":[],"score_override":"","override_value":"","rating":[],"price":[],"jnews_post_split":[],"footnotes":""},"categories":[2],"tags":[1660,466,915],"class_list":["post-4289","post","type-post","status-publish","format-standard","has-post-thumbnail","hentry","category-news-politique","tag-ali-bongo","tag-ali-bongo-ondimba","tag-gabon"],"_links":{"self":[{"href":"https:\/\/www.africanchallenges.com\/index.php?rest_route=\/wp\/v2\/posts\/4289","targetHints":{"allow":["GET"]}}],"collection":[{"href":"https:\/\/www.africanchallenges.com\/index.php?rest_route=\/wp\/v2\/posts"}],"about":[{"href":"https:\/\/www.africanchallenges.com\/index.php?rest_route=\/wp\/v2\/types\/post"}],"author":[{"embeddable":true,"href":"https:\/\/www.africanchallenges.com\/index.php?rest_route=\/wp\/v2\/users\/4"}],"replies":[{"embeddable":true,"href":"https:\/\/www.africanchallenges.com\/index.php?rest_route=%2Fwp%2Fv2%2Fcomments&post=4289"}],"version-history":[{"count":1,"href":"https:\/\/www.africanchallenges.com\/index.php?rest_route=\/wp\/v2\/posts\/4289\/revisions"}],"predecessor-version":[{"id":4293,"href":"https:\/\/www.africanchallenges.com\/index.php?rest_route=\/wp\/v2\/posts\/4289\/revisions\/4293"}],"wp:featuredmedia":[{"embeddable":true,"href":"https:\/\/www.africanchallenges.com\/index.php?rest_route=\/wp\/v2\/media\/4292"}],"wp:attachment":[{"href":"https:\/\/www.africanchallenges.com\/index.php?rest_route=%2Fwp%2Fv2%2Fmedia&parent=4289"}],"wp:term":[{"taxonomy":"category","embeddable":true,"href":"https:\/\/www.africanchallenges.com\/index.php?rest_route=%2Fwp%2Fv2%2Fcategories&post=4289"},{"taxonomy":"post_tag","embeddable":true,"href":"https:\/\/www.africanchallenges.com\/index.php?rest_route=%2Fwp%2Fv2%2Ftags&post=4289"}],"curies":[{"name":"wp","href":"https:\/\/api.w.org\/{rel}","templated":true}]}}