{"id":42570,"date":"2022-08-17T20:46:32","date_gmt":"2022-08-17T20:46:32","guid":{"rendered":"https:\/\/www.africanchallenges.com\/?p=42570"},"modified":"2022-08-17T21:02:09","modified_gmt":"2022-08-17T21:02:09","slug":"evenement-officiel-parallele-a-la-ticad8-accelerer-lacces-aux-energies-propres-grace-au-financement-climatique","status":"publish","type":"post","link":"https:\/\/www.africanchallenges.com\/?p=42570","title":{"rendered":"\u00c9v\u00e9nement officiel parall\u00e8le \u00e0 la TICAD8 : Acc\u00e9l\u00e9rer l\u2019acc\u00e8s aux \u00e9nergies propres gr\u00e2ce au financement climatique"},"content":{"rendered":"\n<p class=\"wp-block-paragraph\">Le 22&nbsp;ao\u00fbt 2022, la Banque africaine de d\u00e9veloppement et la Soci\u00e9t\u00e9 financi\u00e8re internationale organiseront un \u00e9v\u00e9nement pour discuter des d\u00e9fis li\u00e9s \u00e0 l\u2019acc\u00e9l\u00e9ration de la transition vers une \u00e9nergie propre, des opportunit\u00e9s d\u2019investissement pour le secteur priv\u00e9 et des moyens pour les institutions de financement du d\u00e9veloppement d\u2019intensification de leur soutien pour atteindre ces objectifs.<\/p>\n\n\n\n<p class=\"wp-block-paragraph\">L\u2019\u00e9v\u00e9nement parall\u00e8le aura lieu virtuellement en marge de la 8<sup>e<\/sup>&nbsp;Conf\u00e9rence internationale de Tokyo sur le d\u00e9veloppement de l\u2019Afrique (TICAD8) qui se tiendra les 27 et 28&nbsp;ao\u00fbt 2022 \u00e0 Tunis.<\/p>\n\n\n\n<p class=\"wp-block-paragraph\">L\u2019\u00e9v\u00e9nement parall\u00e8le du 22&nbsp;ao\u00fbt comprendra un message vid\u00e9o du pr\u00e9sident de la Banque africaine de d\u00e9veloppement, M.&nbsp;Akinwumi Adesina, dans lequel il soulignera l\u2019importance d\u2019une croissance durable et verte pour le continent. M.&nbsp;Kevin. K.&nbsp;Kariuki, vice-pr\u00e9sident charg\u00e9 de l\u2019\u00c9lectricit\u00e9, de l\u2019\u00c9nergie, du Climat et de la croissance verte, prononcera une allocution d\u2019ouverture sur la strat\u00e9gie de la Banque en Afrique.<\/p>\n\n\n\n<p class=\"wp-block-paragraph\">M.&nbsp;Wale Shonibare, directeur du D\u00e9partement des solutions financi\u00e8res, de la politique et de la r\u00e9gulation de l\u2019\u00e9nergie, participera \u00e0 une table\u2011ronde sur les voies par lesquelles les pays africains peuvent lutter contre la pauvret\u00e9 \u00e9nerg\u00e9tique et le changement climatique. M.&nbsp;Daniel Schroth, directeur du D\u00e9partement des \u00e9nergies renouvelables et de l\u2019efficacit\u00e9 \u00e9nerg\u00e9tique, participera \u00e0 un panel sur le financement du climat et la mani\u00e8re dont les institutions de financement du d\u00e9veloppement et le secteur priv\u00e9 peuvent contribuer \u00e0 combler l\u2019\u00e9norme d\u00e9ficit de financement sur le continent.<\/p>\n\n\n\n<p class=\"wp-block-paragraph\">Alors que l\u2019Afrique \u00e9merge de la pand\u00e9mie de Covid-19, environ 600&nbsp;millions de personnes sont toujours priv\u00e9es d\u2019acc\u00e8s \u00e0 l\u2019\u00e9nergie. Le monde s\u2019engage dans la d\u00e9carbonisation, et il est imp\u00e9ratif que l\u2019Afrique r\u00e9alise une transition juste et \u00e9quitable vers une \u00e9nergie propre tout en luttant contre sa pauvret\u00e9 \u00e9nerg\u00e9tique. Avec cet objectif \u00e9nerg\u00e9tique en ligne de mire, cet \u00e9v\u00e9nement r\u00e9unit des experts des secteurs public et priv\u00e9 d\u2019Asie et d\u2019Afrique, ainsi que des institutions de financement du d\u00e9veloppement.<\/p>\n\n\n\n<p class=\"wp-block-paragraph\"><strong>Timetable&nbsp;\/ Calendrier&nbsp;:<\/strong><\/p>\n\n\n\n<figure class=\"wp-block-table\"><table><thead><tr><th scope=\"col\">Heure&nbsp;: JST<br>(C\u00f4te d\u2019Ivoire\/Tunisie)<\/th><th scope=\"col\">Agenda<br>Programme<\/th><\/tr><\/thead><tbody><tr><td>&nbsp;<\/td><td>MC&nbsp;: Mme&nbsp;Jumoke Jagun-Dokunmu, directrice r\u00e9gionale pour l\u2019Afrique de l\u2019Est de la SFI.<\/td><\/tr><tr><td>19h00-19h20(10h00-10h20\/ 11h00-11h20)<\/td><td><strong>Allocution d\u2019ouverture<\/strong>Messages vid\u00e9o &#8211; \u00e0 confirmerMessage vid\u00e9o du pr\u00e9sident de la Banque africaine de d\u00e9veloppement, M.&nbsp;Akinwumi Adesina<strong>Pr\u00e9sentations liminaires<\/strong>M. S\u00e9rgio Pimenta, vice-pr\u00e9sident pour l\u2019Afrique de la SFILes priorit\u00e9s et la strat\u00e9gie de la SFI en Afrique (\u00e0 confirmer)M.&nbsp;Kevin. K.&nbsp;Kariuki, vice-pr\u00e9sident charg\u00e9 de l\u2019\u00c9lectricit\u00e9, de l\u2019\u00c9nergie, du Climat et de la croissance verte de la BADPriorit\u00e9s et strat\u00e9gie de la BAD en Afrique (\u00e0 confirmer)<\/td><\/tr><tr><td>19h 20-20h 20(10h 20-11h 20\/ 11h 20-12h 20)&nbsp;<\/td><td><strong>Table\u2011ronde<\/strong>Mod\u00e9rateur&nbsp;: M. Vivek Mittal, CEO, Association pour le d\u00e9veloppement des infrastructures en Afrique<strong>Th\u00e8me&nbsp;1.&nbsp; Transition \u00e9nerg\u00e9tique propre<\/strong>Mme&nbsp;Linda Munyengeterwa, directrice de l\u2019Infra MO &amp; Afrique de la SFI*.M.&nbsp;Wale Shonibare, directeur des Solutions financi\u00e8res, de la politique et de la r\u00e9gulation de l\u2019\u00e9nergie \u00e0 la BAD.M. Katsuya Kuge, directeur principal, groupe \u00e9nergie et mines, D\u00e9partement de gestion des infrastructures, JICAM. Belhassen Chiboub, directeur g\u00e9n\u00e9ral de la Transition \u00e9lectrique et \u00e9nerg\u00e9tique au minist\u00e8re de l\u2019Industrie, de l\u2019\u00c9nergie et des Mines du gouvernement tunisien.M.&nbsp;Takumi Ariga, directeur du D\u00e9veloppement commercial de Hitachi Energy Japan.<strong>Th\u00e8me&nbsp;2. Financement li\u00e9 au climat<\/strong>M. Vivek Pathak, directeur du Financement climatique de la SFIM.&nbsp;Daniel-Alexander Schroth, directeur des \u00c9nergies renouvelables et de l\u2019efficacit\u00e9 \u00e9nerg\u00e9tique de la BAD.Mme Basma Bentaher, directrice principale charg\u00e9e du D\u00e9veloppement des projets, AMEA PowerM. Andrew Johnstone, CEO de Climate Fund Managers.<\/td><\/tr><tr><td>20h20-20h30 (11h20-11h30\/ 12h20-12h30)&nbsp;<\/td><td><strong>Questions &amp; R\u00e9ponses<\/strong><\/td><\/tr><tr><td>20h30 (11h30\/12h30)&nbsp;<\/td><td><strong>Cl\u00f4ture<\/strong><\/td><\/tr><\/tbody><\/table><\/figure>\n","protected":false},"excerpt":{"rendered":"<p>Le 22&nbsp;ao\u00fbt 2022, la Banque africaine de d\u00e9veloppement et la Soci\u00e9t\u00e9 financi\u00e8re internationale organiseront un \u00e9v\u00e9nement pour discuter des d\u00e9fis li\u00e9s \u00e0 l\u2019acc\u00e9l\u00e9ration de la transition vers une \u00e9nergie propre, des opportunit\u00e9s d\u2019investissement pour le secteur priv\u00e9 et des moyens pour les institutions de financement du d\u00e9veloppement d\u2019intensification de leur soutien pour atteindre ces objectifs. [&hellip;]<\/p>\n","protected":false},"author":4,"featured_media":42581,"comment_status":"open","ping_status":"closed","sticky":false,"template":"","format":"standard","meta":{"content-type":"","jnews-multi-image_gallery":[],"jnews_single_post":{"subtitle":"","format":"standard","video":"","gallery":"","source_name":"","source_url":"","via_name":"","via_url":"","override_template":"0","override":[{"template":"1","single_blog_custom":"","parallax":"1","fullscreen":"1","layout":"right-sidebar","sidebar":"default-sidebar","second_sidebar":"default-sidebar","sticky_sidebar":"1","share_position":"top","share_float_style":"share-monocrhome","show_share_counter":"1","show_view_counter":"1","show_featured":"1","show_post_meta":"1","show_post_author":"1","show_post_author_image":"1","show_post_date":"1","post_date_format":"default","post_date_format_custom":"Y\/m\/d","show_post_category":"1","show_post_reading_time":"0","post_reading_time_wpm":"300","show_zoom_button":"0","zoom_button_out_step":"2","zoom_button_in_step":"3","show_post_tag":"1","show_prev_next_post":"1","show_popup_post":"1","number_popup_post":"1","show_author_box":"0","show_post_related":"0","show_inline_post_related":"0"}],"override_image_size":"0","image_override":[{"single_post_thumbnail_size":"crop-500","single_post_gallery_size":"crop-500"}],"trending_post":"0","trending_post_position":"meta","trending_post_label":"Trending","sponsored_post":"0","sponsored_post_label":"Sponsored by","sponsored_post_name":"","sponsored_post_url":"","sponsored_post_logo_enable":"0","sponsored_post_logo":"","sponsored_post_desc":"","disable_ad":"0"},"jnews_primary_category":{"id":""},"jnews_override_bookmark_settings":[],"jnews_review":[],"enable_review":"","type":"","name":"","summary":"","brand":"","sku":"","good":[],"bad":[],"score_override":"","override_value":"","rating":[],"price":[],"jnews_post_split":[],"footnotes":""},"categories":[43,73],"tags":[8872,1835,2373,8393],"class_list":["post-42570","post","type-post","status-publish","format-standard","has-post-thumbnail","hentry","category-eco-business","category-eco","tag-financement-climatique","tag-la-banque-africaine-de-developpement","tag-societe-financiere-internationale","tag-ticad8"],"_links":{"self":[{"href":"https:\/\/www.africanchallenges.com\/index.php?rest_route=\/wp\/v2\/posts\/42570","targetHints":{"allow":["GET"]}}],"collection":[{"href":"https:\/\/www.africanchallenges.com\/index.php?rest_route=\/wp\/v2\/posts"}],"about":[{"href":"https:\/\/www.africanchallenges.com\/index.php?rest_route=\/wp\/v2\/types\/post"}],"author":[{"embeddable":true,"href":"https:\/\/www.africanchallenges.com\/index.php?rest_route=\/wp\/v2\/users\/4"}],"replies":[{"embeddable":true,"href":"https:\/\/www.africanchallenges.com\/index.php?rest_route=%2Fwp%2Fv2%2Fcomments&post=42570"}],"version-history":[{"count":1,"href":"https:\/\/www.africanchallenges.com\/index.php?rest_route=\/wp\/v2\/posts\/42570\/revisions"}],"predecessor-version":[{"id":42582,"href":"https:\/\/www.africanchallenges.com\/index.php?rest_route=\/wp\/v2\/posts\/42570\/revisions\/42582"}],"wp:featuredmedia":[{"embeddable":true,"href":"https:\/\/www.africanchallenges.com\/index.php?rest_route=\/wp\/v2\/media\/42581"}],"wp:attachment":[{"href":"https:\/\/www.africanchallenges.com\/index.php?rest_route=%2Fwp%2Fv2%2Fmedia&parent=42570"}],"wp:term":[{"taxonomy":"category","embeddable":true,"href":"https:\/\/www.africanchallenges.com\/index.php?rest_route=%2Fwp%2Fv2%2Fcategories&post=42570"},{"taxonomy":"post_tag","embeddable":true,"href":"https:\/\/www.africanchallenges.com\/index.php?rest_route=%2Fwp%2Fv2%2Ftags&post=42570"}],"curies":[{"name":"wp","href":"https:\/\/api.w.org\/{rel}","templated":true}]}}