{"id":42483,"date":"2022-08-15T21:00:25","date_gmt":"2022-08-15T21:00:25","guid":{"rendered":"https:\/\/www.africanchallenges.com\/?p=42483"},"modified":"2022-08-15T21:04:13","modified_gmt":"2022-08-15T21:04:13","slug":"tunisie-le-ministre-de-la-defense-rend-visite-aux-soldats-blesses-lors-daffrontements-a-jebel-seloom","status":"publish","type":"post","link":"https:\/\/www.africanchallenges.com\/?p=42483","title":{"rendered":"Tunisie : Le ministre de la d\u00e9fense rend visite aux soldats bless\u00e9s lors d&rsquo;affrontements \u00e0 Jebel Seloom"},"content":{"rendered":"\n<p class=\"wp-block-paragraph\">Dans un communiqu\u00e9 rendu public , ce lundi 15 aout 2022, le minist\u00e8re de la d\u00e9fense nationale a indiqu\u00e9 que le ministre de la D\u00e9fense, Imed Memmich, s\u2019est rendu au chevet des soldats bless\u00e9s \u00a0le 12 aout, \u00a0dans une op\u00e9ration antiterroriste \u00e0 Jebel Selloum \u00a0au gouvernorat de Kasserine.<\/p>\n\n\n\n<p class=\"wp-block-paragraph\">M. Memmich a salu\u00e9 l\u2019esprit de haute responsabilit\u00e9 envers la nation dont font part les soldats dans la lutte antiterroriste lit-on dans le communiqu\u00e9 du minist\u00e8re.<\/p>\n\n\n\n<p class=\"wp-block-paragraph\">Le ministre a en outre encourag\u00e9 le staff m\u00e9dical en charge des deux bless\u00e9s au sein de l\u2019h\u00f4pital militaire de Tunis afin de les mettre sur pied au plus vite.<\/p>\n","protected":false},"excerpt":{"rendered":"<p>Dans un communiqu\u00e9 rendu public , ce lundi 15 aout 2022, le minist\u00e8re de la d\u00e9fense nationale a indiqu\u00e9 que le ministre de la D\u00e9fense, Imed Memmich, s\u2019est rendu au chevet des soldats bless\u00e9s \u00a0le 12 aout, \u00a0dans une op\u00e9ration antiterroriste \u00e0 Jebel Selloum \u00a0au gouvernorat de Kasserine. M. Memmich a salu\u00e9 l\u2019esprit de haute [&hellip;]<\/p>\n","protected":false},"author":4,"featured_media":0,"comment_status":"open","ping_status":"closed","sticky":false,"template":"","format":"standard","meta":{"content-type":"","jnews-multi-image_gallery":[],"jnews_single_post":{"subtitle":"","format":"standard","video":"","gallery":"","source_name":"","source_url":"","via_name":"","via_url":"","override_template":"0","override":[{"template":"1","single_blog_custom":"","parallax":"1","fullscreen":"1","layout":"right-sidebar","sidebar":"default-sidebar","second_sidebar":"default-sidebar","sticky_sidebar":"1","share_position":"top","share_float_style":"share-monocrhome","show_share_counter":"1","show_view_counter":"1","show_featured":"1","show_post_meta":"1","show_post_author":"1","show_post_author_image":"1","show_post_date":"1","post_date_format":"default","post_date_format_custom":"Y\/m\/d","show_post_category":"1","show_post_reading_time":"0","post_reading_time_wpm":"300","show_zoom_button":"0","zoom_button_out_step":"2","zoom_button_in_step":"3","show_post_tag":"1","show_prev_next_post":"1","show_popup_post":"1","number_popup_post":"1","show_author_box":"0","show_post_related":"0","show_inline_post_related":"0"}],"override_image_size":"0","image_override":[{"single_post_thumbnail_size":"crop-500","single_post_gallery_size":"crop-500"}],"trending_post":"0","trending_post_position":"meta","trending_post_label":"Trending","sponsored_post":"0","sponsored_post_label":"Sponsored by","sponsored_post_name":"","sponsored_post_url":"","sponsored_post_logo_enable":"0","sponsored_post_logo":"","sponsored_post_desc":"","disable_ad":"0"},"jnews_primary_category":{"id":""},"jnews_override_bookmark_settings":[],"jnews_review":[],"enable_review":"","type":"","name":"","summary":"","brand":"","sku":"","good":[],"bad":[],"score_override":"","override_value":"","rating":[],"price":[],"jnews_post_split":[],"footnotes":""},"categories":[2],"tags":[6548,8852,4087,8851],"class_list":["post-42483","post","type-post","status-publish","format-standard","hentry","category-news-politique","tag-affrontements","tag-jebel-seloom","tag-ministre-de-la-defense-2","tag-soldats-blesses"],"_links":{"self":[{"href":"https:\/\/www.africanchallenges.com\/index.php?rest_route=\/wp\/v2\/posts\/42483","targetHints":{"allow":["GET"]}}],"collection":[{"href":"https:\/\/www.africanchallenges.com\/index.php?rest_route=\/wp\/v2\/posts"}],"about":[{"href":"https:\/\/www.africanchallenges.com\/index.php?rest_route=\/wp\/v2\/types\/post"}],"author":[{"embeddable":true,"href":"https:\/\/www.africanchallenges.com\/index.php?rest_route=\/wp\/v2\/users\/4"}],"replies":[{"embeddable":true,"href":"https:\/\/www.africanchallenges.com\/index.php?rest_route=%2Fwp%2Fv2%2Fcomments&post=42483"}],"version-history":[{"count":2,"href":"https:\/\/www.africanchallenges.com\/index.php?rest_route=\/wp\/v2\/posts\/42483\/revisions"}],"predecessor-version":[{"id":42485,"href":"https:\/\/www.africanchallenges.com\/index.php?rest_route=\/wp\/v2\/posts\/42483\/revisions\/42485"}],"wp:attachment":[{"href":"https:\/\/www.africanchallenges.com\/index.php?rest_route=%2Fwp%2Fv2%2Fmedia&parent=42483"}],"wp:term":[{"taxonomy":"category","embeddable":true,"href":"https:\/\/www.africanchallenges.com\/index.php?rest_route=%2Fwp%2Fv2%2Fcategories&post=42483"},{"taxonomy":"post_tag","embeddable":true,"href":"https:\/\/www.africanchallenges.com\/index.php?rest_route=%2Fwp%2Fv2%2Ftags&post=42483"}],"curies":[{"name":"wp","href":"https:\/\/api.w.org\/{rel}","templated":true}]}}