{"id":42172,"date":"2022-08-01T14:05:00","date_gmt":"2022-08-01T14:05:00","guid":{"rendered":"https:\/\/www.africanchallenges.com\/?p=42172"},"modified":"2022-08-01T20:33:59","modified_gmt":"2022-08-01T20:33:59","slug":"tunisie-le-festival-national-dete-du-livre-massif-el-kiteb-sous-le-slogan","status":"publish","type":"post","link":"https:\/\/www.africanchallenges.com\/?p=42172","title":{"rendered":"Tunisie :  Le Festival national du livre d&rsquo;\u00e9t\u00e9 \u00ab\u00a0Massif El kiteb\u00a0\u00bb sous le slogan \u00ab\u00a0\u00a0\u00bbNassem Al kira\u00a0\u00bb du 22 juillet au 12 ao\u00fbt \u00e0 l&rsquo;Ariana"},"content":{"rendered":"\n<p class=\"wp-block-paragraph\">La M\u00e9diath\u00e8que r\u00e9gionale, organise en partenariat avec les biblioth\u00e8ques publiques &nbsp;du gouvernorat de l&rsquo;Ariana et l&rsquo;Association des fans des biblioth\u00e9caires et du livre, le Festival national  du livre d&rsquo;\u00e9t\u00e9 \u00ab&nbsp;Massif El kiteb&nbsp;\u00bb sous le slogan \u00ab\u00a0\u00a0\u00bbNassem Al kira \u00ab\u00a0\u00a0\u00bb sous la direction de Mme Sonia JANSSI. Ce festival se d\u00e9roule du 22 juillet et se poursuivra jusqu&rsquo;au 12 ao\u00fbt 2022.<\/p>\n\n\n\n<p class=\"wp-block-paragraph\">Les activit\u00e9s sont r\u00e9parties &nbsp;entre les espaces publics et les biblioth\u00e8ques dans les diff\u00e9rentes d\u00e9l\u00e9gations du gouvernorat de l&rsquo;Ariana.<\/p>\n\n\n\n<p class=\"wp-block-paragraph\">Cette 29\u00e8 \u00e9dition du Festival national &nbsp;du livre d&rsquo;\u00e9t\u00e9 se poursuit par des \u00e9v\u00e9nements stimulants pour attirer les enfants et les familles et les inciter \u00e0 participer aux diff\u00e9rentes activit\u00e9s du festival.<\/p>\n\n\n\n<p class=\"wp-block-paragraph\">Les activit\u00e9s culturelles comprenaient des repr\u00e9sentations th\u00e9\u00e2trales, de la lecture, des ateliers de mise en forme, de dessin, d&rsquo;artisanat, de fabrication de marionnettes et de contes.<\/p>\n\n\n\n<p class=\"wp-block-paragraph\">La derni\u00e8re soir\u00e9e&nbsp; de cette \u00e9dition aura lieu le 12 ao\u00fbt \u00e0 la M\u00e9diath\u00e8que R\u00e9gionale de l&rsquo;Ariana, anim\u00e9e par la po\u00e9sie et pr\u00e9sentant&nbsp; plusieurs nouveaut\u00e9s, en plus d\u2019 une soir\u00e9e de po\u00e9sie musicale &nbsp;avec Jlidi Al-Ouini  ainsi que rendre hommage aux &nbsp;participants \u00e0 cette 29\u00e8me \u00e9dition du Festival National du &nbsp;livre d&rsquo;\u00e9t\u00e9.<\/p>\n","protected":false},"excerpt":{"rendered":"<p>La M\u00e9diath\u00e8que r\u00e9gionale, organise en partenariat avec les biblioth\u00e8ques publiques &nbsp;du gouvernorat de l&rsquo;Ariana et l&rsquo;Association des fans des biblioth\u00e9caires et du livre, le Festival national du livre d&rsquo;\u00e9t\u00e9 \u00ab&nbsp;Massif El kiteb&nbsp;\u00bb sous le slogan \u00ab\u00a0\u00a0\u00bbNassem Al kira \u00ab\u00a0\u00a0\u00bb sous la direction de Mme Sonia JANSSI. Ce festival se d\u00e9roule du 22 juillet et se [&hellip;]<\/p>\n","protected":false},"author":4,"featured_media":42173,"comment_status":"open","ping_status":"closed","sticky":false,"template":"","format":"standard","meta":{"content-type":"","jnews-multi-image_gallery":[],"jnews_single_post":{"subtitle":"","format":"standard","video":"","gallery":"","source_name":"","source_url":"","via_name":"","via_url":"","override_template":"0","override":[{"template":"1","single_blog_custom":"","parallax":"1","fullscreen":"1","layout":"right-sidebar","sidebar":"default-sidebar","second_sidebar":"default-sidebar","sticky_sidebar":"1","share_position":"top","share_float_style":"share-monocrhome","show_share_counter":"1","show_view_counter":"1","show_featured":"1","show_post_meta":"1","show_post_author":"1","show_post_author_image":"1","show_post_date":"1","post_date_format":"default","post_date_format_custom":"Y\/m\/d","show_post_category":"1","show_post_reading_time":"0","post_reading_time_wpm":"300","show_zoom_button":"0","zoom_button_out_step":"2","zoom_button_in_step":"3","show_post_tag":"1","show_prev_next_post":"1","show_popup_post":"1","number_popup_post":"1","show_author_box":"0","show_post_related":"0","show_inline_post_related":"0"}],"override_image_size":"0","image_override":[{"single_post_thumbnail_size":"crop-500","single_post_gallery_size":"crop-500"}],"trending_post":"0","trending_post_position":"meta","trending_post_label":"Trending","sponsored_post":"0","sponsored_post_label":"Sponsored by","sponsored_post_name":"","sponsored_post_url":"","sponsored_post_logo_enable":"0","sponsored_post_logo":"","sponsored_post_desc":"","disable_ad":"0"},"jnews_primary_category":{"id":""},"jnews_override_bookmark_settings":[],"jnews_review":[],"enable_review":"","type":"","name":"","summary":"","brand":"","sku":"","good":[],"bad":[],"score_override":"","override_value":"","rating":[],"price":[],"jnews_post_split":[],"footnotes":""},"categories":[17],"tags":[8782,8783,8784],"class_list":["post-42172","post","type-post","status-publish","format-standard","has-post-thumbnail","hentry","category-entertainment","tag-festival-national-du-livre-dete","tag-lariana","tag-massif-el-kiteb"],"_links":{"self":[{"href":"https:\/\/www.africanchallenges.com\/index.php?rest_route=\/wp\/v2\/posts\/42172","targetHints":{"allow":["GET"]}}],"collection":[{"href":"https:\/\/www.africanchallenges.com\/index.php?rest_route=\/wp\/v2\/posts"}],"about":[{"href":"https:\/\/www.africanchallenges.com\/index.php?rest_route=\/wp\/v2\/types\/post"}],"author":[{"embeddable":true,"href":"https:\/\/www.africanchallenges.com\/index.php?rest_route=\/wp\/v2\/users\/4"}],"replies":[{"embeddable":true,"href":"https:\/\/www.africanchallenges.com\/index.php?rest_route=%2Fwp%2Fv2%2Fcomments&post=42172"}],"version-history":[{"count":12,"href":"https:\/\/www.africanchallenges.com\/index.php?rest_route=\/wp\/v2\/posts\/42172\/revisions"}],"predecessor-version":[{"id":42190,"href":"https:\/\/www.africanchallenges.com\/index.php?rest_route=\/wp\/v2\/posts\/42172\/revisions\/42190"}],"wp:featuredmedia":[{"embeddable":true,"href":"https:\/\/www.africanchallenges.com\/index.php?rest_route=\/wp\/v2\/media\/42173"}],"wp:attachment":[{"href":"https:\/\/www.africanchallenges.com\/index.php?rest_route=%2Fwp%2Fv2%2Fmedia&parent=42172"}],"wp:term":[{"taxonomy":"category","embeddable":true,"href":"https:\/\/www.africanchallenges.com\/index.php?rest_route=%2Fwp%2Fv2%2Fcategories&post=42172"},{"taxonomy":"post_tag","embeddable":true,"href":"https:\/\/www.africanchallenges.com\/index.php?rest_route=%2Fwp%2Fv2%2Ftags&post=42172"}],"curies":[{"name":"wp","href":"https:\/\/api.w.org\/{rel}","templated":true}]}}